{"id":249254,"date":"2016-07-25T17:09:18","date_gmt":"2016-07-25T17:09:18","guid":{"rendered":"http:\/\/diariodominicano.ddns.net\/?p=249254"},"modified":"2016-07-25T17:09:18","modified_gmt":"2016-07-25T17:09:18","slug":"alemania-rechaza-que-haya-sospecha-generalizada-hacia-los-refugiados","status":"publish","type":"post","link":"https:\/\/diariodominicano.com\/?p=249254","title":{"rendered":"Alemania rechaza que haya \u00absospecha generalizada\u00bb hacia los refugiados"},"content":{"rendered":"<p><body><\/p>\n<p><img decoding=\"async\" src=\"img3\/8208ee5baee27969ed1fff7c22f1829d44cd67f6.jpg\" \/><br \/><img decoding=\"async\" src=\"img3\/0293588686bb187d72311e253c9bc71aa1978585.jpg\" \/>  <\/p>\n<\/p>\n<p><strong>DPA\/AFP \/ Daniel Karmann<\/strong><\/p>\n<p><strong>Fuerzas especiales de la polic\u00eda bloquean una calle cerca de un lugar de acogida para refugiados, en Ansbach, sur de Alemania, el 25 de julio de 2016<\/strong><\/p>\n<p>El Gobierno alem\u00e1n rechaz\u00f3 este lunes cualquier \u00absospecha generalizada\u00bb hacia los refugiados tras las agresiones y atentados cometidos en los \u00faltimos d\u00edas por solicitantes de asilo en Alemania, uno de los cuales jur\u00f3 lealtad al grupo yihadista Estado Isl\u00e1mico (EI).<\/p>\n<p>Este \u00faltimo, un solicitante de asilo sirio de 27 a\u00f1os, se inmol\u00f3 el domingo haci\u00e9ndose explotar cerca de donde ten\u00eda lugar un festival de m\u00fasica al aire libre en Ansbach (sur), provocando 15 heridos, y cerrando as\u00ed una semana negra para el pa\u00eds.<\/p>\n<p>Las pruebas de su obediencia al EI fueron encontradas en un video grabado en su tel\u00e9fono m\u00f3vil.<\/p>\n<p>El sirio \u00abanunci\u00f3 expl\u00edcitamente\u00bb que actuaba \u00aben nombre de Al\u00e1\u00bb, y que \u00abhab\u00eda jurado lealtad (al jefe del EI), Abu Bakr al Bagdadi\u00bb, declar\u00f3 Joachim Hermann, ministro del Interior de Baviera.<\/p>\n<p>Asimismo \u00abadvirti\u00f3 expresamente una venganza contra los alemanes que se atraviesan en el camino del Islam\u00bb, a\u00f1adi\u00f3 el funcionario.<\/p>\n<p>M\u00e1s temprano, el ministro del Interior alem\u00e1n Thomas de Maizi\u00e8re, en una entrevista al grupo de prensa Funke, dijo que \u00abno debemos sospechar de los refugiados en forma generalizada aunque haya procedimientos en curso en casos aislados\u00bb.<\/p>\n<p>La portavoz adjunta del gobierno alem\u00e1n, Ulrike Demmer, se\u00f1al\u00f3 ante la prensa que el riesgo criminal que representan los refugiados en el pa\u00eds no es proporcionalmente \u00abm\u00e1s importante que en lo concerniente al resto de la poblaci\u00f3n\u00bb.<\/p>\n<\/p>\n<p>AFP \/ Tobias Schwarz<\/p>\n<p>El ministro del Interior alem\u00e1n, Thomas de Maiziere, hablando de los recientes ataques en Reutlingen y Ansbach, el 25 de julio de 2016 en Berl\u00edn<\/p>\n<p>Pero, el temor es grande para el gobierno de la canciller Angela Merkel al ver la aprehensi\u00f3n de buena parte de la poblaci\u00f3n ante los inmigrantes, que llegaron en n\u00famero r\u00e9cord el a\u00f1o pasado.<\/p>\n<p>Esta preocupaci\u00f3n creciente de la poblaci\u00f3n tras los acontecimientos de los \u00faltimos d\u00edas, se debe a que en estos casos estuvieron implicados solicitantes de asilo.<\/p>\n<p>La ola de agresiones contra mujeres la pasada noche de A\u00f1o Nuevo en Colonia (oeste), imputada a migrantes, indispuso a una parte importante de la opini\u00f3n p\u00fablica contra la generosa pol\u00edtica de apertura de Merkel hacia los refugiados.<\/p>\n<p>&#8211; &#8216;Un atentado suicida&#8217; &#8211;<\/p>\n<p>Antes de las \u00faltimas declaraciones de Hermann, persist\u00eda a\u00fan cierta confusi\u00f3n sobre el atentado de Ansbach, en Baviera (sur).<\/p>\n<p>El solicitante de asilo sirio, por carecer de entrada no logr\u00f3 acceder al recinto donde ten\u00eda lugar el festival de m\u00fasica pop al aire libre con 2.500 participantes, por lo que se hizo explotar en las cercan\u00edas provocando 15 heridos, cuatro de ellos de gravedad aunque ninguno se encuentra en peligro de muerte.<\/p>\n<p>\u00abSe trata desgraciadamente de un nuevo atentado terrible, que aumenta sin duda la inquietud de la gente\u00bb, hab\u00eda declarado Herrmann desde el lugar del atentado.<\/p>\n<p>Adem\u00e1s, se estableci\u00f3 que el autor del atentado, cuya solicitud de asilo fue rechazada hace un a\u00f1o, deb\u00eda ser expulsado hacia Bulgaria.<\/p>\n<p>\u00abSi hubiera logrado entrar al recinto, seguramente habr\u00eda m\u00e1s v\u00edctimas\u00bb, destac\u00f3 un responsable de la polic\u00eda local.<\/p>\n<p>El sirio, residente en un centro de acogida en Ansbach, hab\u00eda intentado suicidarse en dos ocasiones por lo que estuvo internado en una cl\u00ednica psiqui\u00e1trica. Adem\u00e1s era conocido de la polic\u00eda por un delito vinculado a las drogas.<\/p>\n<p>&#8211; Tensi\u00f3n tras la serie &#8216;negra&#8217; &#8211;<\/p>\n<p>Este atentado se produjo en un momento de gran tensi\u00f3n tanto en Alemania como en el resto de Europa, donde se vive un clima de temor por atentados yihadistas como los que se han producido en varias ocasiones este a\u00f1o (en la ciudad francesa de Niza el 14 de julio, en Bruselas el 22 de marzo), reivindicados por el grupo Estado Isl\u00e1mico (EI).<\/p>\n<p>La noche del viernes, un joven de 18 a\u00f1os con trastornos siqui\u00e1tricos y obsesionado por las matanzas en masa, mat\u00f3 a tiros a nueve personas en M\u00fanich.<\/p>\n<p>El pasado 18 de julio, un solicitante de asilo afgano de 17 a\u00f1os hiri\u00f3 con un hacha a cinco personas en un tren regional en Wurtzburgo, acto reivindicado en nombre del EI.<\/p>\n<p>No lejos de Baviera, en Reutlingen, un sirio de 21 a\u00f1os, tambi\u00e9n solicitante de asilo, mat\u00f3 el domingo de un machetazo en la cabeza a una mujer polaca con la que acababa de tener una discusi\u00f3n, y tambi\u00e9n hiri\u00f3 a tres personas, en lo que parec\u00eda ser un ataque pasional.<\/p>\n<p>Aunque las autoridades insisten en evitar las amalgamas, esta serie puede dar argumentos a quienes se oponen a la pol\u00edtica de apertura de la canciller Angela Merkel con los refugiados en 2015.<\/p>\n<p>Hermann dijo que le inquieta que \u00abel derecho de asilo se vea desacreditado\u00bb por lo sucedido en Ansbach.<\/p>\n<p>\u00abNo pudimos registrar y controlar a todos los migrantes que cruzaron la frontera alemana\u00bb, dijo a la BBC Stephan Mayer, responsable de la pol\u00edtica interior del partido conservador b\u00e1varo CSU.<\/p>\n<h6> 2016-07-25 17:09:18 <\/h6>\n<p><!--\n<link rel=\"stylesheet\" href=\"css\/bootstrap.min.css\">\n\n\n<ul class=\"pagination\">\n\t    \n\t\n\n<li >\n\t<a href='?page_no=18898'>Previous<\/a>\n\t<\/li>\n\n\n       \n    \n\n<li><a href='?page_no=1'>1<\/a><\/li>\n\n\n\n<li><a href='?page_no=2'>2<\/a><\/li>\n\n\n\n<li><a>...<\/a><\/li>\n\n\n\n<li><a href='?page_no=18897'>18897<\/a><\/li>\n\n\n\n<li><a href='?page_no=18898'>18898<\/a><\/li>\n\n\n\n<li class='active'><a>18899<\/a><\/li>\n\n\n\n<li><a href='?page_no=18900'>18900<\/a><\/li>\n\n\n\n<li><a href='?page_no=18901'>18901<\/a><\/li>\n\n\n\n<li><a>...<\/a><\/li>\n\n\n\n<li><a href='?page_no=51012'>51012<\/a><\/li>\n\n\n\n<li><a href='?page_no=51013'>51013<\/a><\/li>\n\n    \n\t\n\n<li >\n\t<a href='?page_no=18900'>Next<\/a>\n\t<\/li>\n\n\n    \n\n<li><a href='?page_no=51013'>Last &rsaquo;&rsaquo;<\/a><\/li>\n\n<\/ul>\n\n\n--><br \/>\n<\/body><\/p>\n","protected":false},"excerpt":{"rendered":"<p>DPA\/AFP \/ Daniel Karmann Fuerzas especiales de la polic\u00eda bloquean una calle cerca de un lugar de acogida para refugiados, en Ansbach, sur de Alemania, el 25 de julio de 2016 El Gobierno alem\u00e1n rechaz\u00f3 este lunes cualquier \u00absospecha generalizada\u00bb hacia los refugiados tras las agresiones y atentados cometidos en los \u00faltimos d\u00edas por solicitantes [&hellip;]<\/p>\n","protected":false},"author":3,"featured_media":0,"comment_status":"open","ping_status":"open","sticky":false,"template":"","format":"standard","meta":{"footnotes":""},"categories":[23],"tags":[],"class_list":["post-249254","post","type-post","status-publish","format-standard","hentry","category-internacional"],"_links":{"self":[{"href":"https:\/\/diariodominicano.com\/index.php?rest_route=\/wp\/v2\/posts\/249254","targetHints":{"allow":["GET"]}}],"collection":[{"href":"https:\/\/diariodominicano.com\/index.php?rest_route=\/wp\/v2\/posts"}],"about":[{"href":"https:\/\/diariodominicano.com\/index.php?rest_route=\/wp\/v2\/types\/post"}],"author":[{"embeddable":true,"href":"https:\/\/diariodominicano.com\/index.php?rest_route=\/wp\/v2\/users\/3"}],"replies":[{"embeddable":true,"href":"https:\/\/diariodominicano.com\/index.php?rest_route=%2Fwp%2Fv2%2Fcomments&post=249254"}],"version-history":[{"count":0,"href":"https:\/\/diariodominicano.com\/index.php?rest_route=\/wp\/v2\/posts\/249254\/revisions"}],"wp:attachment":[{"href":"https:\/\/diariodominicano.com\/index.php?rest_route=%2Fwp%2Fv2%2Fmedia&parent=249254"}],"wp:term":[{"taxonomy":"category","embeddable":true,"href":"https:\/\/diariodominicano.com\/index.php?rest_route=%2Fwp%2Fv2%2Fcategories&post=249254"},{"taxonomy":"post_tag","embeddable":true,"href":"https:\/\/diariodominicano.com\/index.php?rest_route=%2Fwp%2Fv2%2Ftags&post=249254"}],"curies":[{"name":"wp","href":"https:\/\/api.w.org\/{rel}","templated":true}]}}