{"id":249253,"date":"2016-07-25T17:16:31","date_gmt":"2016-07-25T17:16:31","guid":{"rendered":"http:\/\/diariodominicano.ddns.net\/?p=249253"},"modified":"2016-07-25T17:16:31","modified_gmt":"2016-07-25T17:16:31","slug":"ofensiva-contra-los-medios-en-turquia-mientras-erdogan-se-reune-con-la-oposicion","status":"publish","type":"post","link":"https:\/\/diariodominicano.com\/?p=249253","title":{"rendered":"Ofensiva contra los medios en Turqu\u00eda mientras Erdogan se re\u00fane con la oposici\u00f3n"},"content":{"rendered":"<p><body><\/p>\n<p><img decoding=\"async\" src=\"img3\/89f2641111e09986775927f88a48f23a8e76ecd6.jpg\" \/><br \/><img decoding=\"async\" src=\"img3\/ed0f7a690fc82ab270b53dd36811ccbce7fdc452.jpg\" \/><br \/><img decoding=\"async\" src=\"img3\/3f4558fe75c0eb187dcc0b1f5bd73bbbc22e2bc5.jpg\" \/>  <\/p>\n<p><strong>AFP \/ Ozan Kose<\/strong><\/p>\n<p><strong>Manifestantes vistos a trav\u00e9s de un agujero en la ventana de un hotel cerca de la plaza Taksim de Estambul, el 24 de julio de 2016, en una manifestaci\u00f3n interpartidaria para condenar el fallido golpe de Estado del d\u00eda 15<\/strong><\/p>\n<p>Las autoridades turcas anunciaron el lunes \u00f3rdenes de detenci\u00f3n contra m\u00e1s de 40 periodistas en una nueva fase de la purga contra sospechosos de participar en el fallido golpe de Estado, al tiempo que el presidente Recep Tayyip Erdogan recibi\u00f3 a la oposici\u00f3n.<\/p>\n<p>La justicia turca orden\u00f3 arrestar a 42 periodistas, pocas horas despu\u00e9s de decretar prisi\u00f3n preventiva para 40 militares en Estambul.<\/p>\n<p>Paralelamente y en un gesto a favor de la unidad poco habitual, Erdogan se reuni\u00f3 en el palacio presidencial con Kemal Kili\u00e7daroglu, l\u00edder de la formaci\u00f3n CHP (socialdem\u00f3crata), principal partido de oposici\u00f3n.<\/p>\n<p>El objetivo era agradecer la \u00abactitud determinada contra el golpe\u00bb. Aunque tambi\u00e9n invit\u00f3 a Devlet Bahceli (MHP, derecha), el l\u00edder del partido prokurdo HDP, acusado de apoyar el \u00abterrorismo\u00bb por sus v\u00ednculos con el Partido de los Trabajadores del Kurdist\u00e1n (PKK, rebeldes kurdos), qued\u00f3 fuera.<\/p>\n<p>La v\u00edspera, la principal formaci\u00f3n rival del islamoconservador AKP en el poder, el CHP, hab\u00eda organizado una gigantesca manifestaci\u00f3n con apoyo del gobierno en la emblem\u00e1tica plaza Taksim en Estambul para mostrar su rechazo al golpe.<\/p>\n<p>Tras el encuentro que dur\u00f3 tres horas, Kili\u00e7daroglu, quien hab\u00eda jurado antes que nunca pondr\u00eda los pies en el palacio presidencial, dijo a la cadena NTV que la entrevista hab\u00eda sido \u00abpositiva (para la) normalizaci\u00f3n\u00bb.<\/p>\n<\/p>\n<p>AFP \/ Ozan Kose<\/p>\n<p>Manifestantes en Estambul el 24 de julio de 2016 con un retrato de Mustaf\u00e1 Kemal Ataturk, fundador de la Turqu\u00eda moderna<\/p>\n<p>La oeneg\u00e9 Amnist\u00eda Internacional afirm\u00f3 el domingo que hab\u00eda reunido \u00abpruebas cre\u00edbles\u00bb de torturas y violaciones de personas detenidas tras el intento de golpe de 15 de julio, que dej\u00f3 270 muertos.<\/p>\n<p>La magnitud de la purga posterior ?13.000 personas en prisi\u00f3n preventiva, 5.800 detenidos y decenas de miles de funcionarios despedidos o suspendidos? provoca una gran inquietud dentro y fuera de Turqu\u00eda.<\/p>\n<p>&#8211; &#8216;Pagar\u00e1n el precio&#8217; &#8211;<\/p>\n<p>Entre los periodistas sobre los que pesa una orden de detenci\u00f3n se encuentra Nazli Ilicak, figura c\u00e9lebre en Turqu\u00eda, despedida del diario progubernamental Sabah en 2013 por haber criticado a ministros implicados en un esc\u00e1ndalo de corrupci\u00f3n, inform\u00f3 la agencia de prensa Anadolu.<\/p>\n<\/p>\n<p>AFP \/ Yasin Bulbul<\/p>\n<p>El presidente turco, Recep Tayyip Erdogan, se dirige al pueblo que se manfiestaba en Estambul desde la sede presidencial en Ankara, el 24 de julio de 2016, a trav\u00e9s de una videoconferencia<\/p>\n<p>Por el momento, cinco hab\u00edan sido detenidos y 11 se encontraban supuestamente en el extranjero, indic\u00f3 la agencia Dogan. La polic\u00eda buscaba a Ilicak en el centro de la ciudad costera de Bodrum.<\/p>\n<p>El 19 de julio, el regulador turco de los medios audiovisuales hab\u00eda retirado la licencia de emisi\u00f3n a numerosas cadenas de televisi\u00f3n y radio sospechosas de respaldar a la red del predicador Fethullah G\u00fclen, exiliado en Estos Unidos desde 1999 y acusado de instigar el golpe, aunque \u00e9l lo ha desmentido.<\/p>\n<p>El s\u00e1bado, el presidente Erdogan hab\u00eda advertido en una entrevista a la televisi\u00f3n France 24 que si \u00ablos medios apoyan el golpe de Estado, sean medios audiovisuales o de otro tipo, pagar\u00e1n un precio\u00bb.<\/p>\n<p>Adem\u00e1s, 31 intelectuales y profesores fueron detenidos en una operaci\u00f3n en Estambul por sus supuestos v\u00ednculos con G\u00fclen.<\/p>\n<p>El jueves, el estado de emergencia fue instaurado por primera vez en 15 a\u00f1os en Turqu\u00eda, donde los d\u00edas de prisi\u00f3n preventiva legal han pasado de cuatro a 30 y se han disuelto m\u00e1s de 2.000 instituciones.<\/p>\n<p>&#8211; Despidos en Turkish Airlines &#8211;<\/p>\n<p>Detenida el s\u00e1bado por la noche, la segunda mujer convertida en piloto militar en Turqu\u00eda, Kerime Kumas, reconoci\u00f3 haber pilotado un helic\u00f3ptero que transport\u00f3 a golpistas, aunque asegur\u00f3 que en aquel momento no sab\u00eda que se trataban de un golpe de Estado.<\/p>\n<p>El jefe del Estado Mayor del ej\u00e9rcito turco, Hulusi Akar, que se enfrent\u00f3 a los golpistas y fue tomado como reh\u00e9n, dijo a los investigadores en un comunicado que los generales rebeldes le hab\u00edan ofrecido hablar personalmente con G\u00fclen si se un\u00eda a ellos.<\/p>\n<p>Adem\u00e1s, tres militares sospechosos de haber formado parte del comando que atac\u00f3 el hotel de M\u00e1rmara (oeste) donde se encontraba de vacaciones el presidente turco la noche del golpe abortado fueron puestos en prisi\u00f3n preventiva.<\/p>\n<p>Tras diez d\u00edas de huida, los tres soldados fueron capturados en un control de carretera en el marco de una vasta operaci\u00f3n. Otros cuatro segu\u00edan en b\u00fasqueda y captura.<\/p>\n<p>En tanto, la compa\u00f1\u00eda nacional turca Turkish Airlines anunci\u00f3 el lunes el despido de 211 empleados por sus supuestos v\u00ednculos con G\u00fclen.<\/p>\n<h6> 2016-07-25 17:16:31 <\/h6>\n<p><!--\n<link rel=\"stylesheet\" href=\"css\/bootstrap.min.css\">\n\n\n<ul class=\"pagination\">\n\t    \n\t\n\n<li >\n\t<a href='?page_no=18897'>Previous<\/a>\n\t<\/li>\n\n\n       \n    \n\n<li><a href='?page_no=1'>1<\/a><\/li>\n\n\n\n<li><a href='?page_no=2'>2<\/a><\/li>\n\n\n\n<li><a>...<\/a><\/li>\n\n\n\n<li><a href='?page_no=18896'>18896<\/a><\/li>\n\n\n\n<li><a href='?page_no=18897'>18897<\/a><\/li>\n\n\n\n<li class='active'><a>18898<\/a><\/li>\n\n\n\n<li><a href='?page_no=18899'>18899<\/a><\/li>\n\n\n\n<li><a href='?page_no=18900'>18900<\/a><\/li>\n\n\n\n<li><a>...<\/a><\/li>\n\n\n\n<li><a href='?page_no=51012'>51012<\/a><\/li>\n\n\n\n<li><a href='?page_no=51013'>51013<\/a><\/li>\n\n    \n\t\n\n<li >\n\t<a href='?page_no=18899'>Next<\/a>\n\t<\/li>\n\n\n    \n\n<li><a href='?page_no=51013'>Last &rsaquo;&rsaquo;<\/a><\/li>\n\n<\/ul>\n\n\n--><br \/>\n<\/body><\/p>\n","protected":false},"excerpt":{"rendered":"<p>AFP \/ Ozan Kose Manifestantes vistos a trav\u00e9s de un agujero en la ventana de un hotel cerca de la plaza Taksim de Estambul, el 24 de julio de 2016, en una manifestaci\u00f3n interpartidaria para condenar el fallido golpe de Estado del d\u00eda 15 Las autoridades turcas anunciaron el lunes \u00f3rdenes de detenci\u00f3n contra m\u00e1s [&hellip;]<\/p>\n","protected":false},"author":3,"featured_media":0,"comment_status":"open","ping_status":"open","sticky":false,"template":"","format":"standard","meta":{"footnotes":""},"categories":[23],"tags":[],"class_list":["post-249253","post","type-post","status-publish","format-standard","hentry","category-internacional"],"_links":{"self":[{"href":"https:\/\/diariodominicano.com\/index.php?rest_route=\/wp\/v2\/posts\/249253","targetHints":{"allow":["GET"]}}],"collection":[{"href":"https:\/\/diariodominicano.com\/index.php?rest_route=\/wp\/v2\/posts"}],"about":[{"href":"https:\/\/diariodominicano.com\/index.php?rest_route=\/wp\/v2\/types\/post"}],"author":[{"embeddable":true,"href":"https:\/\/diariodominicano.com\/index.php?rest_route=\/wp\/v2\/users\/3"}],"replies":[{"embeddable":true,"href":"https:\/\/diariodominicano.com\/index.php?rest_route=%2Fwp%2Fv2%2Fcomments&post=249253"}],"version-history":[{"count":0,"href":"https:\/\/diariodominicano.com\/index.php?rest_route=\/wp\/v2\/posts\/249253\/revisions"}],"wp:attachment":[{"href":"https:\/\/diariodominicano.com\/index.php?rest_route=%2Fwp%2Fv2%2Fmedia&parent=249253"}],"wp:term":[{"taxonomy":"category","embeddable":true,"href":"https:\/\/diariodominicano.com\/index.php?rest_route=%2Fwp%2Fv2%2Fcategories&post=249253"},{"taxonomy":"post_tag","embeddable":true,"href":"https:\/\/diariodominicano.com\/index.php?rest_route=%2Fwp%2Fv2%2Ftags&post=249253"}],"curies":[{"name":"wp","href":"https:\/\/api.w.org\/{rel}","templated":true}]}}