{"id":249252,"date":"2016-07-25T18:07:05","date_gmt":"2016-07-25T18:07:05","guid":{"rendered":"http:\/\/diariodominicano.ddns.net\/?p=249252"},"modified":"2016-07-25T18:07:05","modified_gmt":"2016-07-25T18:07:05","slug":"hispanos-marchan-para-que-finalicen-las-deportaciones","status":"publish","type":"post","link":"https:\/\/diariodominicano.com\/?p=249252","title":{"rendered":"Hispanos marchan para que finalicen las deportaciones"},"content":{"rendered":"<p><body><\/p>\n<p><img decoding=\"async\" src=\"img3\/hispano.jpg\" \/>  <\/p>\n<p>Por The Associated Press<\/p>\n<\/p>\n<p>Clinton ha dicho que defender\u00e1 los programas de alivio migratorio promovidos por el mandatario. (EFE)<\/p>\n<\/p>\n<p><strong>FILADELFIA, 25 de julio de 2016 &#8211; 4:03 PM &#8211;<\/strong> Horas antes de que arrancara la Convenci\u00f3n Dem\u00f3crata en Filadelfia, inmigrantes y activistas marcharon por el centro de la ciudad para pedir un fin a las deportaciones y presionar a la precandidata dem\u00f3crata Hillary Clinton para que exija lo mismo.<\/p>\n<\/p>\n<p>Al grito de \u00ab\u00a1Aqu\u00ed estamos y no nos vamos!\u00bb y con carteles que dec\u00edan \u00abNing\u00fan ser humano es ilegal\u00bb, los manifestantes desafiaron el calor y caminaron desde Capitolo Park hasta el ayuntamiento para denunciar la separaci\u00f3n de familias inmigrantes.<\/p>\n<\/p>\n<p>\u00abLa se\u00f1ora Clinton tiene la oportunidad de demostrar que no sigue la pol\u00edtica racista y xen\u00f3foba de Donald Trump\u00bb, dijo Rosi Carrasco, una inmigrante mexicana en referencia al candidato republicano a la presidencia.<\/p>\n<\/p>\n<p>\u00abClinton puede hacer un llamado para parar las deportaciones. No podemos esperar a las elecciones de noviembre. Tiene que ser ahora\u00bb, agreg\u00f3 Carrasco, que no tiene autorizaci\u00f3n para vivir en Estados Unidos y que viaj\u00f3 desde Chicago para participar en la protesta.<\/p>\n<\/p>\n<p>Durante la presidencia de Barack Obama, m\u00e1s de 2.4 millones de personas han sido deportadas, lo que representa casi lo mismo que la cifra total de expulsados durante las de sus dos predecesores.<\/p>\n<\/p>\n<p>Los manifestantes portaban carteles que ten\u00edan pintadas mariposas naranjas en representaci\u00f3n de las mariposas Monarca que realizan largas migraciones. Algunos de los grupos organizadores de la protesta fueron Juntos, Se Hace Camino Pennsylvania, Comunidades Organizadas en Contra de las Deportaciones y la Alianza Latina de Georgia para los Derechos Humanos.<\/p>\n<\/p>\n<p>\u00abEstamos cansados ya de tanta discriminaci\u00f3n, no solamente en las calles sino en la casa, con las personas a las que rentamos, en la escuela con nuestros hijos, en donde sea. No hay derecho de ese trato\u00bb, dijo la mexicana Mar\u00eda Hern\u00e1ndez, que vive sin autorizaci\u00f3n en Filadelfia.<\/p>\n<\/p>\n<p>\u00abEsperamos que, con la convenci\u00f3n aqu\u00ed, nos hagan m\u00e1s caso\u00bb, dijo Hern\u00e1ndez, que iba acompa\u00f1ada de su hijo de 13 a\u00f1os Erick P\u00e9rez, nacido en Estados Unidos.<\/p>\n<\/p>\n<p> \u00abTenemos la esperanza de que seamos vistos por lo que somos. Personas que estamos aqu\u00ed luchando y que no estamos cometiendo ning\u00fan delito\u00bb.<\/p>\n<\/p>\n<p>Los manifestantes se declararon tambi\u00e9n en contra de las detenciones de inmigrantes y familias centroamericanas que cruzan la frontera con Estados Unidos ilegalmente tras huir de la pobreza y la violencia que azota sus pa\u00edses de origen.<\/p>\n<\/p>\n<p>Portavoces de la convenci\u00f3n han dicho que los dem\u00f3cratas dejaron claro en el borrador de la plataforma del partido que defender los derechos de los inmigrantes sin autorizaci\u00f3n es una de sus prioridades. Portavoces de Clinton no respondieron de forma inmediata a una solicitud de respuesta por parte de Associated Press.<\/p>\n<\/p>\n<p>A pesar del alto n\u00famero de deportaciones, Obama ha impuesto un programa de alivio migratorio que suspende temporalmente la expulsi\u00f3n de j\u00f3venes que fueron tra\u00eddos ilegalmente a Estados Unidos por sus familias cuando eran ni\u00f1os. M\u00e1s de 730,000 j\u00f3venes se han beneficiado del plan.<\/p>\n<\/p>\n<p>Clinton ha dicho que defender\u00e1 los programas de alivio migratorio promovidos por el mandatario y que, si la ley se lo permite, propondr\u00e1 planes adicionales para proteger a familias de la deportaci\u00f3n. Tambi\u00e9n ha prometido presentar un plan de reforma migratoria con v\u00edas a lograr la ciudadan\u00eda estadounidense en sus primeros 100 d\u00edas en la Casa Blanca.<\/p>\n<\/p>\n<p>La convenci\u00f3n empieza hoy y finalizar\u00e1 el jueves. Se espera que esta noche varias inmigrantes hispanas sin autorizaci\u00f3n participen como oradoras en el acontecimiento.<\/p>\n<\/p>\n<h6> 2016-07-25 18:07:05 <\/h6>\n<p><!--\n<link rel=\"stylesheet\" href=\"css\/bootstrap.min.css\">\n\n\n<ul class=\"pagination\">\n\t    \n\t\n\n<li >\n\t<a href='?page_no=18896'>Previous<\/a>\n\t<\/li>\n\n\n       \n    \n\n<li><a href='?page_no=1'>1<\/a><\/li>\n\n\n\n<li><a href='?page_no=2'>2<\/a><\/li>\n\n\n\n<li><a>...<\/a><\/li>\n\n\n\n<li><a href='?page_no=18895'>18895<\/a><\/li>\n\n\n\n<li><a href='?page_no=18896'>18896<\/a><\/li>\n\n\n\n<li class='active'><a>18897<\/a><\/li>\n\n\n\n<li><a href='?page_no=18898'>18898<\/a><\/li>\n\n\n\n<li><a href='?page_no=18899'>18899<\/a><\/li>\n\n\n\n<li><a>...<\/a><\/li>\n\n\n\n<li><a href='?page_no=51012'>51012<\/a><\/li>\n\n\n\n<li><a href='?page_no=51013'>51013<\/a><\/li>\n\n    \n\t\n\n<li >\n\t<a href='?page_no=18898'>Next<\/a>\n\t<\/li>\n\n\n    \n\n<li><a href='?page_no=51013'>Last &rsaquo;&rsaquo;<\/a><\/li>\n\n<\/ul>\n\n\n--><br \/>\n<\/body><\/p>\n","protected":false},"excerpt":{"rendered":"<p>Por The Associated Press Clinton ha dicho que defender\u00e1 los programas de alivio migratorio promovidos por el mandatario. (EFE) FILADELFIA, 25 de julio de 2016 &#8211; 4:03 PM &#8211; Horas antes de que arrancara la Convenci\u00f3n Dem\u00f3crata en Filadelfia, inmigrantes y activistas marcharon por el centro de la ciudad para pedir un fin a las [&hellip;]<\/p>\n","protected":false},"author":3,"featured_media":0,"comment_status":"open","ping_status":"open","sticky":false,"template":"","format":"standard","meta":{"footnotes":""},"categories":[23],"tags":[],"class_list":["post-249252","post","type-post","status-publish","format-standard","hentry","category-internacional"],"_links":{"self":[{"href":"https:\/\/diariodominicano.com\/index.php?rest_route=\/wp\/v2\/posts\/249252","targetHints":{"allow":["GET"]}}],"collection":[{"href":"https:\/\/diariodominicano.com\/index.php?rest_route=\/wp\/v2\/posts"}],"about":[{"href":"https:\/\/diariodominicano.com\/index.php?rest_route=\/wp\/v2\/types\/post"}],"author":[{"embeddable":true,"href":"https:\/\/diariodominicano.com\/index.php?rest_route=\/wp\/v2\/users\/3"}],"replies":[{"embeddable":true,"href":"https:\/\/diariodominicano.com\/index.php?rest_route=%2Fwp%2Fv2%2Fcomments&post=249252"}],"version-history":[{"count":0,"href":"https:\/\/diariodominicano.com\/index.php?rest_route=\/wp\/v2\/posts\/249252\/revisions"}],"wp:attachment":[{"href":"https:\/\/diariodominicano.com\/index.php?rest_route=%2Fwp%2Fv2%2Fmedia&parent=249252"}],"wp:term":[{"taxonomy":"category","embeddable":true,"href":"https:\/\/diariodominicano.com\/index.php?rest_route=%2Fwp%2Fv2%2Fcategories&post=249252"},{"taxonomy":"post_tag","embeddable":true,"href":"https:\/\/diariodominicano.com\/index.php?rest_route=%2Fwp%2Fv2%2Ftags&post=249252"}],"curies":[{"name":"wp","href":"https:\/\/api.w.org\/{rel}","templated":true}]}}