{"id":249251,"date":"2016-07-25T18:53:02","date_gmt":"2016-07-25T18:53:02","guid":{"rendered":"http:\/\/diariodominicano.ddns.net\/?p=249251"},"modified":"2016-07-25T18:53:02","modified_gmt":"2016-07-25T18:53:02","slug":"quince-muertos-por-ataque-con-cuchillo-en-japon","status":"publish","type":"post","link":"https:\/\/diariodominicano.com\/?p=249251","title":{"rendered":"Quince muertos por ataque con cuchillo en Jap\u00f3n"},"content":{"rendered":"<p><body><\/p>\n<p><img decoding=\"async\" src=\"img3\/japon0.jpg\" \/>  <\/p>\n<p><strong>De acuerdo con la informaci\u00f3n, la polic\u00eda arrest\u00f3 a un hombre armado con un cuchillo despu\u00e9s de que se entregara.<\/strong><\/p>\n<\/p>\n<p>Actualizado en: lunes, 25 de julio de 2016 &#8211; 6:24 PM<\/p>\n<p>Por The Associated Press<\/p>\n<\/p>\n<p>Medios informaron que el detenido, de 26 a\u00f1os, fue empleado del lugar. (AP)<\/p>\n<p><strong>TOKIO, 25 de julio de 2016 &#8211; 5:35 PM ?<\/strong> La radiodifusora japonesa NHK inform\u00f3 que 15 personas fueron asesinadas y 45 m\u00e1s resultaron heridas durante un ataque con cuchillo en un centro para discapacitados en Sagamihara, en las afueras de Tokio.<\/p>\n<\/p>\n<p>De acuerdo con la informaci\u00f3n, la polic\u00eda arrest\u00f3 a un hombre armado con un cuchillo despu\u00e9s de que se entregara.<\/p>\n<\/p>\n<p>NHK dijo que el detenido, de 26 a\u00f1os, fue empleado del lugar.<\/p>\n<\/p>\n<p>Im\u00e1genes de televisi\u00f3n mostraban varias ambulancias estacionadas afuera del lugar, y a personal de emergencias corriendo hacia dentro y hacia afuera.<\/p>\n<\/p>\n<p>La agencia noticiosa Kyodo hab\u00eda dicho que eran 19 los fallecidos y 20 los heridos.<\/p>\n<\/p>\n<h6> 2016-07-25 18:53:02 <\/h6>\n<p><!--\n<link rel=\"stylesheet\" href=\"css\/bootstrap.min.css\">\n\n\n<ul class=\"pagination\">\n\t    \n\t\n\n<li >\n\t<a href='?page_no=18895'>Previous<\/a>\n\t<\/li>\n\n\n       \n    \n\n<li><a href='?page_no=1'>1<\/a><\/li>\n\n\n\n<li><a href='?page_no=2'>2<\/a><\/li>\n\n\n\n<li><a>...<\/a><\/li>\n\n\n\n<li><a href='?page_no=18894'>18894<\/a><\/li>\n\n\n\n<li><a href='?page_no=18895'>18895<\/a><\/li>\n\n\n\n<li class='active'><a>18896<\/a><\/li>\n\n\n\n<li><a href='?page_no=18897'>18897<\/a><\/li>\n\n\n\n<li><a href='?page_no=18898'>18898<\/a><\/li>\n\n\n\n<li><a>...<\/a><\/li>\n\n\n\n<li><a href='?page_no=51012'>51012<\/a><\/li>\n\n\n\n<li><a href='?page_no=51013'>51013<\/a><\/li>\n\n    \n\t\n\n<li >\n\t<a href='?page_no=18897'>Next<\/a>\n\t<\/li>\n\n\n    \n\n<li><a href='?page_no=51013'>Last &rsaquo;&rsaquo;<\/a><\/li>\n\n<\/ul>\n\n\n--><br \/>\n<\/body><\/p>\n","protected":false},"excerpt":{"rendered":"<p>De acuerdo con la informaci\u00f3n, la polic\u00eda arrest\u00f3 a un hombre armado con un cuchillo despu\u00e9s de que se entregara. Actualizado en: lunes, 25 de julio de 2016 &#8211; 6:24 PM Por The Associated Press Medios informaron que el detenido, de 26 a\u00f1os, fue empleado del lugar. (AP) TOKIO, 25 de julio de 2016 &#8211; [&hellip;]<\/p>\n","protected":false},"author":3,"featured_media":0,"comment_status":"open","ping_status":"open","sticky":false,"template":"","format":"standard","meta":{"footnotes":""},"categories":[23],"tags":[],"class_list":["post-249251","post","type-post","status-publish","format-standard","hentry","category-internacional"],"_links":{"self":[{"href":"https:\/\/diariodominicano.com\/index.php?rest_route=\/wp\/v2\/posts\/249251","targetHints":{"allow":["GET"]}}],"collection":[{"href":"https:\/\/diariodominicano.com\/index.php?rest_route=\/wp\/v2\/posts"}],"about":[{"href":"https:\/\/diariodominicano.com\/index.php?rest_route=\/wp\/v2\/types\/post"}],"author":[{"embeddable":true,"href":"https:\/\/diariodominicano.com\/index.php?rest_route=\/wp\/v2\/users\/3"}],"replies":[{"embeddable":true,"href":"https:\/\/diariodominicano.com\/index.php?rest_route=%2Fwp%2Fv2%2Fcomments&post=249251"}],"version-history":[{"count":0,"href":"https:\/\/diariodominicano.com\/index.php?rest_route=\/wp\/v2\/posts\/249251\/revisions"}],"wp:attachment":[{"href":"https:\/\/diariodominicano.com\/index.php?rest_route=%2Fwp%2Fv2%2Fmedia&parent=249251"}],"wp:term":[{"taxonomy":"category","embeddable":true,"href":"https:\/\/diariodominicano.com\/index.php?rest_route=%2Fwp%2Fv2%2Fcategories&post=249251"},{"taxonomy":"post_tag","embeddable":true,"href":"https:\/\/diariodominicano.com\/index.php?rest_route=%2Fwp%2Fv2%2Ftags&post=249251"}],"curies":[{"name":"wp","href":"https:\/\/api.w.org\/{rel}","templated":true}]}}