{"id":249250,"date":"2016-07-26T08:38:35","date_gmt":"2016-07-26T08:38:35","guid":{"rendered":"http:\/\/diariodominicano.ddns.net\/?p=249250"},"modified":"2016-07-26T08:38:35","modified_gmt":"2016-07-26T08:38:35","slug":"ataque-con-cuchillo-en-japon-deja-al-menos-19-muertos","status":"publish","type":"post","link":"https:\/\/diariodominicano.com\/?p=249250","title":{"rendered":"Ataque con cuchillo en Jap\u00f3n deja al menos 19 muertos"},"content":{"rendered":"<p><body><\/p>\n<p><img decoding=\"async\" src=\"img3\/japan26-7.jpg\" \/>  <\/p>\n<p><span class=\"text1noticias\">TOKIO, 26 jul (Xinhua) &#8212; Un total de 19 personas murieron y cerca de 30 resultaron heridas, 20 de gravedad, a primeras horas del martes en un ataque fatal protagonizado por un hombre armado con un cuchillo en un centro para discapacitados en la prefectura japonesa de Kanagawa, al oeste de Tokio, dijeron la polic\u00eda local y fuentes de investigaci\u00f3n.<\/span><\/p>\n<p><span class=\"text1noticias\"> <\/span><\/p>\n<p><span class=\"text1noticias\">     La polic\u00eda de la prefectura de Kanagawa confirm\u00f3 que el ciudadano Satoshi Uematsu, de 26 a\u00f1os de edad, se hab\u00eda entregado a las 03:00 a.m. hora local, poco despu\u00e9s de la matanza, reconociendo que \u00ablo hice\u00bb a su llegada a la Estaci\u00f3n de Polic\u00eda de Tsukui.<\/span><\/p>\n<p><span class=\"text1noticias\"> <\/span><\/p>\n<p><span class=\"text1noticias\">     Uematsu tambi\u00e9n dijo que \u00abes mejor que desaparezcan los discapacitados\u00bb, seg\u00fan declaraciones citadas por la polic\u00eda.<\/span><\/p>\n<p><span class=\"text1noticias\"> <\/span><\/p>\n<p><span class=\"text1noticias\">     Fuentes de la investigaci\u00f3n creen que el agresor, quien afirm\u00f3 que trabaj\u00f3 en el centro de atenci\u00f3n Yamayuri En de Tsukui, donde apaleaba sistem\u00e1ticamente a decenas de residentes discapacitados, podr\u00eda sentir un profundo resentimiento contra esas personas o el centro mismo.<\/span><\/p>\n<p><span class=\"text1noticias\"> <\/span><\/p>\n<p><span class=\"text1noticias\">     Su motivo real, sin embargo, todav\u00eda est\u00e1 siendo investigado, seg\u00fan los investigadores locales.<\/span><\/p>\n<p><span class=\"text1noticias\"> <\/span><\/p>\n<p><span class=\"text1noticias\">     Uematsu, quien llevaba una bolsa llena de cuchillos y hojas ensangrentados de diferentes tama\u00f1os y que dijo vivir no muy lejos del centro de atenci\u00f3n, tambi\u00e9n est\u00e1 siendo evaluado por un psiquiatra, dijeron el martes las fuentes allegadas al incidente.<\/span><\/p>\n<p><span class=\"text1noticias\"> <\/span><\/p>\n<p><span class=\"text1noticias\">     La polic\u00eda fue alertada primero por el asesinato en masa, y seguidamente recibi\u00f3 la llamada desesperada de un empleado del centro justo despu\u00e9s de las 02:30 a.m. hora local, informando que un hombre armado con un cuchillo hab\u00eda entrado en el edificio.<\/span><\/p>\n<p><span class=\"text1noticias\"> <\/span><\/p>\n<p><span class=\"text1noticias\">     Tras entregarse a la polic\u00eda, Uematsu fue arrestado como sospechoso de intento de homicidio y entrada ilegal en un edificio, de acuerdo con fuentes policiales locales.<\/span><\/p>\n<p><span class=\"text1noticias\"> <\/span><\/p>\n<p><span class=\"text1noticias\">     El centro residencial de atenci\u00f3n, cuyo nombre se traduce como \u00abJard\u00edn de Azucenas de Tsukui\u00bb, ahora es administrado por una organizaci\u00f3n de bienestar social. En un inicio, su funcionamiento estaba a cargo del gobierno local.<\/span><\/p>\n<p><span class=\"text1noticias\"> <\/span><\/p>\n<p><span class=\"text1noticias\">     La instalaci\u00f3n, con una superficie de 30.000 metros cuadrados, tiene capacidad para alojar a un m\u00e1ximo de 160 personas. Seg\u00fan revelaron fuentes locales, un total de 149 residentes se encontraban en el interior del centro en el momento del ataque, en su mayor\u00eda ancianos de m\u00e1s de 60 a\u00f1os.<\/span><\/p>\n<p><span class=\"text1noticias\"> <\/span><\/p>\n<p><span class=\"text1noticias\">     El centro se ubica a unos 50 metros del centro de Tokio en una zona residencial rodeada por viviendas y una escuela<\/span> primaria. <\/p>\n<h6> 2016-07-26 08:38:35 <\/h6>\n<p><!--\n<link rel=\"stylesheet\" href=\"css\/bootstrap.min.css\">\n\n\n<ul class=\"pagination\">\n\t    \n\t\n\n<li >\n\t<a href='?page_no=18894'>Previous<\/a>\n\t<\/li>\n\n\n       \n    \n\n<li><a href='?page_no=1'>1<\/a><\/li>\n\n\n\n<li><a href='?page_no=2'>2<\/a><\/li>\n\n\n\n<li><a>...<\/a><\/li>\n\n\n\n<li><a href='?page_no=18893'>18893<\/a><\/li>\n\n\n\n<li><a href='?page_no=18894'>18894<\/a><\/li>\n\n\n\n<li class='active'><a>18895<\/a><\/li>\n\n\n\n<li><a href='?page_no=18896'>18896<\/a><\/li>\n\n\n\n<li><a href='?page_no=18897'>18897<\/a><\/li>\n\n\n\n<li><a>...<\/a><\/li>\n\n\n\n<li><a href='?page_no=51012'>51012<\/a><\/li>\n\n\n\n<li><a href='?page_no=51013'>51013<\/a><\/li>\n\n    \n\t\n\n<li >\n\t<a href='?page_no=18896'>Next<\/a>\n\t<\/li>\n\n\n    \n\n<li><a href='?page_no=51013'>Last &rsaquo;&rsaquo;<\/a><\/li>\n\n<\/ul>\n\n\n--><br \/>\n<\/body><\/p>\n","protected":false},"excerpt":{"rendered":"<p>TOKIO, 26 jul (Xinhua) &#8212; Un total de 19 personas murieron y cerca de 30 resultaron heridas, 20 de gravedad, a primeras horas del martes en un ataque fatal protagonizado por un hombre armado con un cuchillo en un centro para discapacitados en la prefectura japonesa de Kanagawa, al oeste de Tokio, dijeron la polic\u00eda [&hellip;]<\/p>\n","protected":false},"author":3,"featured_media":0,"comment_status":"open","ping_status":"open","sticky":false,"template":"","format":"standard","meta":{"footnotes":""},"categories":[23],"tags":[],"class_list":["post-249250","post","type-post","status-publish","format-standard","hentry","category-internacional"],"_links":{"self":[{"href":"https:\/\/diariodominicano.com\/index.php?rest_route=\/wp\/v2\/posts\/249250","targetHints":{"allow":["GET"]}}],"collection":[{"href":"https:\/\/diariodominicano.com\/index.php?rest_route=\/wp\/v2\/posts"}],"about":[{"href":"https:\/\/diariodominicano.com\/index.php?rest_route=\/wp\/v2\/types\/post"}],"author":[{"embeddable":true,"href":"https:\/\/diariodominicano.com\/index.php?rest_route=\/wp\/v2\/users\/3"}],"replies":[{"embeddable":true,"href":"https:\/\/diariodominicano.com\/index.php?rest_route=%2Fwp%2Fv2%2Fcomments&post=249250"}],"version-history":[{"count":0,"href":"https:\/\/diariodominicano.com\/index.php?rest_route=\/wp\/v2\/posts\/249250\/revisions"}],"wp:attachment":[{"href":"https:\/\/diariodominicano.com\/index.php?rest_route=%2Fwp%2Fv2%2Fmedia&parent=249250"}],"wp:term":[{"taxonomy":"category","embeddable":true,"href":"https:\/\/diariodominicano.com\/index.php?rest_route=%2Fwp%2Fv2%2Fcategories&post=249250"},{"taxonomy":"post_tag","embeddable":true,"href":"https:\/\/diariodominicano.com\/index.php?rest_route=%2Fwp%2Fv2%2Ftags&post=249250"}],"curies":[{"name":"wp","href":"https:\/\/api.w.org\/{rel}","templated":true}]}}