{"id":249248,"date":"2016-07-26T09:04:57","date_gmt":"2016-07-26T09:04:57","guid":{"rendered":"http:\/\/diariodominicano.ddns.net\/?p=249248"},"modified":"2016-07-26T09:04:57","modified_gmt":"2016-07-26T09:04:57","slug":"al-menos-13-muertos-en-explosion-doble-cerca-aeropuerto-de-mogadiscio","status":"publish","type":"post","link":"https:\/\/diariodominicano.com\/?p=249248","title":{"rendered":"Al menos 13 muertos en explosi\u00f3n doble cerca aeropuerto de Mogadiscio"},"content":{"rendered":"<p><body><\/p>\n<p>   MOGADISCIO, 26 jul (Xinhua) &#8212; Al menos 13 personas, en su mayor\u00eda contratistas de la ONU, murieron y otras cinco resultaron heridas en dos explosiones ocurridas este martes cerca del aeropuerto en Mogadiscio, confirmaron funcionarios de seguridad.<\/p>\n<\/p>\n<p>     El jefe policial, Bishar Gedi, dijo a la prensa que la mayor\u00eda de las v\u00edctimas eran contratistas de la ONU, quienes operan cerca del lugar del atentado.<\/p>\n<\/p>\n<p>     Adem\u00e1s, el oficial policial Addifitah Ahmed dijo a Xinhua que la primera explosi\u00f3n alcanz\u00f3 la entrada del aeropuerto y la segunda un puesto de control cercano.<\/p>\n<\/p>\n<p>     No se han confirmado las nacionalidades de las v\u00edctimas.<\/p>\n<\/p>\n<p>     \u00abO\u00ed dos fuertes explosiones y hab\u00eda cuerpos de personas esparcidos por el lugar\u00bb, narr\u00f3 a Xinhua un testigo, Saido Sheikh, quien estaba vendiendo el t\u00e9 cerca del aeropuerto.<\/p>\n<\/p>\n<p>     Las fuerzas de seguridad ha acordonado la zona para proteger el aeropuerto.<\/p>\n<\/p>\n<p>     Al-Shabaab, un grupo terrorista yihadista radicado en Africa Oriental, en el cuerno de Africa, ha reivindicado la responsabilidad del atentado.<\/p>\n<h6> 2016-07-26 09:04:57 <\/h6>\n<p><!--\n<link rel=\"stylesheet\" href=\"css\/bootstrap.min.css\">\n\n\n<ul class=\"pagination\">\n\t    \n\t\n\n<li >\n\t<a href='?page_no=18892'>Previous<\/a>\n\t<\/li>\n\n\n       \n    \n\n<li><a href='?page_no=1'>1<\/a><\/li>\n\n\n\n<li><a href='?page_no=2'>2<\/a><\/li>\n\n\n\n<li><a>...<\/a><\/li>\n\n\n\n<li><a href='?page_no=18891'>18891<\/a><\/li>\n\n\n\n<li><a href='?page_no=18892'>18892<\/a><\/li>\n\n\n\n<li class='active'><a>18893<\/a><\/li>\n\n\n\n<li><a href='?page_no=18894'>18894<\/a><\/li>\n\n\n\n<li><a href='?page_no=18895'>18895<\/a><\/li>\n\n\n\n<li><a>...<\/a><\/li>\n\n\n\n<li><a href='?page_no=51012'>51012<\/a><\/li>\n\n\n\n<li><a href='?page_no=51013'>51013<\/a><\/li>\n\n    \n\t\n\n<li >\n\t<a href='?page_no=18894'>Next<\/a>\n\t<\/li>\n\n\n    \n\n<li><a href='?page_no=51013'>Last &rsaquo;&rsaquo;<\/a><\/li>\n\n<\/ul>\n\n\n--><br \/>\n<\/body><\/p>\n","protected":false},"excerpt":{"rendered":"<p>MOGADISCIO, 26 jul (Xinhua) &#8212; Al menos 13 personas, en su mayor\u00eda contratistas de la ONU, murieron y otras cinco resultaron heridas en dos explosiones ocurridas este martes cerca del aeropuerto en Mogadiscio, confirmaron funcionarios de seguridad. El jefe policial, Bishar Gedi, dijo a la prensa que la mayor\u00eda de las v\u00edctimas eran contratistas de [&hellip;]<\/p>\n","protected":false},"author":3,"featured_media":0,"comment_status":"open","ping_status":"open","sticky":false,"template":"","format":"standard","meta":{"footnotes":""},"categories":[23],"tags":[],"class_list":["post-249248","post","type-post","status-publish","format-standard","hentry","category-internacional"],"_links":{"self":[{"href":"https:\/\/diariodominicano.com\/index.php?rest_route=\/wp\/v2\/posts\/249248","targetHints":{"allow":["GET"]}}],"collection":[{"href":"https:\/\/diariodominicano.com\/index.php?rest_route=\/wp\/v2\/posts"}],"about":[{"href":"https:\/\/diariodominicano.com\/index.php?rest_route=\/wp\/v2\/types\/post"}],"author":[{"embeddable":true,"href":"https:\/\/diariodominicano.com\/index.php?rest_route=\/wp\/v2\/users\/3"}],"replies":[{"embeddable":true,"href":"https:\/\/diariodominicano.com\/index.php?rest_route=%2Fwp%2Fv2%2Fcomments&post=249248"}],"version-history":[{"count":0,"href":"https:\/\/diariodominicano.com\/index.php?rest_route=\/wp\/v2\/posts\/249248\/revisions"}],"wp:attachment":[{"href":"https:\/\/diariodominicano.com\/index.php?rest_route=%2Fwp%2Fv2%2Fmedia&parent=249248"}],"wp:term":[{"taxonomy":"category","embeddable":true,"href":"https:\/\/diariodominicano.com\/index.php?rest_route=%2Fwp%2Fv2%2Fcategories&post=249248"},{"taxonomy":"post_tag","embeddable":true,"href":"https:\/\/diariodominicano.com\/index.php?rest_route=%2Fwp%2Fv2%2Ftags&post=249248"}],"curies":[{"name":"wp","href":"https:\/\/api.w.org\/{rel}","templated":true}]}}