{"id":249247,"date":"2016-07-26T09:25:10","date_gmt":"2016-07-26T09:25:10","guid":{"rendered":"http:\/\/diariodominicano.ddns.net\/?p=249247"},"modified":"2016-07-26T09:25:10","modified_gmt":"2016-07-26T09:25:10","slug":"hombre-se-suicida-tras-disparar-contra-medico-en-clinica-de-berlin","status":"publish","type":"post","link":"https:\/\/diariodominicano.com\/?p=249247","title":{"rendered":"Hombre se suicida tras disparar contra m\u00e9dico en cl\u00ednica de Berl\u00edn"},"content":{"rendered":"<p><body><\/p>\n<p><img decoding=\"async\" src=\"img3\/alemania26-7.jpg\" \/>  <\/p>\n<p><span class=\"text1noticias\"> BERLIN, 26 jul (Xinhua) &#8212; Un hombre armado se suicid\u00f3 hoy tras disparar contra un m\u00e9dico en una cl\u00ednica en Berl\u00edn, dijo la polic\u00eda berlinesa.<\/span><\/p>\n<p><span class=\"text1noticias\"> <\/span><\/p>\n<p><span class=\"text1noticias\">     El ataque sucedi\u00f3 alrededor de las 13:00 hora local (12:00 GMT). El m\u00e9dico result\u00f3 herido de gravedad y est\u00e1 en terapia intensiva, dijo un portavoz de la polic\u00eda a Xinhua. El agresor era paciente de la cl\u00ednica, ubicada en el suroeste de Berl\u00edn, agreg\u00f3.<\/span><\/p>\n<p><span class=\"text1noticias\"> <\/span><\/p>\n<p><span class=\"text1noticias\">     \u00abNo tenemos evidencia de que hayan resultado heridas otras personas ni de m\u00e1s perpetradores\u00bb, inform\u00f3 la polic\u00eda en su cuenta oficial de Twitter.<\/span><\/p>\n<p><span class=\"text1noticias\"> <\/span><\/p>\n<p><span class=\"text1noticias\">     Las fuerzas de seguridad llegaron a la cl\u00ednica y controlaron la situaci\u00f3n. Ya no existe peligro en el lugar, asegur\u00f3 la polic\u00eda, la cual pidi\u00f3 al p\u00fablico no especular ni propagar rumor<\/span>es.<\/p>\n<h6> 2016-07-26 09:25:10 <\/h6>\n<p><!--\n<link rel=\"stylesheet\" href=\"css\/bootstrap.min.css\">\n\n\n<ul class=\"pagination\">\n\t    \n\t\n\n<li >\n\t<a href='?page_no=18891'>Previous<\/a>\n\t<\/li>\n\n\n       \n    \n\n<li><a href='?page_no=1'>1<\/a><\/li>\n\n\n\n<li><a href='?page_no=2'>2<\/a><\/li>\n\n\n\n<li><a>...<\/a><\/li>\n\n\n\n<li><a href='?page_no=18890'>18890<\/a><\/li>\n\n\n\n<li><a href='?page_no=18891'>18891<\/a><\/li>\n\n\n\n<li class='active'><a>18892<\/a><\/li>\n\n\n\n<li><a href='?page_no=18893'>18893<\/a><\/li>\n\n\n\n<li><a href='?page_no=18894'>18894<\/a><\/li>\n\n\n\n<li><a>...<\/a><\/li>\n\n\n\n<li><a href='?page_no=51012'>51012<\/a><\/li>\n\n\n\n<li><a href='?page_no=51013'>51013<\/a><\/li>\n\n    \n\t\n\n<li >\n\t<a href='?page_no=18893'>Next<\/a>\n\t<\/li>\n\n\n    \n\n<li><a href='?page_no=51013'>Last &rsaquo;&rsaquo;<\/a><\/li>\n\n<\/ul>\n\n\n--><br \/>\n<\/body><\/p>\n","protected":false},"excerpt":{"rendered":"<p>BERLIN, 26 jul (Xinhua) &#8212; Un hombre armado se suicid\u00f3 hoy tras disparar contra un m\u00e9dico en una cl\u00ednica en Berl\u00edn, dijo la polic\u00eda berlinesa. El ataque sucedi\u00f3 alrededor de las 13:00 hora local (12:00 GMT). El m\u00e9dico result\u00f3 herido de gravedad y est\u00e1 en terapia intensiva, dijo un portavoz de la polic\u00eda a Xinhua. [&hellip;]<\/p>\n","protected":false},"author":3,"featured_media":0,"comment_status":"open","ping_status":"open","sticky":false,"template":"","format":"standard","meta":{"footnotes":""},"categories":[23],"tags":[],"class_list":["post-249247","post","type-post","status-publish","format-standard","hentry","category-internacional"],"_links":{"self":[{"href":"https:\/\/diariodominicano.com\/index.php?rest_route=\/wp\/v2\/posts\/249247","targetHints":{"allow":["GET"]}}],"collection":[{"href":"https:\/\/diariodominicano.com\/index.php?rest_route=\/wp\/v2\/posts"}],"about":[{"href":"https:\/\/diariodominicano.com\/index.php?rest_route=\/wp\/v2\/types\/post"}],"author":[{"embeddable":true,"href":"https:\/\/diariodominicano.com\/index.php?rest_route=\/wp\/v2\/users\/3"}],"replies":[{"embeddable":true,"href":"https:\/\/diariodominicano.com\/index.php?rest_route=%2Fwp%2Fv2%2Fcomments&post=249247"}],"version-history":[{"count":0,"href":"https:\/\/diariodominicano.com\/index.php?rest_route=\/wp\/v2\/posts\/249247\/revisions"}],"wp:attachment":[{"href":"https:\/\/diariodominicano.com\/index.php?rest_route=%2Fwp%2Fv2%2Fmedia&parent=249247"}],"wp:term":[{"taxonomy":"category","embeddable":true,"href":"https:\/\/diariodominicano.com\/index.php?rest_route=%2Fwp%2Fv2%2Fcategories&post=249247"},{"taxonomy":"post_tag","embeddable":true,"href":"https:\/\/diariodominicano.com\/index.php?rest_route=%2Fwp%2Fv2%2Ftags&post=249247"}],"curies":[{"name":"wp","href":"https:\/\/api.w.org\/{rel}","templated":true}]}}