{"id":249246,"date":"2016-07-26T09:56:44","date_gmt":"2016-07-26T09:56:44","guid":{"rendered":"http:\/\/diariodominicano.ddns.net\/?p=249246"},"modified":"2016-07-26T09:56:44","modified_gmt":"2016-07-26T09:56:44","slug":"reiteran-voluntad-de-consolidar-socialismo-cubano","status":"publish","type":"post","link":"https:\/\/diariodominicano.com\/?p=249246","title":{"rendered":"Reiteran voluntad de consolidar socialismo cubano"},"content":{"rendered":"<p><body><\/p>\n<p><img decoding=\"async\" src=\"img3\/26-juliCuba.jpg\" \/>  <\/p>\n<p><span class=\"text1noticias\">Sancti Sp\u00edritus, Cuba, 26 jul (PL) Cuba introducir\u00e1 cuantos cambios sean necesarios para consolidar su socialismo y hacerlo m\u00e1s pr\u00f3spero y sostenible, asegur\u00f3 hoy el segundo secretario del Comit\u00e9 Central del Partido Comunista de la isla, Jos\u00e9 Ram\u00f3n Machado.<\/span><\/p>\n<p><span class=\"text1noticias\"> <\/span><\/p>\n<p><span class=\"text1noticias\">Al pronunciar las palabras centrales del acto por el aniversario 63 de los asaltos a los cuarteles Moncada y Carlos Manuel de C\u00e9spedes, el dirigente record\u00f3 el concepto de Revoluci\u00f3n del l\u00edder hist\u00f3rico de este pa\u00eds, Fidel Castro, quien la calific\u00f3, entre otros aspectos, como cambiar todo lo que debe ser cambiado.<\/span><\/p>\n<p><span class=\"text1noticias\"> <\/span><\/p>\n<p><span class=\"text1noticias\">Cada una de esas transformaciones ser\u00e1 fruto de la decisi\u00f3n soberana de los cubanos, y ninguna obedecer\u00e1 a presiones externas que de forma solapada buscan desmontar la obra revolucionaria, sostuvo.<\/span><\/p>\n<p><span class=\"text1noticias\"> <\/span><\/p>\n<p><span class=\"text1noticias\">A decir de Machado, con esa clara conciencia se emprendi\u00f3 en el pa\u00eds la actualizaci\u00f3n del modelo econ\u00f3mico y social, la cual se caracteriza por una gran participaci\u00f3n ciudadana, de escala y profundidad inimaginable en pa\u00edses que se proclaman paradigmas de la democracia.<\/span><\/p>\n<p><span class=\"text1noticias\"> <\/span><\/p>\n<p><span class=\"text1noticias\">Desde la Plaza de la Revoluci\u00f3n Mayor General Seraf\u00edn S\u00e1nchez de la central provincia de Sancti Sp\u00edritus, indic\u00f3 que a partir de junio \u00faltimo se han realizado unas 22 mil 200 reuniones en diferentes espacios de la sociedad para debatir importantes documentos acordados en el VII Congreso del Partido Comunista sobre el futuro de la naci\u00f3n.<\/span><\/p>\n<p><span class=\"text1noticias\"> <\/span><\/p>\n<p><span class=\"text1noticias\">En ese proceso, que se prolongar\u00e1 hasta septiembre pr\u00f3ximo, han participado 704 mil personas con m\u00e1s de 300 mil intervenciones, entre ellas 92 mil propuestas dirigidas a dirigidas a enriquecer y hacer m\u00e1s precisos esos materiales, afirm\u00f3.<\/span><\/p>\n<p><span class=\"text1noticias\"> <\/span><\/p>\n<p><span class=\"text1noticias\">De acuerdo con Machado, como ha ratificado el presidente cubano, Ra\u00fal Castro, \u00abse introducir\u00e1n cuantos cambios sean necesarios y al ritmo que decidamos; sin excepci\u00f3n, se dirigen a consolidar nuestro socialismo, a hacerlo m\u00e1s pr\u00f3spero y sostenible.\u00bb <\/span><\/p>\n<p><span class=\"text1noticias\"> <\/span><\/p>\n<p><span class=\"text1noticias\">En otro momento de su intervenci\u00f3n, el tambi\u00e9n vicepresidente de la naci\u00f3n antillana expres\u00f3 la felicitaci\u00f3n del pueblo a Fidel Castro con motivo de celebrarse el venidero 13 de agosto su cumplea\u00f1os 90.<\/span><\/p>\n<p><span class=\"text1noticias\"> <\/span><\/p>\n<p><span class=\"text1noticias\">Rememor\u00f3 el discurso pronunciado por el l\u00edder revolucionario hace 30 a\u00f1os en Sancti Sp\u00edritus, cuando esa provincia fue sede de otro acto por el 26 de Julio, en el cual se hizo un balance de las precarias condiciones del territorio antes del 1 de enero de 1959.<\/span><\/p>\n<p><span class=\"text1noticias\"> <\/span><\/p>\n<p><span class=\"text1noticias\">Machado llam\u00f3 la atenci\u00f3n sobre los avances registrados en la regi\u00f3n desde entonces, con loables resultados en \u00e1reas como la salud, la producci\u00f3n agropecuaria y el turismo, entre otras, al tiempo que encomi\u00f3 el aporte de los espirituanos en los diferentes momentos de la historia patria.<\/span><\/p>\n<p><span class=\"text1noticias\"> <\/span><\/p>\n<p><span class=\"text1noticias\">En nombre de toda Cuba, transmiti\u00f3 una felicitaci\u00f3n a Sancti Sp\u00edritus por probar que se puede crecer cuando se trabaja con consagraci\u00f3n, e inst\u00f3 a aprovechar las potencialidades que tiene para seguir <\/span>avanzando.<\/p>\n<h6> 2016-07-26 09:56:44 <\/h6>\n<p><!--\n<link rel=\"stylesheet\" href=\"css\/bootstrap.min.css\">\n\n\n<ul class=\"pagination\">\n\t    \n\t\n\n<li >\n\t<a href='?page_no=18890'>Previous<\/a>\n\t<\/li>\n\n\n       \n    \n\n<li><a href='?page_no=1'>1<\/a><\/li>\n\n\n\n<li><a href='?page_no=2'>2<\/a><\/li>\n\n\n\n<li><a>...<\/a><\/li>\n\n\n\n<li><a href='?page_no=18889'>18889<\/a><\/li>\n\n\n\n<li><a href='?page_no=18890'>18890<\/a><\/li>\n\n\n\n<li class='active'><a>18891<\/a><\/li>\n\n\n\n<li><a href='?page_no=18892'>18892<\/a><\/li>\n\n\n\n<li><a href='?page_no=18893'>18893<\/a><\/li>\n\n\n\n<li><a>...<\/a><\/li>\n\n\n\n<li><a href='?page_no=51012'>51012<\/a><\/li>\n\n\n\n<li><a href='?page_no=51013'>51013<\/a><\/li>\n\n    \n\t\n\n<li >\n\t<a href='?page_no=18892'>Next<\/a>\n\t<\/li>\n\n\n    \n\n<li><a href='?page_no=51013'>Last &rsaquo;&rsaquo;<\/a><\/li>\n\n<\/ul>\n\n\n--><br \/>\n<\/body><\/p>\n","protected":false},"excerpt":{"rendered":"<p>Sancti Sp\u00edritus, Cuba, 26 jul (PL) Cuba introducir\u00e1 cuantos cambios sean necesarios para consolidar su socialismo y hacerlo m\u00e1s pr\u00f3spero y sostenible, asegur\u00f3 hoy el segundo secretario del Comit\u00e9 Central del Partido Comunista de la isla, Jos\u00e9 Ram\u00f3n Machado. Al pronunciar las palabras centrales del acto por el aniversario 63 de los asaltos a los [&hellip;]<\/p>\n","protected":false},"author":3,"featured_media":0,"comment_status":"open","ping_status":"open","sticky":false,"template":"","format":"standard","meta":{"footnotes":""},"categories":[23],"tags":[],"class_list":["post-249246","post","type-post","status-publish","format-standard","hentry","category-internacional"],"_links":{"self":[{"href":"https:\/\/diariodominicano.com\/index.php?rest_route=\/wp\/v2\/posts\/249246","targetHints":{"allow":["GET"]}}],"collection":[{"href":"https:\/\/diariodominicano.com\/index.php?rest_route=\/wp\/v2\/posts"}],"about":[{"href":"https:\/\/diariodominicano.com\/index.php?rest_route=\/wp\/v2\/types\/post"}],"author":[{"embeddable":true,"href":"https:\/\/diariodominicano.com\/index.php?rest_route=\/wp\/v2\/users\/3"}],"replies":[{"embeddable":true,"href":"https:\/\/diariodominicano.com\/index.php?rest_route=%2Fwp%2Fv2%2Fcomments&post=249246"}],"version-history":[{"count":0,"href":"https:\/\/diariodominicano.com\/index.php?rest_route=\/wp\/v2\/posts\/249246\/revisions"}],"wp:attachment":[{"href":"https:\/\/diariodominicano.com\/index.php?rest_route=%2Fwp%2Fv2%2Fmedia&parent=249246"}],"wp:term":[{"taxonomy":"category","embeddable":true,"href":"https:\/\/diariodominicano.com\/index.php?rest_route=%2Fwp%2Fv2%2Fcategories&post=249246"},{"taxonomy":"post_tag","embeddable":true,"href":"https:\/\/diariodominicano.com\/index.php?rest_route=%2Fwp%2Fv2%2Ftags&post=249246"}],"curies":[{"name":"wp","href":"https:\/\/api.w.org\/{rel}","templated":true}]}}