{"id":249245,"date":"2016-07-26T10:47:35","date_gmt":"2016-07-26T10:47:35","guid":{"rendered":"http:\/\/diariodominicano.ddns.net\/?p=249245"},"modified":"2016-07-26T10:47:35","modified_gmt":"2016-07-26T10:47:35","slug":"presidente-frances-califica-ataque-en-iglesia-acto-terrorista-atroz","status":"publish","type":"post","link":"https:\/\/diariodominicano.com\/?p=249245","title":{"rendered":"Presidente franc\u00e9s califica ataque en iglesia \u00abacto terrorista atroz\u00bb"},"content":{"rendered":"<p><body><\/p>\n<p><img decoding=\"async\" src=\"img3\/Iglesia-Francia26-7.jpg\" \/>  <\/p>\n<p><span class=\"text1noticias\">  PARIS, 26 jul (Xinhua) &#8212; El presidente de Francia, Francois Hollande, conden\u00f3 hoy el \u00abataque terrorista atroz\u00bb contra una iglesia en el norte de Francia, en el que un sacerdote muri\u00f3 y otro result\u00f3 gravemente herido.<\/span><\/p>\n<p><span class=\"text1noticias\"> <\/span><\/p>\n<p><span class=\"text1noticias\">     Hollande, quien se traslad\u00f3 de inmediato al lugar del ataque, a\u00f1adi\u00f3 que los dos atacantes dijeron tener v\u00ednculos con el grupo Estado Isl\u00e1mico (EI).  <\/span><\/p>\n<p><span class=\"text1noticias\"> <\/span><\/p>\n<p><span class=\"text1noticias\">     \u00abLa amenaza es muy elevada. Estamos enfrentando al grupo Daesh (otra forma de llamar al EI), que nos declar\u00f3 la guerra. Tenemos que enfrentarlos con todos los medios\u00bb, dijo Hollande.<\/span><\/p>\n<p><span class=\"text1noticias\"> <\/span><\/p>\n<p><span class=\"text1noticias\">     El presidente franc\u00e9s pidi\u00f3 unidad porque \u00ablo que estos terroristas quieren es dividirnos\u00bb.<\/span><\/p>\n<p><span class=\"text1noticias\"> <\/span><\/p>\n<p><span class=\"text1noticias\">     Un sacerdote en una iglesia en Saint-Etienne-du-Rouvray fue asesinado por los dos atacantes, quienes fueron muertos a tiros por unidades de la polic\u00eda.<\/span><\/p>\n<p><span class=\"text1noticias\"> <\/span><\/p>\n<p><span class=\"text1noticias\">     El Estado Isl\u00e1mico se atribuy\u00f3 el ataque, el segundo contra Francia en varios <\/span>d\u00edas.<\/p>\n<h6> 2016-07-26 10:47:35 <\/h6>\n<p><!--\n<link rel=\"stylesheet\" href=\"css\/bootstrap.min.css\">\n\n\n<ul class=\"pagination\">\n\t    \n\t\n\n<li >\n\t<a href='?page_no=18889'>Previous<\/a>\n\t<\/li>\n\n\n       \n    \n\n<li><a href='?page_no=1'>1<\/a><\/li>\n\n\n\n<li><a href='?page_no=2'>2<\/a><\/li>\n\n\n\n<li><a>...<\/a><\/li>\n\n\n\n<li><a href='?page_no=18888'>18888<\/a><\/li>\n\n\n\n<li><a href='?page_no=18889'>18889<\/a><\/li>\n\n\n\n<li class='active'><a>18890<\/a><\/li>\n\n\n\n<li><a href='?page_no=18891'>18891<\/a><\/li>\n\n\n\n<li><a href='?page_no=18892'>18892<\/a><\/li>\n\n\n\n<li><a>...<\/a><\/li>\n\n\n\n<li><a href='?page_no=51012'>51012<\/a><\/li>\n\n\n\n<li><a href='?page_no=51013'>51013<\/a><\/li>\n\n    \n\t\n\n<li >\n\t<a href='?page_no=18891'>Next<\/a>\n\t<\/li>\n\n\n    \n\n<li><a href='?page_no=51013'>Last &rsaquo;&rsaquo;<\/a><\/li>\n\n<\/ul>\n\n\n--><br \/>\n<\/body><\/p>\n","protected":false},"excerpt":{"rendered":"<p>PARIS, 26 jul (Xinhua) &#8212; El presidente de Francia, Francois Hollande, conden\u00f3 hoy el \u00abataque terrorista atroz\u00bb contra una iglesia en el norte de Francia, en el que un sacerdote muri\u00f3 y otro result\u00f3 gravemente herido. Hollande, quien se traslad\u00f3 de inmediato al lugar del ataque, a\u00f1adi\u00f3 que los dos atacantes dijeron tener v\u00ednculos con [&hellip;]<\/p>\n","protected":false},"author":3,"featured_media":0,"comment_status":"open","ping_status":"open","sticky":false,"template":"","format":"standard","meta":{"footnotes":""},"categories":[23],"tags":[],"class_list":["post-249245","post","type-post","status-publish","format-standard","hentry","category-internacional"],"_links":{"self":[{"href":"https:\/\/diariodominicano.com\/index.php?rest_route=\/wp\/v2\/posts\/249245","targetHints":{"allow":["GET"]}}],"collection":[{"href":"https:\/\/diariodominicano.com\/index.php?rest_route=\/wp\/v2\/posts"}],"about":[{"href":"https:\/\/diariodominicano.com\/index.php?rest_route=\/wp\/v2\/types\/post"}],"author":[{"embeddable":true,"href":"https:\/\/diariodominicano.com\/index.php?rest_route=\/wp\/v2\/users\/3"}],"replies":[{"embeddable":true,"href":"https:\/\/diariodominicano.com\/index.php?rest_route=%2Fwp%2Fv2%2Fcomments&post=249245"}],"version-history":[{"count":0,"href":"https:\/\/diariodominicano.com\/index.php?rest_route=\/wp\/v2\/posts\/249245\/revisions"}],"wp:attachment":[{"href":"https:\/\/diariodominicano.com\/index.php?rest_route=%2Fwp%2Fv2%2Fmedia&parent=249245"}],"wp:term":[{"taxonomy":"category","embeddable":true,"href":"https:\/\/diariodominicano.com\/index.php?rest_route=%2Fwp%2Fv2%2Fcategories&post=249245"},{"taxonomy":"post_tag","embeddable":true,"href":"https:\/\/diariodominicano.com\/index.php?rest_route=%2Fwp%2Fv2%2Ftags&post=249245"}],"curies":[{"name":"wp","href":"https:\/\/api.w.org\/{rel}","templated":true}]}}