{"id":249244,"date":"2016-07-26T11:08:41","date_gmt":"2016-07-26T11:08:41","guid":{"rendered":"http:\/\/diariodominicano.ddns.net\/?p=249244"},"modified":"2016-07-26T11:08:41","modified_gmt":"2016-07-26T11:08:41","slug":"papa-expresa-horror-ataque-iglesia-y-asesinato-sacerdote-en-francia","status":"publish","type":"post","link":"https:\/\/diariodominicano.com\/?p=249244","title":{"rendered":"Papa expresa horror ataque iglesia y asesinato sacerdote en Francia"},"content":{"rendered":"<p><body><\/p>\n<p><img decoding=\"async\" src=\"img3\/PapaFrancisco26-7.jpg\" \/>  <\/p>\n<p><span class=\"text1noticias\">VATICANO, 26 Jul. 16 (ACI).- El Papa Francisco ha mostrado su \u00abdolor y horror\u00bb por la toma de una iglesia y el asesinato del sacerdote Jacques Hamel, de 84 a\u00f1os de edad, durante la celebraci\u00f3n de una Misa en Rouen, al norte de Francia.<\/span><\/p>\n<p><span class=\"text1noticias\"> <\/span><\/p>\n<p><span class=\"text1noticias\">El portavoz del Vaticano, el P. Federico Lombardi, subray\u00f3 la \u00abcondena radical\u00bb que el Papa ha hecho ante \u00abtoda forma de odio\u00bb y asegur\u00f3 la oraci\u00f3n del pont\u00edfice por las personas afectadas.<\/span><\/p>\n<p><span class=\"text1noticias\"> <\/span><\/p>\n<p><span class=\"text1noticias\">\u00abEstamos particularmente afectados porque esta violencia horrible ha tenido lugar en una iglesia, un lugar sagrado en el que se anuncia el amor de Dios, en donde ha tenido lugar la muerte de un sacerdote y el secuestro de los fieles. Mostramos nuestra cercan\u00eda con la Iglesia en Francia, la Archidi\u00f3cesis de Rouen, la comunidad golpeada y el pueblo franc\u00e9s\u00bb.<\/span><\/p>\n<p><span class=\"text1noticias\"> <\/span><\/p>\n<p><span class=\"text1noticias\">En un telegrama enviado al Arzobispo de Rouen, el Secretario de Estado del Vaticano, Cardenal Pietro Parolin, afirm\u00f3 que \u00abel Papa Francisco le asegura su cercan\u00eda espiritual y acompa\u00f1a con su oraci\u00f3n el sufrimiento de las familias y el dolor de la parroquia y la di\u00f3cesis de Rouen\u00bb.<\/span><\/p>\n<p><span class=\"text1noticias\"> <\/span><\/p>\n<p><span class=\"text1noticias\">\u00abInvoca a Dios, Padre de misericordia, para que \u00c9l acoja al sacerdote Jacques Hamel en la paz de su luz y consuele a las personas heridas\u00bb, agrega el texto.<\/span><\/p>\n<p><span class=\"text1noticias\"> <\/span><\/p>\n<p><span class=\"text1noticias\">El Purpurado afirma luego que \u00abel Santo Padre est\u00e1 particularmente impactado por este acto de violencia que ha ocurrido en una iglesia durante una Misa, acci\u00f3n lit\u00fargica que implora de Dio su paz para el mundo\u00bb.<\/span><\/p>\n<p><span class=\"text1noticias\"> <\/span><\/p>\n<p><span class=\"text1noticias\">El Papa, concluye el texto, \u00abpide al Se\u00f1or que inspire en todos pensamientos de reconciliaci\u00f3n y de fraternidad en esta nueva prueba e imparte sobre cada uno la abundancia de sus bendiciones\u00bb.<\/span><\/p>\n<p><span class=\"text1noticias\"> <\/span><\/p>\n<p><span class=\"text1noticias\">Por su parte, el Arzobispo de Rouen, Mons. Dominique Lebrun, ha enviado un comunicado desde Cracovia en donde se encuentra acompa\u00f1ando a los j\u00f3venes de la di\u00f3cesis en la Jornada Mundial de la Juventud en el que asegura sus oraciones por las v\u00edctimas y afectados y tambi\u00e9n ha asegurado que viajar\u00e1 de vuelta a la di\u00f3cesis esta misma<\/span> tarde.<\/p>\n<h6> 2016-07-26 11:08:41 <\/h6>\n<p><!--\n<link rel=\"stylesheet\" href=\"css\/bootstrap.min.css\">\n\n\n<ul class=\"pagination\">\n\t    \n\t\n\n<li >\n\t<a href='?page_no=18888'>Previous<\/a>\n\t<\/li>\n\n\n       \n    \n\n<li><a href='?page_no=1'>1<\/a><\/li>\n\n\n\n<li><a href='?page_no=2'>2<\/a><\/li>\n\n\n\n<li><a>...<\/a><\/li>\n\n\n\n<li><a href='?page_no=18887'>18887<\/a><\/li>\n\n\n\n<li><a href='?page_no=18888'>18888<\/a><\/li>\n\n\n\n<li class='active'><a>18889<\/a><\/li>\n\n\n\n<li><a href='?page_no=18890'>18890<\/a><\/li>\n\n\n\n<li><a href='?page_no=18891'>18891<\/a><\/li>\n\n\n\n<li><a>...<\/a><\/li>\n\n\n\n<li><a href='?page_no=51012'>51012<\/a><\/li>\n\n\n\n<li><a href='?page_no=51013'>51013<\/a><\/li>\n\n    \n\t\n\n<li >\n\t<a href='?page_no=18890'>Next<\/a>\n\t<\/li>\n\n\n    \n\n<li><a href='?page_no=51013'>Last &rsaquo;&rsaquo;<\/a><\/li>\n\n<\/ul>\n\n\n--><br \/>\n<\/body><\/p>\n","protected":false},"excerpt":{"rendered":"<p>VATICANO, 26 Jul. 16 (ACI).- El Papa Francisco ha mostrado su \u00abdolor y horror\u00bb por la toma de una iglesia y el asesinato del sacerdote Jacques Hamel, de 84 a\u00f1os de edad, durante la celebraci\u00f3n de una Misa en Rouen, al norte de Francia. El portavoz del Vaticano, el P. Federico Lombardi, subray\u00f3 la \u00abcondena [&hellip;]<\/p>\n","protected":false},"author":3,"featured_media":0,"comment_status":"open","ping_status":"open","sticky":false,"template":"","format":"standard","meta":{"footnotes":""},"categories":[23],"tags":[],"class_list":["post-249244","post","type-post","status-publish","format-standard","hentry","category-internacional"],"_links":{"self":[{"href":"https:\/\/diariodominicano.com\/index.php?rest_route=\/wp\/v2\/posts\/249244","targetHints":{"allow":["GET"]}}],"collection":[{"href":"https:\/\/diariodominicano.com\/index.php?rest_route=\/wp\/v2\/posts"}],"about":[{"href":"https:\/\/diariodominicano.com\/index.php?rest_route=\/wp\/v2\/types\/post"}],"author":[{"embeddable":true,"href":"https:\/\/diariodominicano.com\/index.php?rest_route=\/wp\/v2\/users\/3"}],"replies":[{"embeddable":true,"href":"https:\/\/diariodominicano.com\/index.php?rest_route=%2Fwp%2Fv2%2Fcomments&post=249244"}],"version-history":[{"count":0,"href":"https:\/\/diariodominicano.com\/index.php?rest_route=\/wp\/v2\/posts\/249244\/revisions"}],"wp:attachment":[{"href":"https:\/\/diariodominicano.com\/index.php?rest_route=%2Fwp%2Fv2%2Fmedia&parent=249244"}],"wp:term":[{"taxonomy":"category","embeddable":true,"href":"https:\/\/diariodominicano.com\/index.php?rest_route=%2Fwp%2Fv2%2Fcategories&post=249244"},{"taxonomy":"post_tag","embeddable":true,"href":"https:\/\/diariodominicano.com\/index.php?rest_route=%2Fwp%2Fv2%2Ftags&post=249244"}],"curies":[{"name":"wp","href":"https:\/\/api.w.org\/{rel}","templated":true}]}}