{"id":249243,"date":"2016-07-26T11:18:34","date_gmt":"2016-07-26T11:18:34","guid":{"rendered":"http:\/\/diariodominicano.ddns.net\/?p=249243"},"modified":"2016-07-26T11:18:34","modified_gmt":"2016-07-26T11:18:34","slug":"asi-recuerdan-al-jacques-hamel-asesinado-en-iglesia-catolica-en-francia","status":"publish","type":"post","link":"https:\/\/diariodominicano.com\/?p=249243","title":{"rendered":"As\u00ed recuerdan al Jacques Hamel asesinado en iglesia cat\u00f3lica en Francia"},"content":{"rendered":"<p><body><\/p>\n<p><img decoding=\"async\" src=\"img3\/sacerdote26-7.jpeg\" \/>  <\/p>\n<p><span class=\"text1noticias\">PAR\u00cdS, 26 Jul. 16 \/ 08:36 am (ACI).- Jacques Hamel es el sacerdote de 84 a\u00f1os asesinado esta ma\u00f1ana en su iglesia en Rouen, Francia, a manos de dos miembros del Estado Isl\u00e1mico. Quienes lo conocieron lo recuerdan como un hombre valiente, servicial y de paz.<\/span><\/p>\n<p><span class=\"text1noticias\"> <\/span><\/p>\n<p><span class=\"text1noticias\">El P. Jacques Hamel naci\u00f3 en Darn\u00e9tal, en la regi\u00f3n de Normand\u00eda. Fue ordenado sacerdote en 1958, y hace seis a\u00f1os celebr\u00f3 50 a\u00f1os de servicio a la Iglesia.<\/span><\/p>\n<p><span class=\"text1noticias\"> <\/span><\/p>\n<p><span class=\"text1noticias\">En declaraciones a RTL, el sacerdote Auguste Moanda-Phuati, comenta que \u00aben mi ausencia era \u00e9l quien oficia un poco en la iglesia. Era un sacerdote valiente para su edad. Los padres tienen el derecho de retirarse a partir de los 75 a\u00f1os pero \u00e9l se sent\u00eda todav\u00eda fuerte\u00bb.<\/span><\/p>\n<p><span class=\"text1noticias\"> <\/span><\/p>\n<p><span class=\"text1noticias\">\u00ab\u00c9l dec\u00eda que no hay sacerdotes y por eso pod\u00eda estar al servicio. Prefiri\u00f3 quedarse en este lugar y seguir trabajando\u00bb, agrega.<\/span><\/p>\n<p><span class=\"text1noticias\"> <\/span><\/p>\n<p><span class=\"text1noticias\">El presb\u00edtero de nacionalidad congolesa estaba en su pa\u00eds y se aprestaba a volver a su parroquia. Se enter\u00f3 de lo sucedido por la televisi\u00f3n.<\/span><\/p>\n<p><span class=\"text1noticias\"> <\/span><\/p>\n<p><span class=\"text1noticias\">Seg\u00fan el diario franc\u00e9s Le Figaro, el presb\u00edtero africano comenta que el P. Hamel \u00abera un sacerdote bueno que siempre estuvo al servicio de la gente, pr\u00e1cticamente toda su vida. No nos pod\u00edamos imaginar que esto iba a suceder de esta manera\u00bb.<\/span><\/p>\n<p><span class=\"text1noticias\"> <\/span><\/p>\n<p><span class=\"text1noticias\">Para Mohammed Karabila, Presidente del Consejo Regional de Culto Musulm\u00e1n, el sacerdote era \u00abun hombre de paz, de religi\u00f3n, con un carisma claro. Una persona que ha dedicado su vida a sus ideas y su fe. \u00c9l sacrific\u00f3 su vida por los dem\u00e1s\u00bb.<\/span><\/p>\n<p><span class=\"text1noticias\"> <\/span><\/p>\n<p><span class=\"text1noticias\">Para V\u00edctor Mbeindjock Nola, uno de los que estaba tambi\u00e9n al servicio de la parroquia, el P. Hamel \u00abera muy apreciado por los fieles. La comunidad cat\u00f3lica estaba muy cohesionada en Saint Etienne donde existen dos parroquias. En periodo de vacaciones no hab\u00eda m\u00e1s de 600 personas pero la vida religiosa es muy an<\/span>imada\u00bb.<\/p>\n<h6> 2016-07-26 11:18:34 <\/h6>\n<p><!--\n<link rel=\"stylesheet\" href=\"css\/bootstrap.min.css\">\n\n\n<ul class=\"pagination\">\n\t    \n\t\n\n<li >\n\t<a href='?page_no=18887'>Previous<\/a>\n\t<\/li>\n\n\n       \n    \n\n<li><a href='?page_no=1'>1<\/a><\/li>\n\n\n\n<li><a href='?page_no=2'>2<\/a><\/li>\n\n\n\n<li><a>...<\/a><\/li>\n\n\n\n<li><a href='?page_no=18886'>18886<\/a><\/li>\n\n\n\n<li><a href='?page_no=18887'>18887<\/a><\/li>\n\n\n\n<li class='active'><a>18888<\/a><\/li>\n\n\n\n<li><a href='?page_no=18889'>18889<\/a><\/li>\n\n\n\n<li><a href='?page_no=18890'>18890<\/a><\/li>\n\n\n\n<li><a>...<\/a><\/li>\n\n\n\n<li><a href='?page_no=51012'>51012<\/a><\/li>\n\n\n\n<li><a href='?page_no=51013'>51013<\/a><\/li>\n\n    \n\t\n\n<li >\n\t<a href='?page_no=18889'>Next<\/a>\n\t<\/li>\n\n\n    \n\n<li><a href='?page_no=51013'>Last &rsaquo;&rsaquo;<\/a><\/li>\n\n<\/ul>\n\n\n--><br \/>\n<\/body><\/p>\n","protected":false},"excerpt":{"rendered":"<p>PAR\u00cdS, 26 Jul. 16 \/ 08:36 am (ACI).- Jacques Hamel es el sacerdote de 84 a\u00f1os asesinado esta ma\u00f1ana en su iglesia en Rouen, Francia, a manos de dos miembros del Estado Isl\u00e1mico. Quienes lo conocieron lo recuerdan como un hombre valiente, servicial y de paz. El P. Jacques Hamel naci\u00f3 en Darn\u00e9tal, en la [&hellip;]<\/p>\n","protected":false},"author":3,"featured_media":0,"comment_status":"open","ping_status":"open","sticky":false,"template":"","format":"standard","meta":{"footnotes":""},"categories":[23],"tags":[],"class_list":["post-249243","post","type-post","status-publish","format-standard","hentry","category-internacional"],"_links":{"self":[{"href":"https:\/\/diariodominicano.com\/index.php?rest_route=\/wp\/v2\/posts\/249243","targetHints":{"allow":["GET"]}}],"collection":[{"href":"https:\/\/diariodominicano.com\/index.php?rest_route=\/wp\/v2\/posts"}],"about":[{"href":"https:\/\/diariodominicano.com\/index.php?rest_route=\/wp\/v2\/types\/post"}],"author":[{"embeddable":true,"href":"https:\/\/diariodominicano.com\/index.php?rest_route=\/wp\/v2\/users\/3"}],"replies":[{"embeddable":true,"href":"https:\/\/diariodominicano.com\/index.php?rest_route=%2Fwp%2Fv2%2Fcomments&post=249243"}],"version-history":[{"count":0,"href":"https:\/\/diariodominicano.com\/index.php?rest_route=\/wp\/v2\/posts\/249243\/revisions"}],"wp:attachment":[{"href":"https:\/\/diariodominicano.com\/index.php?rest_route=%2Fwp%2Fv2%2Fmedia&parent=249243"}],"wp:term":[{"taxonomy":"category","embeddable":true,"href":"https:\/\/diariodominicano.com\/index.php?rest_route=%2Fwp%2Fv2%2Fcategories&post=249243"},{"taxonomy":"post_tag","embeddable":true,"href":"https:\/\/diariodominicano.com\/index.php?rest_route=%2Fwp%2Fv2%2Ftags&post=249243"}],"curies":[{"name":"wp","href":"https:\/\/api.w.org\/{rel}","templated":true}]}}