{"id":249242,"date":"2016-07-26T11:28:46","date_gmt":"2016-07-26T11:28:46","guid":{"rendered":"http:\/\/diariodominicano.ddns.net\/?p=249242"},"modified":"2016-07-26T11:28:46","modified_gmt":"2016-07-26T11:28:46","slug":"estado-islamico-reivindica-ataque-iglesia-donde-sacerdote-fue-degollado","status":"publish","type":"post","link":"https:\/\/diariodominicano.com\/?p=249242","title":{"rendered":"Estado Isl\u00e1mico reivindica ataque iglesia donde sacerdote fue degollado"},"content":{"rendered":"<p><body><\/p>\n<p><img decoding=\"async\" src=\"img3\/EstadoIslamico26-7.jpg\" \/>  <\/p>\n<p><span class=\"text1noticias\">PARIS, 26 Jul. 16 \/(ACI).- El grupo terrorista Estado Isl\u00e1mico reivindic\u00f3 el ataque contra una iglesia del norte de Francia en el que dos sujetos asesinaron a un anciano sacerdote y dejaron un herido de gravedad.<\/span><\/p>\n<p><span class=\"text1noticias\"> <\/span><\/p>\n<p><span class=\"text1noticias\">La agencia de noticias Amaq, considerada la portavoz oficial de ISIS, anunci\u00f3 que los atacantes eran \u00abdos soldados de Estado Isl\u00e1mico\u00bb.<\/span><\/p>\n<p><span class=\"text1noticias\"> <\/span><\/p>\n<p><span class=\"text1noticias\">Los sujetos irrumpieron en la iglesia de St Etienne du Rouvray durante la Misa que presid\u00eda el P. Jacques Hamel de 84 a\u00f1os y tomaron como rehenes al presb\u00edtero, dos religiosas y feligreses. El sacerdote fue degollado.<\/span><\/p>\n<p><span class=\"text1noticias\"> <\/span><\/p>\n<p><span class=\"text1noticias\">El Presidente de Francia, Francois Hollande, lleg\u00f3 hasta la localidad atacada y asegur\u00f3 que los perpetradores reclamaron ser miembros de Daesh, el acr\u00f3nimo en \u00e1rabe para nombrar al Estado Isl\u00e1mico. Hollande dijo que el ataque fue cometido por \u00abdos terroristas que dec\u00edan ser del DAESH\u00bb y gritaron \u00abAl\u00e1 es grande\u00bb durante el asalto.<\/span><\/p>\n<p><span class=\"text1noticias\"> <\/span><\/p>\n<p><span class=\"text1noticias\">Ante la \u00abelevada amenaza\u00bb que sufre Francia, el presidente ha llamado a la unidad del pueblo franc\u00e9s para hacerle frente. \u00abEl Estado Isl\u00e1mico nos ha declarado la guerra, y debemos librarla\u00bb, agreg\u00f3 el mandatario.<\/span><\/p>\n<p><span class=\"text1noticias\"> <\/span><\/p>\n<p><span class=\"text1noticias\">Seg\u00fan informaciones publicadas en medios franceses, uno de los asaltantes de la iglesia abatido por las fuerzas de seguridad ser\u00eda Sid Ahmed Ghlam, un argelino de 24 a\u00f1os que hab\u00eda estado preso el a\u00f1o pasado por querer atentar contra una o m\u00e1s iglesias en la capital francesa, entre ellas la bas\u00edlica del Sagrado Coraz\u00f3n en Par\u00eds.<\/span><\/p>\n<p><span class=\"text1noticias\"> <\/span><\/p>\n<p><span class=\"text1noticias\">Sali\u00f3 de la c\u00e1rcel en pasado marzo. Estaba fichado por la polic\u00eda por realizar actividades cercanas al Islam radical y hab\u00eda viajado a Siria en varias ocasiones para unirse a grupos yihadist<\/span>as.<\/p>\n<h6> 2016-07-26 11:28:46 <\/h6>\n<p><!--\n<link rel=\"stylesheet\" href=\"css\/bootstrap.min.css\">\n\n\n<ul class=\"pagination\">\n\t    \n\t\n\n<li >\n\t<a href='?page_no=18886'>Previous<\/a>\n\t<\/li>\n\n\n       \n    \n\n<li><a href='?page_no=1'>1<\/a><\/li>\n\n\n\n<li><a href='?page_no=2'>2<\/a><\/li>\n\n\n\n<li><a>...<\/a><\/li>\n\n\n\n<li><a href='?page_no=18885'>18885<\/a><\/li>\n\n\n\n<li><a href='?page_no=18886'>18886<\/a><\/li>\n\n\n\n<li class='active'><a>18887<\/a><\/li>\n\n\n\n<li><a href='?page_no=18888'>18888<\/a><\/li>\n\n\n\n<li><a href='?page_no=18889'>18889<\/a><\/li>\n\n\n\n<li><a>...<\/a><\/li>\n\n\n\n<li><a href='?page_no=51012'>51012<\/a><\/li>\n\n\n\n<li><a href='?page_no=51013'>51013<\/a><\/li>\n\n    \n\t\n\n<li >\n\t<a href='?page_no=18888'>Next<\/a>\n\t<\/li>\n\n\n    \n\n<li><a href='?page_no=51013'>Last &rsaquo;&rsaquo;<\/a><\/li>\n\n<\/ul>\n\n\n--><br \/>\n<\/body><\/p>\n","protected":false},"excerpt":{"rendered":"<p>PARIS, 26 Jul. 16 \/(ACI).- El grupo terrorista Estado Isl\u00e1mico reivindic\u00f3 el ataque contra una iglesia del norte de Francia en el que dos sujetos asesinaron a un anciano sacerdote y dejaron un herido de gravedad. La agencia de noticias Amaq, considerada la portavoz oficial de ISIS, anunci\u00f3 que los atacantes eran \u00abdos soldados de [&hellip;]<\/p>\n","protected":false},"author":3,"featured_media":0,"comment_status":"open","ping_status":"open","sticky":false,"template":"","format":"standard","meta":{"footnotes":""},"categories":[23],"tags":[],"class_list":["post-249242","post","type-post","status-publish","format-standard","hentry","category-internacional"],"_links":{"self":[{"href":"https:\/\/diariodominicano.com\/index.php?rest_route=\/wp\/v2\/posts\/249242","targetHints":{"allow":["GET"]}}],"collection":[{"href":"https:\/\/diariodominicano.com\/index.php?rest_route=\/wp\/v2\/posts"}],"about":[{"href":"https:\/\/diariodominicano.com\/index.php?rest_route=\/wp\/v2\/types\/post"}],"author":[{"embeddable":true,"href":"https:\/\/diariodominicano.com\/index.php?rest_route=\/wp\/v2\/users\/3"}],"replies":[{"embeddable":true,"href":"https:\/\/diariodominicano.com\/index.php?rest_route=%2Fwp%2Fv2%2Fcomments&post=249242"}],"version-history":[{"count":0,"href":"https:\/\/diariodominicano.com\/index.php?rest_route=\/wp\/v2\/posts\/249242\/revisions"}],"wp:attachment":[{"href":"https:\/\/diariodominicano.com\/index.php?rest_route=%2Fwp%2Fv2%2Fmedia&parent=249242"}],"wp:term":[{"taxonomy":"category","embeddable":true,"href":"https:\/\/diariodominicano.com\/index.php?rest_route=%2Fwp%2Fv2%2Fcategories&post=249242"},{"taxonomy":"post_tag","embeddable":true,"href":"https:\/\/diariodominicano.com\/index.php?rest_route=%2Fwp%2Fv2%2Ftags&post=249242"}],"curies":[{"name":"wp","href":"https:\/\/api.w.org\/{rel}","templated":true}]}}