{"id":249241,"date":"2016-07-26T12:40:11","date_gmt":"2016-07-26T12:40:11","guid":{"rendered":"http:\/\/diariodominicano.ddns.net\/?p=249241"},"modified":"2016-07-26T12:40:11","modified_gmt":"2016-07-26T12:40:11","slug":"el-ei-dice-que-los-atacantes-de-la-iglesia-en-francia-eran-dos-de-sus-soldados","status":"publish","type":"post","link":"https:\/\/diariodominicano.com\/?p=249241","title":{"rendered":"El EI dice que los atacantes de la iglesia en Francia eran dos de sus \u00absoldados\u00bb&#13;"},"content":{"rendered":"<p><body><\/p>\n<p><img decoding=\"async\" src=\"img3\/fe2c2a56dbe58352f7023173af8525d97d766c95.jpg\" \/><br \/><img decoding=\"async\" src=\"img3\/765e9e85cc9cdfe3eb037a7d26031259e1c69d19.jpg\" \/><br \/><img decoding=\"async\" src=\"img3\/0e83adb6c8d4f9ceb59adeda2d66b32ac2591875.jpg\" \/>  <\/p>\n<\/p>\n<p><strong>AFP \/ Charly Triballeau<\/strong><\/p>\n<p><strong>La polic\u00eda francesa y los bomberos llegan a la iglesia de Saint-Etienne-du-Rouvray, en el norte del pa\u00eds, donde un cura fue degollado el 26 de julio de 2016<\/strong><\/p>\n<p>El grupo yihadista Estado Isl\u00e1mico (EI) dijo este jueves que los dos atacantes que irrumpieron este martes en una iglesia Francia y mataron a un cura octogenario eran sus \u00absoldados\u00bb, inform\u00f3 Amaq, un \u00f3rgano de propaganda del grupo yihadista.<\/p>\n<p>\u00abLos atacantes de la iglesia normanda son soldados del Estado Isl\u00e1mico que realizaron el ataque en respuesta a llamamientos a atacar pa\u00edses de la coalici\u00f3n\u00bb internacional que combate al EI en Irak y Siria, seg\u00fan Amaq.<\/p>\n<p>Uno de los dos autores de la toma de rehenes \u00abestaba fichado por los servicios antiterroristas\u00bb, dijeron a la AFP fuentes cercanas a la investigaci\u00f3n.<\/p>\n<p>Seg\u00fan los primeros elementos de la investigaci\u00f3n, que deben ser confirmados por la identificaci\u00f3n formal de los dos atacantes, este hombre, que fue abatido por la polic\u00eda junto a un c\u00f3mplice, estaba fichado por los servicios de inteligencia, detallaron estas fuentes.<\/p>\n<p>Este individuo trat\u00f3 de viajar a Siria en 2015 y, al regresar a Francia, desde Turqu\u00eda, fue puesto en prisi\u00f3n preventiva, acusado de asociaci\u00f3n delictiva en relaci\u00f3n con una empresa terrorista. Posteriormente, fue liberado, con condici\u00f3n de llevar un brazalete electr\u00f3nico.<\/p>\n<\/p>\n<p>AFP \/ &#8211;<\/p>\n<p>Localizaci\u00f3n de la iglesia St-Etienne-du-Rouvray, Francia, donde dos hombres mataron a un cura en una toma de rehenes el 26 de julio de 2016<\/p>\n<p>Cinco personas se encontraban en esta iglesia de Saint-Etienne-du-Rouvray, una localidad normanda a 125 kil\u00f3metros de Par\u00eds, cuando dos atacantes entraron en el recinto, dijo Pierre Henry Brandet, un portavoz del Ministerio del Interior.<\/p>\n<p>La iglesia estaba luego rodeada por miembros de la Brigada de Busca e Intervenci\u00f3n (BRI), especialista en secuestros, cuando \u00ablos dos atacantes salieron y fueron abatidos por la polic\u00eda\u00bb, indic\u00f3.<\/p>\n<p>Tres rehenes fueron liberados sanos y salvos y un cuarto, un feligr\u00e9s, se encuentra entre la vida y la muerte.<\/p>\n<p>Fuentes cercanas a la investigaci\u00f3n informaron de que el cura de la iglesia Saint-Etienne fue degollado. El arzobispo de la cercana ciudad de Rouen, Dominique Lebrun, indic\u00f3 que la v\u00edctima se llamaba Jacques Hamel y ten\u00eda 84 a\u00f1os.<\/p>\n<p>\u00abEstoy un poco aturdido, pero me alivia que los j\u00f3venes quieran construir una civilizaci\u00f3n del amor,\u00bb declar\u00f3 a la prensa Lebrun.<\/p>\n<p>El religioso acababa de llegar a Cracovia (Polonia) para acompa\u00f1ar a un grupo de j\u00f3venes franceses que participa a la Jornada Mundial de la Juventud, que presidir\u00e1 a partir del jueves el papa Francisco.<\/p>\n<\/p>\n<p>AFP \/ Charly Triballeau<\/p>\n<p>Un agente de polic\u00eda franc\u00e9s vigila el ayuntamiento de la localidad de Saint-Etienne-du-Rouvray, en el norte del pa\u00eds, el 26 de julio de 2016, tras la toma de rehenes de una iglesia en la ciudad, donde muri\u00f3 degollado el cura<\/p>\n<p>Lebrun anunci\u00f3 que regresa este mismo tarde a Francia para acompa\u00f1ar a los fieles de su di\u00f3cesis.<\/p>\n<p>\u00abMi deber es estar cerca de mi comunidad, que est\u00e1 conmocionada\u00bb, dijo.<\/p>\n<p>\u00abLamento abandonar a estos j\u00f3venes que est\u00e1n en shock por lo ocurrido. Pero quedan bien acompa\u00f1ados por una docena de sacerdotes\u00bb, agreg\u00f3.<\/p>\n<p>El asesinato del cura afect\u00f3 al grupo de j\u00f3venes franceses, entre la comunidad m\u00e1s numerosa que asiste al encuentro mundial de Cracovia.<\/p>\n<p>\u00abLa fraternidad entre los pueblos es la \u00fanica respuesta al terrorismo, debe ser la respuesta a la violencia\u00bb, asegur\u00f3 el arzobispo.<\/p>\n<p>\u00abNo vamos a tomar las armas. Vamos a orar, vamos a tratar de amar como Jes\u00fas nos ense\u00f1\u00f3\u00bb, agreg\u00f3.<\/p>\n<p>El religioso considera que el atentado no generar\u00e1 la renuncia de j\u00f3venes cat\u00f3licos a viajar a Cracovia.<\/p>\n<p>\u00abEs otra masacre, una m\u00e1s, m\u00e1s violencia. La JMJ no es un sue\u00f1o, vivimos en la realidad del mundo y estos j\u00f3venes lo saben \u00bb dijo.<\/p>\n<\/p>\n<p>AFP \/ Charly Triballeau<\/p>\n<p>Veh\u00edculos de polic\u00eda y bomberos en el lugar de la toma de rehenes en una iglesia de Saint-Etienne-du-Rouvray, localidad del norte de Francia, el 26 de julio de 2016. En el suceso muri\u00f3 el cura de la parroquia y los dos autores fueron abatidos<\/p>\n<p>El papa Francisco dijo que compart\u00eda el \u00abdolor y horror\u00bb por este \u00abasesinato b\u00e1rbaro\u00bb, indic\u00f3 El Vaticano en un comunicado.<\/p>\n<p>\u00abEstamos particularmente afectados por esta violencia horrible ocurrida en una iglesia, un lugar sagrado en el que se anuncia el amor de Dios\u00bb, se\u00f1ala la nota.<\/p>\n<p>Esta toma de rehenes se produce en un contexto de alerta m\u00e1xima en Francia, doce d\u00edas despu\u00e9s de un atentado en Niza (sureste), reivindicado por el grupo yihadista Estado Isl\u00e1mico, que dej\u00f3 84 muertos y m\u00e1s de 300 heridos.<\/p>\n<p>El presidente franc\u00e9s, Fran\u00e7ois Hollande, que se traslad\u00f3 inmediatamente al lugar de los hechos, conden\u00f3 este \u00abvil atentado terrorista\u00bb.<\/p>\n<p>&#8211; \u00abUn ataque b\u00e1rbaro\u00bb &#8211;<\/p>\n<p>Las im\u00e1genes mostraban varios veh\u00edculos de emergencia y de polic\u00eda en el lugar de los hechos y calles cerradas.<\/p>\n<p>El primer ministro, Manuel Valls, expres\u00f3 su horror por este \u00abataque b\u00e1rbaro contra una iglesia\u00bb. \u00abToda Francia y todos los cat\u00f3licos est\u00e1n heridos. Nos mantendremos juntos\u00bb, escribi\u00f3 en Twitter.<\/p>\n<p>Valls hab\u00eda advertido hace una semana de que Francia deb\u00eda prepararse a ser blanco de \u00abotros atentados\u00bb.<\/p>\n<\/p>\n<p>AFP \/ Charly Triballeau<\/p>\n<p>El presidente franc\u00e9s, Fran\u00e7ois Hollande (centro), flanqueado por el alcalde de Saint-Etienne-du-Rouvray, Hubert Wulfranc (izq), y el ministro del Interior franc\u00e9s, Bernard Cazeneuve, en el ayuntamiento de la ciudad el 26 de julio de 2016<\/p>\n<p>Francia, que ha sido blanco de tres ataques de gran envergadura en los \u00faltimos 18 meses ?17 muertos en enero de 2015, 130 muertos el 13 de noviembre de ese a\u00f1o y 84 muertos el 14 de julio? vive sumida en el miedo de nuevos ataques.<\/p>\n<p>Varios ataques en Alemania en los \u00faltimos d\u00edas, algunos de ellos reivindicados por el grupo Estado Isl\u00e1mico, han aumentado tambi\u00e9n los temores en Europa.<\/p>\n<p>Despu\u00e9s del ataque en Niza, Francia extendi\u00f3 seis meses el estado de emergencia, en vigor desde los ataques yihadistas del 13 de noviembre de 2015 en Par\u00eds.<\/p>\n<p>Este r\u00e9gimen da a la polic\u00eda poderes adicionales para llevar a cabo registros y para poner a sospechosos bajo arresto domiciliario.<\/p>\n<p>En su propaganda y sus comunicados de reivindicaci\u00f3n, el grupo Estado Isl\u00e1mico insta a atacar a los dirigentes \u00abcruzados\u00bb occidentales y al \u00abreino de la Cruz\u00bb, una expresi\u00f3n que har\u00eda referencia a Europa.<\/p>\n<p>La amenaza de un ataque contra un lugar de culto cristiano estaba en mente de todos en Francia, sobre todo despu\u00e9s de que se abortara un proyecto de atentado contra una iglesia cat\u00f3lica en las afueras de Par\u00eds en abril de 2015.<\/p>\n<p>Tras este proyecto de atentado, el Gobierno hab\u00eda anunciado que adaptar\u00eda su dispositivo de lucha antiterrorista a los lugares de culto cat\u00f3licos.<\/p>\n<p>Cerca de 700 escuelas y sinagogas jud\u00edas, as\u00ed como entre 1.000 y 2.500 mezquitas, est\u00e1n protegidas por militares, pero parece dif\u00edcil aplicar las mismas medidas de seguridad en las 4.500 iglesias cat\u00f3licas que cuenta el pa\u00eds.<\/p>\n<h6> 2016-07-26 12:40:11 <\/h6>\n<p><!--\n<link rel=\"stylesheet\" href=\"css\/bootstrap.min.css\">\n\n\n<ul class=\"pagination\">\n\t    \n\t\n\n<li >\n\t<a href='?page_no=18885'>Previous<\/a>\n\t<\/li>\n\n\n       \n    \n\n<li><a href='?page_no=1'>1<\/a><\/li>\n\n\n\n<li><a href='?page_no=2'>2<\/a><\/li>\n\n\n\n<li><a>...<\/a><\/li>\n\n\n\n<li><a href='?page_no=18884'>18884<\/a><\/li>\n\n\n\n<li><a href='?page_no=18885'>18885<\/a><\/li>\n\n\n\n<li class='active'><a>18886<\/a><\/li>\n\n\n\n<li><a href='?page_no=18887'>18887<\/a><\/li>\n\n\n\n<li><a href='?page_no=18888'>18888<\/a><\/li>\n\n\n\n<li><a>...<\/a><\/li>\n\n\n\n<li><a href='?page_no=51012'>51012<\/a><\/li>\n\n\n\n<li><a href='?page_no=51013'>51013<\/a><\/li>\n\n    \n\t\n\n<li >\n\t<a href='?page_no=18887'>Next<\/a>\n\t<\/li>\n\n\n    \n\n<li><a href='?page_no=51013'>Last &rsaquo;&rsaquo;<\/a><\/li>\n\n<\/ul>\n\n\n--><br \/>\n<\/body><\/p>\n","protected":false},"excerpt":{"rendered":"<p>AFP \/ Charly Triballeau La polic\u00eda francesa y los bomberos llegan a la iglesia de Saint-Etienne-du-Rouvray, en el norte del pa\u00eds, donde un cura fue degollado el 26 de julio de 2016 El grupo yihadista Estado Isl\u00e1mico (EI) dijo este jueves que los dos atacantes que irrumpieron este martes en una iglesia Francia y mataron [&hellip;]<\/p>\n","protected":false},"author":3,"featured_media":0,"comment_status":"open","ping_status":"open","sticky":false,"template":"","format":"standard","meta":{"footnotes":""},"categories":[23],"tags":[],"class_list":["post-249241","post","type-post","status-publish","format-standard","hentry","category-internacional"],"_links":{"self":[{"href":"https:\/\/diariodominicano.com\/index.php?rest_route=\/wp\/v2\/posts\/249241","targetHints":{"allow":["GET"]}}],"collection":[{"href":"https:\/\/diariodominicano.com\/index.php?rest_route=\/wp\/v2\/posts"}],"about":[{"href":"https:\/\/diariodominicano.com\/index.php?rest_route=\/wp\/v2\/types\/post"}],"author":[{"embeddable":true,"href":"https:\/\/diariodominicano.com\/index.php?rest_route=\/wp\/v2\/users\/3"}],"replies":[{"embeddable":true,"href":"https:\/\/diariodominicano.com\/index.php?rest_route=%2Fwp%2Fv2%2Fcomments&post=249241"}],"version-history":[{"count":0,"href":"https:\/\/diariodominicano.com\/index.php?rest_route=\/wp\/v2\/posts\/249241\/revisions"}],"wp:attachment":[{"href":"https:\/\/diariodominicano.com\/index.php?rest_route=%2Fwp%2Fv2%2Fmedia&parent=249241"}],"wp:term":[{"taxonomy":"category","embeddable":true,"href":"https:\/\/diariodominicano.com\/index.php?rest_route=%2Fwp%2Fv2%2Fcategories&post=249241"},{"taxonomy":"post_tag","embeddable":true,"href":"https:\/\/diariodominicano.com\/index.php?rest_route=%2Fwp%2Fv2%2Ftags&post=249241"}],"curies":[{"name":"wp","href":"https:\/\/api.w.org\/{rel}","templated":true}]}}