{"id":249240,"date":"2016-07-26T16:29:06","date_gmt":"2016-07-26T16:29:06","guid":{"rendered":"http:\/\/diariodominicano.ddns.net\/?p=249240"},"modified":"2016-07-26T16:29:06","modified_gmt":"2016-07-26T16:29:06","slug":"joven-japones-acuchillo-a-44-personas-discapacitadas","status":"publish","type":"post","link":"https:\/\/diariodominicano.com\/?p=249240","title":{"rendered":"&#13;Joven japon\u00e9s acuchill\u00f3 a 44 personas discapacitadas"},"content":{"rendered":"<p><body><\/p>\n<p><img decoding=\"async\" src=\"img3\/japon-asilo.jpg\" \/>  <\/p>\n<p><span class=\"text1noticias\"> <\/span><\/p>\n<p><span class=\"text1noticias\">  <\/span><\/p>\n<p><span class=\"text1noticias\">Tokio, 26 jul (PL) Un joven japon\u00e9s de 26 a\u00f1os asesin\u00f3 hoy a 19 personas e hiri\u00f3 a 25 con una arma blanca, tras escabullirse en una instituci\u00f3n para discapacitados en la prefectura de Kanagawa.(PLRadio)<\/span><\/p>\n<\/p>\n<p><span class=\"text1noticias\">Seg\u00fan la polic\u00eda nipona, de los heridos, 20 se hallan en estado grave.<\/span><\/p>\n<\/p>\n<p><span class=\"text1noticias\">La agencia de noticias Kyodo difundi\u00f3 que el hombre conoc\u00eda el local pues trabaj\u00f3 ah\u00ed y entr\u00f3 en plena madrugada, cuando todos dorm\u00edan.<\/span><\/p>\n<\/p>\n<p><span class=\"text1noticias\">Tras cometer la peor masacre en la historia moderna de Jap\u00f3n, el atacante, identificado como Satoshi Uematsu, se entreg\u00f3 en una comisar\u00eda.<\/span><\/p>\n<\/p>\n<p><span class=\"text1noticias\">En 2001 un hombre armado con un cuchillo de cocina irrumpi\u00f3 en una escuela primaria en Osaka y mat\u00f3 a ocho ni\u00f1os, mientras que en 2008, otro atacante condujo un cami\u00f3n contra una multitud en Tokio y acuchill\u00f3 a siete.<\/span><\/p>\n<\/p>\n<p><span class=\"text1noticias\">Las armas de fuego son poco comunes aqu\u00ed, por lo que los actos de violencia son siempre perpetrados con instrumentos caseros.<\/span><\/p>\n<h6> 2016-07-26 16:29:06 <\/h6>\n<p><!--\n<link rel=\"stylesheet\" href=\"css\/bootstrap.min.css\">\n\n\n<ul class=\"pagination\">\n\t    \n\t\n\n<li >\n\t<a href='?page_no=18884'>Previous<\/a>\n\t<\/li>\n\n\n       \n    \n\n<li><a href='?page_no=1'>1<\/a><\/li>\n\n\n\n<li><a href='?page_no=2'>2<\/a><\/li>\n\n\n\n<li><a>...<\/a><\/li>\n\n\n\n<li><a href='?page_no=18883'>18883<\/a><\/li>\n\n\n\n<li><a href='?page_no=18884'>18884<\/a><\/li>\n\n\n\n<li class='active'><a>18885<\/a><\/li>\n\n\n\n<li><a href='?page_no=18886'>18886<\/a><\/li>\n\n\n\n<li><a href='?page_no=18887'>18887<\/a><\/li>\n\n\n\n<li><a>...<\/a><\/li>\n\n\n\n<li><a href='?page_no=51012'>51012<\/a><\/li>\n\n\n\n<li><a href='?page_no=51013'>51013<\/a><\/li>\n\n    \n\t\n\n<li >\n\t<a href='?page_no=18886'>Next<\/a>\n\t<\/li>\n\n\n    \n\n<li><a href='?page_no=51013'>Last &rsaquo;&rsaquo;<\/a><\/li>\n\n<\/ul>\n\n\n--><br \/>\n<\/body><\/p>\n","protected":false},"excerpt":{"rendered":"<p>Tokio, 26 jul (PL) Un joven japon\u00e9s de 26 a\u00f1os asesin\u00f3 hoy a 19 personas e hiri\u00f3 a 25 con una arma blanca, tras escabullirse en una instituci\u00f3n para discapacitados en la prefectura de Kanagawa.(PLRadio) Seg\u00fan la polic\u00eda nipona, de los heridos, 20 se hallan en estado grave. La agencia de noticias Kyodo difundi\u00f3 que [&hellip;]<\/p>\n","protected":false},"author":3,"featured_media":0,"comment_status":"open","ping_status":"open","sticky":false,"template":"","format":"standard","meta":{"footnotes":""},"categories":[23],"tags":[],"class_list":["post-249240","post","type-post","status-publish","format-standard","hentry","category-internacional"],"_links":{"self":[{"href":"https:\/\/diariodominicano.com\/index.php?rest_route=\/wp\/v2\/posts\/249240","targetHints":{"allow":["GET"]}}],"collection":[{"href":"https:\/\/diariodominicano.com\/index.php?rest_route=\/wp\/v2\/posts"}],"about":[{"href":"https:\/\/diariodominicano.com\/index.php?rest_route=\/wp\/v2\/types\/post"}],"author":[{"embeddable":true,"href":"https:\/\/diariodominicano.com\/index.php?rest_route=\/wp\/v2\/users\/3"}],"replies":[{"embeddable":true,"href":"https:\/\/diariodominicano.com\/index.php?rest_route=%2Fwp%2Fv2%2Fcomments&post=249240"}],"version-history":[{"count":0,"href":"https:\/\/diariodominicano.com\/index.php?rest_route=\/wp\/v2\/posts\/249240\/revisions"}],"wp:attachment":[{"href":"https:\/\/diariodominicano.com\/index.php?rest_route=%2Fwp%2Fv2%2Fmedia&parent=249240"}],"wp:term":[{"taxonomy":"category","embeddable":true,"href":"https:\/\/diariodominicano.com\/index.php?rest_route=%2Fwp%2Fv2%2Fcategories&post=249240"},{"taxonomy":"post_tag","embeddable":true,"href":"https:\/\/diariodominicano.com\/index.php?rest_route=%2Fwp%2Fv2%2Ftags&post=249240"}],"curies":[{"name":"wp","href":"https:\/\/api.w.org\/{rel}","templated":true}]}}