{"id":249239,"date":"2016-07-26T16:34:12","date_gmt":"2016-07-26T16:34:12","guid":{"rendered":"http:\/\/diariodominicano.ddns.net\/?p=249239"},"modified":"2016-07-26T16:34:12","modified_gmt":"2016-07-26T16:34:12","slug":"rechaza-ue-acusaciones-de-turquia-sobre-incumplimiento-de-acuerdos","status":"publish","type":"post","link":"https:\/\/diariodominicano.com\/?p=249239","title":{"rendered":"&#13;&#13;Rechaza UE acusaciones de Turqu\u00eda sobre incumplimiento de acuerdos"},"content":{"rendered":"<p><body><\/p>\n<p><img decoding=\"async\" src=\"img3\/unione-europea.jpg\" \/>  <\/p>\n<\/p>\n<p>Bruselas, 26 jul (PL) La Uni\u00f3n Europea (UE) rechaz\u00f3 hoy acusaciones del presidente turco Recep Tayyip Erdogan sobre el supuesto incumplimiento por ese bloque de compromisos relacionados con la ayuda a refugiados en su pa\u00eds.<\/p>\n<\/p>\n<p>Margaritis Schinas, vocero de la Comisi\u00f3n Europea, declar\u00f3 este martes que \u00absimplemente no es verdad\u00bb, la reciente imputaci\u00f3n de Erdogan contra la UE la cual, seg\u00fan dijo el mandatario, se comprometi\u00f3 a entregar tres mil millones de euros a Turqu\u00eda para asistir a migrantes en su territorio, pero s\u00f3lo aport\u00f3 \u00absumas simb\u00f3licas\u00bb.<\/p>\n<\/p>\n<p>Schinas manifest\u00f3 en conferencia de prensa que el organismo regional est\u00e1 cumpliendo su acuerdo de ayuda financiera para apoyar a los refugiados a cambio de lo cual Ankara acept\u00f3 acoger de vuelta en su territorio a los migrantes llegados a Grecia, como medida para frenar la ola de refugiados hacia Europa.<\/p>\n<\/p>\n<p>El portavoz asegur\u00f3 que ya la UE asign\u00f3 740 millones de euros, de los tres mil acordados con el gobierno turco para socorrer a casi tres millones de personas, en su mayor\u00eda sirios, que como consecuencia de la guerra en su pa\u00eds se trasladaron hacia esa vecina naci\u00f3n.<\/p>\n<\/p>\n<p>Aclar\u00f3 el funcionario de la comunidad europea que la aprobaci\u00f3n de la ayuda se realiza sobre la base de requisitos muy estrictos para garantizar que tenga un impacto en la situaci\u00f3n de los refugiados en el terreno, pues la misma va dirigida a estos y no a las autoridades turcas.<\/p>\n<\/p>\n<p>Schinas anunci\u00f3 que la UE tiene previsto aprobar en los pr\u00f3ximos d\u00edas otros mil 400 millones de euros para elevar antes de que finalice julio a dos mil 150 millones de euros la ayuda asignada.<\/p>\n<h6> 2016-07-26 16:34:12 <\/h6>\n<p><!--\n<link rel=\"stylesheet\" href=\"css\/bootstrap.min.css\">\n\n\n<ul class=\"pagination\">\n\t    \n\t\n\n<li >\n\t<a href='?page_no=18883'>Previous<\/a>\n\t<\/li>\n\n\n       \n    \n\n<li><a href='?page_no=1'>1<\/a><\/li>\n\n\n\n<li><a href='?page_no=2'>2<\/a><\/li>\n\n\n\n<li><a>...<\/a><\/li>\n\n\n\n<li><a href='?page_no=18882'>18882<\/a><\/li>\n\n\n\n<li><a href='?page_no=18883'>18883<\/a><\/li>\n\n\n\n<li class='active'><a>18884<\/a><\/li>\n\n\n\n<li><a href='?page_no=18885'>18885<\/a><\/li>\n\n\n\n<li><a href='?page_no=18886'>18886<\/a><\/li>\n\n\n\n<li><a>...<\/a><\/li>\n\n\n\n<li><a href='?page_no=51012'>51012<\/a><\/li>\n\n\n\n<li><a href='?page_no=51013'>51013<\/a><\/li>\n\n    \n\t\n\n<li >\n\t<a href='?page_no=18885'>Next<\/a>\n\t<\/li>\n\n\n    \n\n<li><a href='?page_no=51013'>Last &rsaquo;&rsaquo;<\/a><\/li>\n\n<\/ul>\n\n\n--><br \/>\n<\/body><\/p>\n","protected":false},"excerpt":{"rendered":"<p>Bruselas, 26 jul (PL) La Uni\u00f3n Europea (UE) rechaz\u00f3 hoy acusaciones del presidente turco Recep Tayyip Erdogan sobre el supuesto incumplimiento por ese bloque de compromisos relacionados con la ayuda a refugiados en su pa\u00eds. Margaritis Schinas, vocero de la Comisi\u00f3n Europea, declar\u00f3 este martes que \u00absimplemente no es verdad\u00bb, la reciente imputaci\u00f3n de Erdogan [&hellip;]<\/p>\n","protected":false},"author":3,"featured_media":0,"comment_status":"open","ping_status":"open","sticky":false,"template":"","format":"standard","meta":{"footnotes":""},"categories":[23],"tags":[],"class_list":["post-249239","post","type-post","status-publish","format-standard","hentry","category-internacional"],"_links":{"self":[{"href":"https:\/\/diariodominicano.com\/index.php?rest_route=\/wp\/v2\/posts\/249239","targetHints":{"allow":["GET"]}}],"collection":[{"href":"https:\/\/diariodominicano.com\/index.php?rest_route=\/wp\/v2\/posts"}],"about":[{"href":"https:\/\/diariodominicano.com\/index.php?rest_route=\/wp\/v2\/types\/post"}],"author":[{"embeddable":true,"href":"https:\/\/diariodominicano.com\/index.php?rest_route=\/wp\/v2\/users\/3"}],"replies":[{"embeddable":true,"href":"https:\/\/diariodominicano.com\/index.php?rest_route=%2Fwp%2Fv2%2Fcomments&post=249239"}],"version-history":[{"count":0,"href":"https:\/\/diariodominicano.com\/index.php?rest_route=\/wp\/v2\/posts\/249239\/revisions"}],"wp:attachment":[{"href":"https:\/\/diariodominicano.com\/index.php?rest_route=%2Fwp%2Fv2%2Fmedia&parent=249239"}],"wp:term":[{"taxonomy":"category","embeddable":true,"href":"https:\/\/diariodominicano.com\/index.php?rest_route=%2Fwp%2Fv2%2Fcategories&post=249239"},{"taxonomy":"post_tag","embeddable":true,"href":"https:\/\/diariodominicano.com\/index.php?rest_route=%2Fwp%2Fv2%2Ftags&post=249239"}],"curies":[{"name":"wp","href":"https:\/\/api.w.org\/{rel}","templated":true}]}}