{"id":249238,"date":"2016-07-26T16:37:45","date_gmt":"2016-07-26T16:37:45","guid":{"rendered":"http:\/\/diariodominicano.ddns.net\/?p=249238"},"modified":"2016-07-26T16:37:45","modified_gmt":"2016-07-26T16:37:45","slug":"suman-87-los-cadaveres-de-migrantes-hallados-en-costa-libia","status":"publish","type":"post","link":"https:\/\/diariodominicano.com\/?p=249238","title":{"rendered":"Suman 87 los cad\u00e1veres de migrantes hallados en costa libia"},"content":{"rendered":"<p><body><\/p>\n<p><img decoding=\"async\" src=\"img3\/libia-emigrantes-ahogados.jpg\" \/>  <\/p>\n<\/p>\n<p><span class=\"text1noticias\">  <\/span><\/p>\n<p><span class=\"text1noticias\">Tr\u00edpoli, 26 jul (PL) Los trabajadores de rescate y personal voluntario de Libia, recuperaron en los \u00faltimos d\u00edas 87 cad\u00e1veres de migrantes que perecieron al intentar alcanzar las costas europeas, informan hoy medios de prensa.<\/span><\/p>\n<\/p>\n<p><span class=\"text1noticias\">Los cuerpos comenzaron a vararse en la playa de la ciudad de Sabratha el viernes, y el s\u00e1bado se confirm\u00f3 que s\u00f3lo ese d\u00eda se extrajeron 41 cad\u00e1veres de las aguas que trasladaron a un dep\u00f3sito para practicarles pruebas de ADN, antes de sepultarlos.<\/span><\/p>\n<\/p>\n<p><span class=\"text1noticias\">El resto de los ahogados se encontraron durante el fin de semana, agregaron los medios.<\/span><\/p>\n<\/p>\n<p><span class=\"text1noticias\">Seg\u00fan esas fuentes, gran n\u00famero de personas procedentes de Oriente Medio y el Norte de \u00c1frica, murieron en los \u00faltimos meses cuando intentaban llegar a Europa por mar.<\/span><\/p>\n<\/p>\n<p><span class=\"text1noticias\">En ese contexto, las costas de Libia son punto de partida para las personas que tratan de emigrar hacia el Viejo Continente, en muchas ocasiones con embarcaciones muy inseguras que transportan a cientos de individuos, las cuales a menudo se hunden frente al litoral occidental de este pa\u00eds.<\/span><\/p>\n<\/p>\n<p><span class=\"text1noticias\">Tambi\u00e9n forma parte de esa maquinaria estrechamente relacionada con la ilegalidad, el hecho de que los traficantes de personas aprovechan el caos que sufre Libia desde el 2011 para aprovechar y lucrar con su negocio, aunque est\u00e9n en peligro vidas humanas.<\/span><\/p>\n<\/p>\n<p><span class=\"text1noticias\">Seg\u00fan el Alto Comisionado de Naciones Unidas para los Refugiados (Acnur), m\u00e1s de 10 mil personas con destino a Europa, en su mayor\u00eda subsaharianos, murieron o se dieron como desaparecidos en el mar Mediterr\u00e1neo desde el 2014.<\/span><\/p>\n<h6> 2016-07-26 16:37:45 <\/h6>\n<p><!--\n<link rel=\"stylesheet\" href=\"css\/bootstrap.min.css\">\n\n\n<ul class=\"pagination\">\n\t    \n\t\n\n<li >\n\t<a href='?page_no=18882'>Previous<\/a>\n\t<\/li>\n\n\n       \n    \n\n<li><a href='?page_no=1'>1<\/a><\/li>\n\n\n\n<li><a href='?page_no=2'>2<\/a><\/li>\n\n\n\n<li><a>...<\/a><\/li>\n\n\n\n<li><a href='?page_no=18881'>18881<\/a><\/li>\n\n\n\n<li><a href='?page_no=18882'>18882<\/a><\/li>\n\n\n\n<li class='active'><a>18883<\/a><\/li>\n\n\n\n<li><a href='?page_no=18884'>18884<\/a><\/li>\n\n\n\n<li><a href='?page_no=18885'>18885<\/a><\/li>\n\n\n\n<li><a>...<\/a><\/li>\n\n\n\n<li><a href='?page_no=51012'>51012<\/a><\/li>\n\n\n\n<li><a href='?page_no=51013'>51013<\/a><\/li>\n\n    \n\t\n\n<li >\n\t<a href='?page_no=18884'>Next<\/a>\n\t<\/li>\n\n\n    \n\n<li><a href='?page_no=51013'>Last &rsaquo;&rsaquo;<\/a><\/li>\n\n<\/ul>\n\n\n--><br \/>\n<\/body><\/p>\n","protected":false},"excerpt":{"rendered":"<p>Tr\u00edpoli, 26 jul (PL) Los trabajadores de rescate y personal voluntario de Libia, recuperaron en los \u00faltimos d\u00edas 87 cad\u00e1veres de migrantes que perecieron al intentar alcanzar las costas europeas, informan hoy medios de prensa. Los cuerpos comenzaron a vararse en la playa de la ciudad de Sabratha el viernes, y el s\u00e1bado se confirm\u00f3 [&hellip;]<\/p>\n","protected":false},"author":3,"featured_media":0,"comment_status":"open","ping_status":"open","sticky":false,"template":"","format":"standard","meta":{"footnotes":""},"categories":[23],"tags":[],"class_list":["post-249238","post","type-post","status-publish","format-standard","hentry","category-internacional"],"_links":{"self":[{"href":"https:\/\/diariodominicano.com\/index.php?rest_route=\/wp\/v2\/posts\/249238","targetHints":{"allow":["GET"]}}],"collection":[{"href":"https:\/\/diariodominicano.com\/index.php?rest_route=\/wp\/v2\/posts"}],"about":[{"href":"https:\/\/diariodominicano.com\/index.php?rest_route=\/wp\/v2\/types\/post"}],"author":[{"embeddable":true,"href":"https:\/\/diariodominicano.com\/index.php?rest_route=\/wp\/v2\/users\/3"}],"replies":[{"embeddable":true,"href":"https:\/\/diariodominicano.com\/index.php?rest_route=%2Fwp%2Fv2%2Fcomments&post=249238"}],"version-history":[{"count":0,"href":"https:\/\/diariodominicano.com\/index.php?rest_route=\/wp\/v2\/posts\/249238\/revisions"}],"wp:attachment":[{"href":"https:\/\/diariodominicano.com\/index.php?rest_route=%2Fwp%2Fv2%2Fmedia&parent=249238"}],"wp:term":[{"taxonomy":"category","embeddable":true,"href":"https:\/\/diariodominicano.com\/index.php?rest_route=%2Fwp%2Fv2%2Fcategories&post=249238"},{"taxonomy":"post_tag","embeddable":true,"href":"https:\/\/diariodominicano.com\/index.php?rest_route=%2Fwp%2Fv2%2Ftags&post=249238"}],"curies":[{"name":"wp","href":"https:\/\/api.w.org\/{rel}","templated":true}]}}