{"id":249237,"date":"2016-07-27T08:16:38","date_gmt":"2016-07-27T08:16:38","guid":{"rendered":"http:\/\/diariodominicano.ddns.net\/?p=249237"},"modified":"2016-07-27T08:16:38","modified_gmt":"2016-07-27T08:16:38","slug":"dedican-misa-inaugural-a-sacerdote-asesinado-en-francia","status":"publish","type":"post","link":"https:\/\/diariodominicano.com\/?p=249237","title":{"rendered":"Dedican Misa inaugural a sacerdote asesinado en Francia"},"content":{"rendered":"<p><body><\/p>\n<p><img decoding=\"async\" src=\"img3\/ACIPrensa27-7.jpg\" \/><br \/><img decoding=\"async\" src=\"img3\/JMJ27-7.jpg\" \/>  <\/p>\n<p><span class=\"text1noticias\">Cracovia, 27 Jul. 16 (ACI).- El Arzobispo de Cracovia (Polonia), Cardenal Stanislaw Dziwisz, presidi\u00f3 este mi\u00e9rcoles la Misa inaugural de la Jornada Mundial de la Juventud (JMJ) 2016, la cual dedic\u00f3 al P. Jacques Hamel, sacerdote asesinado esta ma\u00f1ana por el Estado Isl\u00e1mico (ISIS) en Francia.<\/span><\/p>\n<p><span class=\"text1noticias\"> <\/span><\/p>\n<p><span class=\"text1noticias\">El Purpurado expres\u00f3 este deseo durante las palabras de bienvenida a los miles de peregrinos reunidos en el Parque Blonia. El P. Hamel fue asesinado por dos terroristas del ISIS, que tomaron la iglesia de St Etienne du Rouvray cuando celebraba Misa.<\/span><\/p>\n<p><span class=\"text1noticias\"> <\/span><\/p>\n<p><span class=\"text1noticias\">El Cardenal concelebr\u00f3 la Eucarist\u00eda con un sacerdote de la Arquidi\u00f3cesis de Rouen (Francia), donde ocurri\u00f3 el crimen.<\/span><\/p>\n<p><span class=\"text1noticias\"> <\/span><\/p>\n<p><span class=\"text1noticias\">Tres preguntas para peregrinos de JMJ<\/span><\/p>\n<p><span class=\"text1noticias\"> <\/span><\/p>\n<p><span class=\"text1noticias\">\u00abHemos estado esperando este momento (para celebrar la JMJ) durante tres a\u00f1os\u00bb, expres\u00f3 el Arzobispo de Cracovia ante los miles de j\u00f3venes, que pese a la fuerte e intermitente lluvia que cay\u00f3 por horas, se acercaron hasta el lugar para participar en la Misa, muchos de ellos con banderas de sus respectivos pa\u00edses. Ya desde horas antes, los peregrinos llegaban al lugar cantando y rezando.<\/span><\/p>\n<p><span class=\"text1noticias\"> <\/span><\/p>\n<p><span class=\"text1noticias\">El Purpurado explic\u00f3 que los j\u00f3venes \u00abhan venido desde todos los continentes y naciones, desde el este al oeste, del norte al sur del globo. Han tra\u00eddo su experiencia, han cargado sus deseos. Se comunican en much\u00edsimas lenguas pero desde hoy se van a comunicar en el lenguaje del Evangelio, que es tambi\u00e9n el leguaje del amor, la hermandad, la solidaridad y<\/span><\/p>\n<p><span class=\"text1noticias\">la paz\u00bb.<\/span><\/p>\n<p><span class=\"text1noticias\"> <\/span><\/p>\n<p><span class=\"text1noticias\">Tambi\u00e9n tuvo palabras hacia San Juan Pablo II, de quien fue secretario personal durante los 25 a\u00f1os de su Pontificado. El Arzobispo destac\u00f3 que Cracovia es la ciudad de este Papa porque \u00abes aqu\u00ed donde creci\u00f3 en su servicio a la Iglesia, y es aqu\u00ed desde donde sali\u00f3 a los caminos del mundo a predicar el Evangelio de Jesucristo\u00bb.<\/span><\/p>\n<p><span class=\"text1noticias\"> <\/span><\/p>\n<p><span class=\"text1noticias\">Es, por tanto, \u00abla ciudad donde se vive, de una forma especial, el misterio y el don de la Divina Misericordia\u00bb, destac\u00f3 antes de terminar las palabras de bienvenida.<\/span><\/p>\n<p><span class=\"text1noticias\"> <\/span><\/p>\n<p><span class=\"text1noticias\">La m\u00fasica de la Eucarist\u00eda estuvo interpretada por una orquesta y un coro formado para la ocasi\u00f3n por m\u00e1s de cien personas que interpretaron de manera solemne diferentes piezas. Adem\u00e1s, se llevaron en procesi\u00f3n hasta el altar las reliquias del beato italiano Pier Giorgio Frassati.<\/span><\/p>\n<p><span class=\"text1noticias\"> <\/span><\/p>\n<p><span class=\"text1noticias\">En la homil\u00eda, el Cardenal coment\u00f3 el Evangelio que se proclam\u00f3 y que narra c\u00f3mo Jes\u00fas le pregunta tres veces a Pedro si le ama. \u00abSabemos que un d\u00eda \u00e9l dej\u00f3 todo: su familia, su barco, sus redes&#8230; y sigui\u00f3 al Maestro de Nazaret, un Maestro con un estilo bastante diferente. Se volvi\u00f3 Su disc\u00edpulo. Aprendi\u00f3 Su forma de ver las cosas de Dios y de la gente, a trav\u00e9s Su pasi\u00f3n y Su muerte, atraves\u00f3 un momento de infidelidad y de debilidad personal\u00bb.<\/span><\/p>\n<p><span class=\"text1noticias\"> <\/span><\/p>\n<p><span class=\"text1noticias\">Pero \u00abm\u00e1s tarde, tuvo la oportunidad de vivir un momento de estupor y alegr\u00eda al saber a Jes\u00fas Resucitado y al presenciar Su aparici\u00f3n a los disc\u00edpulos m\u00e1s cercanos antes de ascender al Cielo.<\/span><\/p>\n<p><span class=\"text1noticias\"> <\/span><\/p>\n<p><span class=\"text1noticias\">Al final, \u00abSim\u00f3n Pedro, fortalecido por el Esp\u00edritu Santo, se convirti\u00f3 en un valiente testigo de Jesucristo\u00bb.<\/span><\/p>\n<p><span class=\"text1noticias\"> <\/span><\/p>\n<p><span class=\"text1noticias\">Mons. Dziwisz record\u00f3 tambi\u00e9n c\u00f3mo \u00aben Roma, en la capital del Imperio Romano, Pedro pag\u00f3 un alto precio por eso: fue crucificado como su Maestro\u00bb. De esta manera, \u00abla sangre de Pedro, derramada en nombre de Jes\u00fas, fue el comienzo de la fe y del crecimiento de la Iglesia, que m\u00e1s tarde se extendi\u00f3 por todo el mundo\u00bb.<\/span><\/p>\n<p><span class=\"text1noticias\"> <\/span><\/p>\n<p><span class=\"text1noticias\">\u00bfDe d\u00f3nde venimos?<\/span><\/p>\n<p><span class=\"text1noticias\"> <\/span><\/p>\n<p><span class=\"text1noticias\">\u00abVenimos de todas las naciones del mundo como aquellos que llegaron en gran n\u00famero a Jerusal\u00e9n el D\u00eda de Pentecost\u00e9s, pero aqu\u00ed somos incomparablemente muchos m\u00e1s que hace dos mil a\u00f1os, porque llevamos siglos de pr\u00e9dica del Evangelio\u00bb, subray\u00f3.<\/span><\/p>\n<p><span class=\"text1noticias\"> <\/span><\/p>\n<p><span class=\"text1noticias\">\u00abTambi\u00e9n hay entre nosotros tantos j\u00f3venes cuyos pa\u00edses sufren guerras y todo tipo de conflictos, donde los ni\u00f1os mueren de hambre y donde los cristianos son brutalmente perseguidos. Entre nosotros hay peregrinos de lugares del mundo regidos por la violencia o el terrorismo, donde los gobiernos, regidos por ideolog\u00edas insanas, usurpan el control de los hombres y de las naciones\u00bb, dijo con fuerza en la homil\u00eda.<\/span><\/p>\n<p><span class=\"text1noticias\"> <\/span><\/p>\n<p><span class=\"text1noticias\">\u00bfD\u00f3nde estamos ahora, en este momento de nuestras vidas?<\/span><\/p>\n<p><span class=\"text1noticias\"> <\/span><\/p>\n<p><span class=\"text1noticias\">El Purpurado explic\u00f3 que \u00abestamos aqu\u00ed porque hemos sido reunidos por Cristo. \u00c9l es la luz del mundo\u00bb y record\u00f3 que \u00absolo \u00c9l, Jesucristo, puede satisfacer los anhelos m\u00e1s profundos del coraz\u00f3n humano\u00bb.<\/span><\/p>\n<p><span class=\"text1noticias\"> <\/span><\/p>\n<p><span class=\"text1noticias\">A su parecer, \u00abla experiencia de experimentar la Iglesia del mundo es el gran fruto de la Jornada Mundial de la Juventud\u00bb, pero es algo que \u00abdepende de nosotros, de nuestra fe y de nuestra santidad\u00bb. \u00abEs nuestra tarea asegurarnos de que el Evangelio llegue a aquellos que no han escuchado hablar de Jes\u00fas todav\u00eda o que no sepan mucho sobre \u00c9l\u00bb.<\/span><\/p>\n<p><span class=\"text1noticias\"> <\/span><\/p>\n<p><span class=\"text1noticias\">\u00bfD\u00f3nde vamos a ir y qu\u00e9 vamos a llevar con nosotros?<\/span><\/p>\n<p><span class=\"text1noticias\"> <\/span><\/p>\n<p><span class=\"text1noticias\">La JMJ \u00bb va a ser una experiencia espiritual muy intensa, y al mismo tiempo, en cierto punto, exigente f\u00edsicamente\u00bb pero \u00abluego, volveremos a nuestras casas, familias, escuelas, universidades y trabajos\u00bb. \u00abQuiz\u00e1s, durante estos d\u00edas, tomemos importantes decisiones. Quiz\u00e1s nos propongamos nuevas metas en nuestras vidas. Quiz\u00e1s escuchemos claramente la voz de Jes\u00fas que nos dice que dejemos todo y Lo sigamos\u00bb, se\u00f1al\u00f3.<\/span><\/p>\n<p><span class=\"text1noticias\"> <\/span><\/p>\n<p><span class=\"text1noticias\">Tambi\u00e9n los invit\u00f3 a escuchar la voz del Papa Francisco y a participar de la liturgia \u00abcon todo el coraz\u00f3n. \u00abAprovechen el amor misericordioso del Se\u00f1or que se derrama en el sacramento de la reconciliaci\u00f3n\u00bb.<\/span><\/p>\n<p><span class=\"text1noticias\"> <\/span><\/p>\n<p><span class=\"text1noticias\">\u00abAl volver a nuestros pa\u00edses, hogares y comunidades, llevemos la llama de la misericordia y record\u00e9mosle a todo el mundo que son bienaventurados los misericordiosos porque ellos alcanzar\u00e1n misericordia\u00bb.<\/span><\/p>\n<p><span class=\"text1noticias\"> <\/span><\/p>\n<p><span class=\"text1noticias\">\u00abQue la llama del amor inunde nuestro mundo y haga desaparecer el ego\u00edsmo, la violencia y la injusticia. Que nuestro mundo sea conquistado por la civilizaci\u00f3n del bien, de la reconciliaci\u00f3n, de la paz y del amor\u00bb, a\u00f1adi\u00f3.<\/span><\/p>\n<p><span class=\"text1noticias\"> <\/span><\/p>\n<p><span class=\"text1noticias\">El Arzobispo de Cracovia exhort\u00f3 por \u00faltimo a llevar \u00abla Buena Noticia de Jes\u00fas al mundo\u00bb y dar \u00abtestimonio de que vale la pena confiar en \u00c9l y que debemos encomend<\/span>arle nuestra vida\u00bb.<\/p>\n<\/p>\n<h6> 2016-07-27 08:16:38 <\/h6>\n<p><!--\n<link rel=\"stylesheet\" href=\"css\/bootstrap.min.css\">\n\n\n<ul class=\"pagination\">\n\t    \n\t\n\n<li >\n\t<a href='?page_no=18881'>Previous<\/a>\n\t<\/li>\n\n\n       \n    \n\n<li><a href='?page_no=1'>1<\/a><\/li>\n\n\n\n<li><a href='?page_no=2'>2<\/a><\/li>\n\n\n\n<li><a>...<\/a><\/li>\n\n\n\n<li><a href='?page_no=18880'>18880<\/a><\/li>\n\n\n\n<li><a href='?page_no=18881'>18881<\/a><\/li>\n\n\n\n<li class='active'><a>18882<\/a><\/li>\n\n\n\n<li><a href='?page_no=18883'>18883<\/a><\/li>\n\n\n\n<li><a href='?page_no=18884'>18884<\/a><\/li>\n\n\n\n<li><a>...<\/a><\/li>\n\n\n\n<li><a href='?page_no=51012'>51012<\/a><\/li>\n\n\n\n<li><a href='?page_no=51013'>51013<\/a><\/li>\n\n    \n\t\n\n<li >\n\t<a href='?page_no=18883'>Next<\/a>\n\t<\/li>\n\n\n    \n\n<li><a href='?page_no=51013'>Last &rsaquo;&rsaquo;<\/a><\/li>\n\n<\/ul>\n\n\n--><br \/>\n<\/body><\/p>\n","protected":false},"excerpt":{"rendered":"<p>Cracovia, 27 Jul. 16 (ACI).- El Arzobispo de Cracovia (Polonia), Cardenal Stanislaw Dziwisz, presidi\u00f3 este mi\u00e9rcoles la Misa inaugural de la Jornada Mundial de la Juventud (JMJ) 2016, la cual dedic\u00f3 al P. Jacques Hamel, sacerdote asesinado esta ma\u00f1ana por el Estado Isl\u00e1mico (ISIS) en Francia. El Purpurado expres\u00f3 este deseo durante las palabras de [&hellip;]<\/p>\n","protected":false},"author":3,"featured_media":0,"comment_status":"open","ping_status":"open","sticky":false,"template":"","format":"standard","meta":{"footnotes":""},"categories":[23],"tags":[],"class_list":["post-249237","post","type-post","status-publish","format-standard","hentry","category-internacional"],"_links":{"self":[{"href":"https:\/\/diariodominicano.com\/index.php?rest_route=\/wp\/v2\/posts\/249237","targetHints":{"allow":["GET"]}}],"collection":[{"href":"https:\/\/diariodominicano.com\/index.php?rest_route=\/wp\/v2\/posts"}],"about":[{"href":"https:\/\/diariodominicano.com\/index.php?rest_route=\/wp\/v2\/types\/post"}],"author":[{"embeddable":true,"href":"https:\/\/diariodominicano.com\/index.php?rest_route=\/wp\/v2\/users\/3"}],"replies":[{"embeddable":true,"href":"https:\/\/diariodominicano.com\/index.php?rest_route=%2Fwp%2Fv2%2Fcomments&post=249237"}],"version-history":[{"count":0,"href":"https:\/\/diariodominicano.com\/index.php?rest_route=\/wp\/v2\/posts\/249237\/revisions"}],"wp:attachment":[{"href":"https:\/\/diariodominicano.com\/index.php?rest_route=%2Fwp%2Fv2%2Fmedia&parent=249237"}],"wp:term":[{"taxonomy":"category","embeddable":true,"href":"https:\/\/diariodominicano.com\/index.php?rest_route=%2Fwp%2Fv2%2Fcategories&post=249237"},{"taxonomy":"post_tag","embeddable":true,"href":"https:\/\/diariodominicano.com\/index.php?rest_route=%2Fwp%2Fv2%2Ftags&post=249237"}],"curies":[{"name":"wp","href":"https:\/\/api.w.org\/{rel}","templated":true}]}}