{"id":249235,"date":"2016-07-27T08:53:20","date_gmt":"2016-07-27T08:53:20","guid":{"rendered":"http:\/\/diariodominicano.ddns.net\/?p=249235"},"modified":"2016-07-27T08:53:20","modified_gmt":"2016-07-27T08:53:20","slug":"que-haran-150-mil-jovenes-en-un-encuentro-vocacional-en-la-jmj","status":"publish","type":"post","link":"https:\/\/diariodominicano.com\/?p=249235","title":{"rendered":"\u00bfQu\u00e9 har\u00e1n 150 mil j\u00f3venes en un encuentro vocacional en la JMJ?"},"content":{"rendered":"<p><body><\/p>\n<p><img decoding=\"async\" src=\"img3\/encuetrojmj27.jpg\" \/>  <\/p>\n<p><span class=\"text1noticias\">Por Alvaro de Juana<\/span><\/p>\n<p><span class=\"text1noticias\"> <\/span><\/p>\n<p><span class=\"text1noticias\">Cracovia, 27 Jul. 16 (ACI).- Entre los casi dos millones de j\u00f3venes que se esperan en la JMJ de Cracovia, m\u00e1s de 150.000 participar\u00e1n en un encuentro el pr\u00f3ximo lunes d\u00eda 1 de agosto en el que discernir\u00e1n la vocaci\u00f3n a la que Dios los llama.<\/span><\/p>\n<p><span class=\"text1noticias\"> <\/span><\/p>\n<p><span class=\"text1noticias\">Estar\u00e1 presidido por el Arzobispo de Cracovia, el Cardenal Stanislaw Dziwisz, y contar\u00e1 con la presencia de varios cardenales as\u00ed como de numerosos obispos.<\/span><\/p>\n<p><span class=\"text1noticias\"> <\/span><\/p>\n<p><span class=\"text1noticias\">El encuentro est\u00e1 organizado por el Camino Neocatecumenal y tendr\u00e1 lugar en el Campus Misericordiae, el mismo lugar en el que el Papa Francisco celebrar\u00e1 con los j\u00f3venes la vigilia de oraci\u00f3n y la Misa de clausura de esta JMJ.<\/span><\/p>\n<p><span class=\"text1noticias\"> <\/span><\/p>\n<p><span class=\"text1noticias\">Los m\u00e1s de 150.000 proceden en su mayor\u00eda de Italia, Espa\u00f1a, la misma Polonia, Estados Unidos y Brasil, aunque tambi\u00e9n acudir\u00e1n de \u00c1frica (Costa de Marfil, Sud\u00e1frica, Zambia y Mozambique) y de Asia desde Filipinas, Corea del Sur o Jap\u00f3n, entre otros.<\/span><\/p>\n<p><span class=\"text1noticias\"> <\/span><\/p>\n<p><span class=\"text1noticias\">Seg\u00fan inform\u00f3 el Camino en un comunicado, durante estos primeros d\u00edas los j\u00f3venes estar\u00e1n evangelizando por las calles de diferentes ciudades de Europa, anunciando el kerigma (la Buena Noticia), dando su testimonio y cantando y bailando acompa\u00f1ados de guitarras y otros instrumentos musicales. Muchos otros ya han llegado a la ciudad polaca y est\u00e1n participando de las actividades que se desarrollan en ella.<\/span><\/p>\n<p><span class=\"text1noticias\"> <\/span><\/p>\n<p><span class=\"text1noticias\">En el encuentro se pedir\u00e1n vocaciones a la vida contemplativa y al sacerdocio, as\u00ed como familias que sientan la llamada de Dios a salir en misi\u00f3n a cualquier lugar del mundo.<\/span><\/p>\n<p><span class=\"text1noticias\"> <\/span><\/p>\n<p><span class=\"text1noticias\">La celebraci\u00f3n ser\u00e1 conducida por el iniciador del Camino Neocatecumenal, Kiko Arg\u00fcello, y el presb\u00edtero Mario Pezzi, responsables a nivel mundial de esta iniciaci\u00f3n cristiana de adultos cuyos estatutos definitivos fueron aprobados por la Santa Sede en 2008.<\/span><\/p>\n<p><span class=\"text1noticias\"> <\/span><\/p>\n<p><span class=\"text1noticias\">El encuentro estar\u00e1 marcado por el fallecimiento el pasado 19 de julio de Carmen Hern\u00e1ndez, la tambi\u00e9n iniciadora del Camino junto a Kiko Arg\u00fcello. Este ser\u00e1 el primer encuentro vocacional despu\u00e9s de la misa funeral que se celebr\u00f3 por ella en la Catedral Nuestra Se\u00f1ora la Real de la Almudena, de Madrid, el pasado jueves d\u00eda 21.<\/span><\/p>\n<h6> 2016-07-27 08:53:20 <\/h6>\n<p><!--\n<link rel=\"stylesheet\" href=\"css\/bootstrap.min.css\">\n\n\n<ul class=\"pagination\">\n\t    \n\t\n\n<li >\n\t<a href='?page_no=18879'>Previous<\/a>\n\t<\/li>\n\n\n       \n    \n\n<li><a href='?page_no=1'>1<\/a><\/li>\n\n\n\n<li><a href='?page_no=2'>2<\/a><\/li>\n\n\n\n<li><a>...<\/a><\/li>\n\n\n\n<li><a href='?page_no=18878'>18878<\/a><\/li>\n\n\n\n<li><a href='?page_no=18879'>18879<\/a><\/li>\n\n\n\n<li class='active'><a>18880<\/a><\/li>\n\n\n\n<li><a href='?page_no=18881'>18881<\/a><\/li>\n\n\n\n<li><a href='?page_no=18882'>18882<\/a><\/li>\n\n\n\n<li><a>...<\/a><\/li>\n\n\n\n<li><a href='?page_no=51012'>51012<\/a><\/li>\n\n\n\n<li><a href='?page_no=51013'>51013<\/a><\/li>\n\n    \n\t\n\n<li >\n\t<a href='?page_no=18881'>Next<\/a>\n\t<\/li>\n\n\n    \n\n<li><a href='?page_no=51013'>Last &rsaquo;&rsaquo;<\/a><\/li>\n\n<\/ul>\n\n\n--><br \/>\n<\/body><\/p>\n","protected":false},"excerpt":{"rendered":"<p>Por Alvaro de Juana Cracovia, 27 Jul. 16 (ACI).- Entre los casi dos millones de j\u00f3venes que se esperan en la JMJ de Cracovia, m\u00e1s de 150.000 participar\u00e1n en un encuentro el pr\u00f3ximo lunes d\u00eda 1 de agosto en el que discernir\u00e1n la vocaci\u00f3n a la que Dios los llama. Estar\u00e1 presidido por el Arzobispo [&hellip;]<\/p>\n","protected":false},"author":3,"featured_media":0,"comment_status":"open","ping_status":"open","sticky":false,"template":"","format":"standard","meta":{"footnotes":""},"categories":[23],"tags":[],"class_list":["post-249235","post","type-post","status-publish","format-standard","hentry","category-internacional"],"_links":{"self":[{"href":"https:\/\/diariodominicano.com\/index.php?rest_route=\/wp\/v2\/posts\/249235","targetHints":{"allow":["GET"]}}],"collection":[{"href":"https:\/\/diariodominicano.com\/index.php?rest_route=\/wp\/v2\/posts"}],"about":[{"href":"https:\/\/diariodominicano.com\/index.php?rest_route=\/wp\/v2\/types\/post"}],"author":[{"embeddable":true,"href":"https:\/\/diariodominicano.com\/index.php?rest_route=\/wp\/v2\/users\/3"}],"replies":[{"embeddable":true,"href":"https:\/\/diariodominicano.com\/index.php?rest_route=%2Fwp%2Fv2%2Fcomments&post=249235"}],"version-history":[{"count":0,"href":"https:\/\/diariodominicano.com\/index.php?rest_route=\/wp\/v2\/posts\/249235\/revisions"}],"wp:attachment":[{"href":"https:\/\/diariodominicano.com\/index.php?rest_route=%2Fwp%2Fv2%2Fmedia&parent=249235"}],"wp:term":[{"taxonomy":"category","embeddable":true,"href":"https:\/\/diariodominicano.com\/index.php?rest_route=%2Fwp%2Fv2%2Fcategories&post=249235"},{"taxonomy":"post_tag","embeddable":true,"href":"https:\/\/diariodominicano.com\/index.php?rest_route=%2Fwp%2Fv2%2Ftags&post=249235"}],"curies":[{"name":"wp","href":"https:\/\/api.w.org\/{rel}","templated":true}]}}