{"id":249234,"date":"2016-07-27T09:08:41","date_gmt":"2016-07-27T09:08:41","guid":{"rendered":"http:\/\/diariodominicano.ddns.net\/?p=249234"},"modified":"2016-07-27T09:08:41","modified_gmt":"2016-07-27T09:08:41","slug":"uber-desafia-decision-en-su-contra-de-tribunal-de-puerto-rico","status":"publish","type":"post","link":"https:\/\/diariodominicano.com\/?p=249234","title":{"rendered":"Uber desaf\u00eda decisi\u00f3n en su contra de tribunal de Puerto Rico"},"content":{"rendered":"<p><body><\/p>\n<p><img decoding=\"async\" src=\"img3\/New_York27-7.jpg\" \/>  <\/p>\n<p><span class=\"text1noticias\">San Juan,27 jul (PL) La empresa de transporte Uber decidi\u00f3 desafiar una orden emitida por un tribunal de Puerto Rico, que decret\u00f3 nulo el reglamento emitido por el Departamento de Transportaci\u00f3n y Obras P\u00fablicas (DTOP) que autoriz\u00f3 su operaci\u00f3n.<\/span><\/p>\n<p><span class=\"text1noticias\"> <\/span><\/p>\n<p><span class=\"text1noticias\">El Tribunal de Apelaciones de Puerto Rico acogi\u00f3 un recurso de la Federaci\u00f3n de Taxistas impugnando el proceder del DTOP, que impidi\u00f3 que fuera la Comisi\u00f3n de Servicio P\u00fablico (CSP) que regulara la empresa estadounidense.<\/span><\/p>\n<p><span class=\"text1noticias\"> <\/span><\/p>\n<p><span class=\"text1noticias\">Como empresa de red de transporte (ERT), la compa\u00f1\u00eda Uber trata de evitar por todos los medios de estar regulada por la CSP, por lo que el secretario del DTOP, Miguel Torres D\u00edaz, emiti\u00f3 la reglamentaci\u00f3n que le pidi\u00f3 entrar al mercado de Puerto Rico en medio de una pugna con el gremio de los taxistas.<\/span><\/p>\n<p><span class=\"text1noticias\"> <\/span><\/p>\n<p><span class=\"text1noticias\">Los transportistas de Uber son personas privadas que utilizan sus veh\u00edculos para llevar pasajeros a un coste m\u00e1s bajo que los taxistas tras ser convocados por los usuarios mediante una aplicaci\u00f3n tecnol\u00f3gica.<\/span><\/p>\n<p><span class=\"text1noticias\"> <\/span><\/p>\n<p><span class=\"text1noticias\">El Tribunal de Apelaciones dictamin\u00f3 que el DTOP no cumpli\u00f3 con el procedimiento reglamentario para la aprobaci\u00f3n que dispone la Ley de Procedimiento Administrativo Uniforme, por lo que le declar\u00f3 nulo.<\/span><\/p>\n<p><span class=\"text1noticias\"> <\/span><\/p>\n<p><span class=\"text1noticias\">Dictamin\u00f3 la nulidad porque el DTOP intent\u00f3 regular un sistema de transportaci\u00f3n p\u00fablica, mediante un documento gu\u00eda, sin aprobar un reglamento legislativo conforme exige el ordenamiento jur\u00eddico puertorrique\u00f1o.<\/span><\/p>\n<p><span class=\"text1noticias\"> <\/span><\/p>\n<p><span class=\"text1noticias\">El abogado de la Federaci\u00f3n de Taxistas, Denis M\u00e1rquez Lebr\u00f3n, inst\u00f3 a Uber a detener su operaci\u00f3n en la isla, debido a que este fallo invalida el permiso provisional otorgado por el DTOP.<\/span><\/p>\n<p><span class=\"text1noticias\"> <\/span><\/p>\n<p><span class=\"text1noticias\">\u00abEsto no es como esta gente quiere, venir hacer las cosas sin permiso, aparte de que qued\u00f3 demostrado que la corrupci\u00f3n no va por encima de las leyes\u00bb, dijo el presidente de los taxistas federados Juan de Le\u00f3n.<\/span><\/p>\n<p><span class=\"text1noticias\"> <\/span><\/p>\n<p><span class=\"text1noticias\">Culp\u00f3 de la situaci\u00f3n surgida al gobernante puertorrique\u00f1o, Alejandro Garc\u00eda Padilla, por favorecer a Uber, que en el pa\u00eds representa un allegado suyo en la pol\u00edtica.<\/span><\/p>\n<p><span class=\"text1noticias\"> <\/span><\/p>\n<p><span class=\"text1noticias\">La gerente de comunicaciones de Uber para Centroam\u00e9rica y Caribe, Julie Robinson, sostuvo que la compa\u00f1\u00eda seguir\u00e1 operando en la isla pese al fallo adverso.<\/span><\/p>\n<p><span class=\"text1noticias\"> <\/span><\/p>\n<p><span class=\"text1noticias\">\u00abConfiamos en que la determinaci\u00f3n de la corte sobre la jurisdicci\u00f3n de regulaci\u00f3n de las ERT sea a favor del DTOP, tal como lo expres\u00f3 La Fortaleza la semana pasada\u00bb, dijo en referencia al respaldo de la Mansi\u00f3n <\/span>Ejecutiva.<\/p>\n<h6> 2016-07-27 09:08:41 <\/h6>\n<p><!--\n<link rel=\"stylesheet\" href=\"css\/bootstrap.min.css\">\n\n\n<ul class=\"pagination\">\n\t    \n\t\n\n<li >\n\t<a href='?page_no=18878'>Previous<\/a>\n\t<\/li>\n\n\n       \n    \n\n<li><a href='?page_no=1'>1<\/a><\/li>\n\n\n\n<li><a href='?page_no=2'>2<\/a><\/li>\n\n\n\n<li><a>...<\/a><\/li>\n\n\n\n<li><a href='?page_no=18877'>18877<\/a><\/li>\n\n\n\n<li><a href='?page_no=18878'>18878<\/a><\/li>\n\n\n\n<li class='active'><a>18879<\/a><\/li>\n\n\n\n<li><a href='?page_no=18880'>18880<\/a><\/li>\n\n\n\n<li><a href='?page_no=18881'>18881<\/a><\/li>\n\n\n\n<li><a>...<\/a><\/li>\n\n\n\n<li><a href='?page_no=51012'>51012<\/a><\/li>\n\n\n\n<li><a href='?page_no=51013'>51013<\/a><\/li>\n\n    \n\t\n\n<li >\n\t<a href='?page_no=18880'>Next<\/a>\n\t<\/li>\n\n\n    \n\n<li><a href='?page_no=51013'>Last &rsaquo;&rsaquo;<\/a><\/li>\n\n<\/ul>\n\n\n--><br \/>\n<\/body><\/p>\n","protected":false},"excerpt":{"rendered":"<p>San Juan,27 jul (PL) La empresa de transporte Uber decidi\u00f3 desafiar una orden emitida por un tribunal de Puerto Rico, que decret\u00f3 nulo el reglamento emitido por el Departamento de Transportaci\u00f3n y Obras P\u00fablicas (DTOP) que autoriz\u00f3 su operaci\u00f3n. El Tribunal de Apelaciones de Puerto Rico acogi\u00f3 un recurso de la Federaci\u00f3n de Taxistas impugnando [&hellip;]<\/p>\n","protected":false},"author":3,"featured_media":0,"comment_status":"open","ping_status":"open","sticky":false,"template":"","format":"standard","meta":{"footnotes":""},"categories":[23],"tags":[],"class_list":["post-249234","post","type-post","status-publish","format-standard","hentry","category-internacional"],"_links":{"self":[{"href":"https:\/\/diariodominicano.com\/index.php?rest_route=\/wp\/v2\/posts\/249234","targetHints":{"allow":["GET"]}}],"collection":[{"href":"https:\/\/diariodominicano.com\/index.php?rest_route=\/wp\/v2\/posts"}],"about":[{"href":"https:\/\/diariodominicano.com\/index.php?rest_route=\/wp\/v2\/types\/post"}],"author":[{"embeddable":true,"href":"https:\/\/diariodominicano.com\/index.php?rest_route=\/wp\/v2\/users\/3"}],"replies":[{"embeddable":true,"href":"https:\/\/diariodominicano.com\/index.php?rest_route=%2Fwp%2Fv2%2Fcomments&post=249234"}],"version-history":[{"count":0,"href":"https:\/\/diariodominicano.com\/index.php?rest_route=\/wp\/v2\/posts\/249234\/revisions"}],"wp:attachment":[{"href":"https:\/\/diariodominicano.com\/index.php?rest_route=%2Fwp%2Fv2%2Fmedia&parent=249234"}],"wp:term":[{"taxonomy":"category","embeddable":true,"href":"https:\/\/diariodominicano.com\/index.php?rest_route=%2Fwp%2Fv2%2Fcategories&post=249234"},{"taxonomy":"post_tag","embeddable":true,"href":"https:\/\/diariodominicano.com\/index.php?rest_route=%2Fwp%2Fv2%2Ftags&post=249234"}],"curies":[{"name":"wp","href":"https:\/\/api.w.org\/{rel}","templated":true}]}}