{"id":249233,"date":"2016-07-27T09:27:15","date_gmt":"2016-07-27T09:27:15","guid":{"rendered":"http:\/\/diariodominicano.ddns.net\/?p=249233"},"modified":"2016-07-27T09:27:15","modified_gmt":"2016-07-27T09:27:15","slug":"ei-reivindica-autoria-de-ataque-suicida-que-dejo-31-muertos-siria","status":"publish","type":"post","link":"https:\/\/diariodominicano.com\/?p=249233","title":{"rendered":"EI reivindica autor\u00eda de ataque suicida que dej\u00f3 31 muertos Siria"},"content":{"rendered":"<p><body><\/p>\n<p><img decoding=\"async\" src=\"img3\/Damacobarrio27--7.jpg\" \/>  <\/p>\n<p><span class=\"text1noticias\"> DAMASCO, 27 jul (Xinhua) &#8212; El grupo Estado Isl\u00e1mico (EI) reivindic\u00f3 la autor\u00eda del ataque suicida con bombas que dej\u00f3 31 muertos el mi\u00e9rcoles en la ciudad nororiental siria de Qamishli.<\/span><\/p>\n<p><span class=\"text1noticias\"> <\/span><\/p>\n<p><span class=\"text1noticias\">     Seg\u00fan un breve comunicado publicado por la agencia de noticias Amaq, vinculada al EI, uno de los terroristas suicida deton\u00f3 un cami\u00f3n cargado explosivos en un complejo de seguridad de las fuerzas de seguridad kurdas de Assayish, en el barrio occidental de Qamishli.<\/span><\/p>\n<p><span class=\"text1noticias\"> <\/span><\/p>\n<p><span class=\"text1noticias\">     Entretanto, el canal de televisi\u00f3n nacional siria inform\u00f3 de que las dos explosiones en Qamishli dejaron 31 muertos y m\u00e1s de 170 heridos.<\/span><\/p>\n<p><span class=\"text1noticias\"> <\/span><\/p>\n<p><span class=\"text1noticias\">     El n\u00famero de muertos podr\u00eda ascender, de acuerdo la televisi\u00f3n nacional, ya que los equipos de rescate contin\u00faan sacando cuerpos de debajo de los escombros.<\/span><\/p>\n<p><span class=\"text1noticias\"> <\/span><\/p>\n<p><span class=\"text1noticias\">     Qamishli, principalmente controlado por los kurdos, ha sido el objetivo de repetidos ataques del grupo terrorista EI, debido a la rivalidad y enfrentamientos entre los milicianos kurdos de las Unidades de Protecci\u00f3n Populares, apoyadas por Estados Unidos, y el<\/span> EI.<\/p>\n<h6> 2016-07-27 09:27:15 <\/h6>\n<p><!--\n<link rel=\"stylesheet\" href=\"css\/bootstrap.min.css\">\n\n\n<ul class=\"pagination\">\n\t    \n\t\n\n<li >\n\t<a href='?page_no=18877'>Previous<\/a>\n\t<\/li>\n\n\n       \n    \n\n<li><a href='?page_no=1'>1<\/a><\/li>\n\n\n\n<li><a href='?page_no=2'>2<\/a><\/li>\n\n\n\n<li><a>...<\/a><\/li>\n\n\n\n<li><a href='?page_no=18876'>18876<\/a><\/li>\n\n\n\n<li><a href='?page_no=18877'>18877<\/a><\/li>\n\n\n\n<li class='active'><a>18878<\/a><\/li>\n\n\n\n<li><a href='?page_no=18879'>18879<\/a><\/li>\n\n\n\n<li><a href='?page_no=18880'>18880<\/a><\/li>\n\n\n\n<li><a>...<\/a><\/li>\n\n\n\n<li><a href='?page_no=51012'>51012<\/a><\/li>\n\n\n\n<li><a href='?page_no=51013'>51013<\/a><\/li>\n\n    \n\t\n\n<li >\n\t<a href='?page_no=18879'>Next<\/a>\n\t<\/li>\n\n\n    \n\n<li><a href='?page_no=51013'>Last &rsaquo;&rsaquo;<\/a><\/li>\n\n<\/ul>\n\n\n--><br \/>\n<\/body><\/p>\n","protected":false},"excerpt":{"rendered":"<p>DAMASCO, 27 jul (Xinhua) &#8212; El grupo Estado Isl\u00e1mico (EI) reivindic\u00f3 la autor\u00eda del ataque suicida con bombas que dej\u00f3 31 muertos el mi\u00e9rcoles en la ciudad nororiental siria de Qamishli. Seg\u00fan un breve comunicado publicado por la agencia de noticias Amaq, vinculada al EI, uno de los terroristas suicida deton\u00f3 un cami\u00f3n cargado explosivos [&hellip;]<\/p>\n","protected":false},"author":3,"featured_media":0,"comment_status":"open","ping_status":"open","sticky":false,"template":"","format":"standard","meta":{"footnotes":""},"categories":[23],"tags":[],"class_list":["post-249233","post","type-post","status-publish","format-standard","hentry","category-internacional"],"_links":{"self":[{"href":"https:\/\/diariodominicano.com\/index.php?rest_route=\/wp\/v2\/posts\/249233","targetHints":{"allow":["GET"]}}],"collection":[{"href":"https:\/\/diariodominicano.com\/index.php?rest_route=\/wp\/v2\/posts"}],"about":[{"href":"https:\/\/diariodominicano.com\/index.php?rest_route=\/wp\/v2\/types\/post"}],"author":[{"embeddable":true,"href":"https:\/\/diariodominicano.com\/index.php?rest_route=\/wp\/v2\/users\/3"}],"replies":[{"embeddable":true,"href":"https:\/\/diariodominicano.com\/index.php?rest_route=%2Fwp%2Fv2%2Fcomments&post=249233"}],"version-history":[{"count":0,"href":"https:\/\/diariodominicano.com\/index.php?rest_route=\/wp\/v2\/posts\/249233\/revisions"}],"wp:attachment":[{"href":"https:\/\/diariodominicano.com\/index.php?rest_route=%2Fwp%2Fv2%2Fmedia&parent=249233"}],"wp:term":[{"taxonomy":"category","embeddable":true,"href":"https:\/\/diariodominicano.com\/index.php?rest_route=%2Fwp%2Fv2%2Fcategories&post=249233"},{"taxonomy":"post_tag","embeddable":true,"href":"https:\/\/diariodominicano.com\/index.php?rest_route=%2Fwp%2Fv2%2Ftags&post=249233"}],"curies":[{"name":"wp","href":"https:\/\/api.w.org\/{rel}","templated":true}]}}