{"id":249232,"date":"2016-07-27T10:04:28","date_gmt":"2016-07-27T10:04:28","guid":{"rendered":"http:\/\/diariodominicano.ddns.net\/?p=249232"},"modified":"2016-07-27T10:04:28","modified_gmt":"2016-07-27T10:04:28","slug":"grecia-pospone-audiencias-militares-turcos-para-solicitud-de-asilo","status":"publish","type":"post","link":"https:\/\/diariodominicano.com\/?p=249232","title":{"rendered":"Grecia pospone audiencias militares turcos para solicitud de asilo"},"content":{"rendered":"<p><body><\/p>\n<p><span class=\"text1noticias\"> <\/span><\/p>\n<p><span class=\"text1noticias\">Atenas, 27 jul (PL) Autoridades griegas pospusieron hoy las audiencias de ocho militares turcos que solicitaron asilo pol\u00edtico tras huir de Turqu\u00eda durante el fallido golpe de Estado.<\/span><\/p>\n<p><span class=\"text1noticias\"> <\/span><\/p>\n<p><span class=\"text1noticias\">Seg\u00fan informan los medios de prensa locales, el Servicio Central de Asilo de Atenas aplaz\u00f3 hasta el pr\u00f3ximo 19 las entrevistas con los oficiales turcos previstas para este mi\u00e9rcoles.<\/span><\/p>\n<p><span class=\"text1noticias\"> <\/span><\/p>\n<p><span class=\"text1noticias\">Vasiliki Ilia Marinaki, uno de los abogados de los desertores, dijo hoy que dos de sus clientes necesitan prepararse mejor para las vistas, punto de partida para el an\u00e1lisis de sus solicitudes de asilo.<\/span><\/p>\n<p><span class=\"text1noticias\"> <\/span><\/p>\n<p><span class=\"text1noticias\">La justicia griega conden\u00f3 el pasado jueves a los dos mayores, cuatro capitanes y dos sargentos, a dos meses de c\u00e1rcel por entrar ilegalmente al pa\u00eds.<\/span><\/p>\n<p><span class=\"text1noticias\"> <\/span><\/p>\n<p><span class=\"text1noticias\">El grupo arrib\u00f3 a la ciudad norte\u00f1a de Alexandroupolis en un helic\u00f3ptero militar el 16 de julio despu\u00e9s de enviar una se\u00f1al de socorro a las autoridades.<\/span><\/p>\n<p><span class=\"text1noticias\"> <\/span><\/p>\n<p><span class=\"text1noticias\">La defensa alega que la polic\u00eda turca atac\u00f3 sin explicaci\u00f3n el helic\u00f3ptero en el que se mov\u00edan los oficiales en el momento de la intentona, por lo cual decidieron huir del caldeado ambiente rumbo a Grecia.<\/span><\/p>\n<p><span class=\"text1noticias\"> <\/span><\/p>\n<p><span class=\"text1noticias\">Ilia Marinaki sostiene que sus clientes desconoc\u00edan \u00abpor completo\u00bb el golpe de estado en curso y que, por ende, se limitaron a seguir \u00f3rdenes de sus superiores inmediatos.<\/span><\/p>\n<p><span class=\"text1noticias\"> <\/span><\/p>\n<p><span class=\"text1noticias\">Adem\u00e1s explic\u00f3 que los militares temen por sus vidas y la de sus familiares, por lo que no quieren volver a su pa\u00eds de origen.<\/span><\/p>\n<p><span class=\"text1noticias\"> <\/span><\/p>\n<p><span class=\"text1noticias\">Por su parte, el presidente de Turqu\u00eda, Recep Tayyip Erdogan, reclam\u00f3 la extradici\u00f3n de los nacionales luego de considerarlos \u00abtraidores\u00bb, mientras que el embajador turco en la naci\u00f3n hel\u00e9nica, Kerim Uras, los describi\u00f3 como terroristas por su presunta implicaci\u00f3n en la asonada del 15 <\/span>de julio.<\/p>\n<h6> 2016-07-27 10:04:28 <\/h6>\n<p><!--\n<link rel=\"stylesheet\" href=\"css\/bootstrap.min.css\">\n\n\n<ul class=\"pagination\">\n\t    \n\t\n\n<li >\n\t<a href='?page_no=18876'>Previous<\/a>\n\t<\/li>\n\n\n       \n    \n\n<li><a href='?page_no=1'>1<\/a><\/li>\n\n\n\n<li><a href='?page_no=2'>2<\/a><\/li>\n\n\n\n<li><a>...<\/a><\/li>\n\n\n\n<li><a href='?page_no=18875'>18875<\/a><\/li>\n\n\n\n<li><a href='?page_no=18876'>18876<\/a><\/li>\n\n\n\n<li class='active'><a>18877<\/a><\/li>\n\n\n\n<li><a href='?page_no=18878'>18878<\/a><\/li>\n\n\n\n<li><a href='?page_no=18879'>18879<\/a><\/li>\n\n\n\n<li><a>...<\/a><\/li>\n\n\n\n<li><a href='?page_no=51012'>51012<\/a><\/li>\n\n\n\n<li><a href='?page_no=51013'>51013<\/a><\/li>\n\n    \n\t\n\n<li >\n\t<a href='?page_no=18878'>Next<\/a>\n\t<\/li>\n\n\n    \n\n<li><a href='?page_no=51013'>Last &rsaquo;&rsaquo;<\/a><\/li>\n\n<\/ul>\n\n\n--><br \/>\n<\/body><\/p>\n","protected":false},"excerpt":{"rendered":"<p>Atenas, 27 jul (PL) Autoridades griegas pospusieron hoy las audiencias de ocho militares turcos que solicitaron asilo pol\u00edtico tras huir de Turqu\u00eda durante el fallido golpe de Estado. Seg\u00fan informan los medios de prensa locales, el Servicio Central de Asilo de Atenas aplaz\u00f3 hasta el pr\u00f3ximo 19 las entrevistas con los oficiales turcos previstas para [&hellip;]<\/p>\n","protected":false},"author":3,"featured_media":0,"comment_status":"open","ping_status":"open","sticky":false,"template":"","format":"standard","meta":{"footnotes":""},"categories":[23],"tags":[],"class_list":["post-249232","post","type-post","status-publish","format-standard","hentry","category-internacional"],"_links":{"self":[{"href":"https:\/\/diariodominicano.com\/index.php?rest_route=\/wp\/v2\/posts\/249232","targetHints":{"allow":["GET"]}}],"collection":[{"href":"https:\/\/diariodominicano.com\/index.php?rest_route=\/wp\/v2\/posts"}],"about":[{"href":"https:\/\/diariodominicano.com\/index.php?rest_route=\/wp\/v2\/types\/post"}],"author":[{"embeddable":true,"href":"https:\/\/diariodominicano.com\/index.php?rest_route=\/wp\/v2\/users\/3"}],"replies":[{"embeddable":true,"href":"https:\/\/diariodominicano.com\/index.php?rest_route=%2Fwp%2Fv2%2Fcomments&post=249232"}],"version-history":[{"count":0,"href":"https:\/\/diariodominicano.com\/index.php?rest_route=\/wp\/v2\/posts\/249232\/revisions"}],"wp:attachment":[{"href":"https:\/\/diariodominicano.com\/index.php?rest_route=%2Fwp%2Fv2%2Fmedia&parent=249232"}],"wp:term":[{"taxonomy":"category","embeddable":true,"href":"https:\/\/diariodominicano.com\/index.php?rest_route=%2Fwp%2Fv2%2Fcategories&post=249232"},{"taxonomy":"post_tag","embeddable":true,"href":"https:\/\/diariodominicano.com\/index.php?rest_route=%2Fwp%2Fv2%2Ftags&post=249232"}],"curies":[{"name":"wp","href":"https:\/\/api.w.org\/{rel}","templated":true}]}}