{"id":249231,"date":"2016-07-27T10:17:07","date_gmt":"2016-07-27T10:17:07","guid":{"rendered":"http:\/\/diariodominicano.ddns.net\/?p=249231"},"modified":"2016-07-27T10:17:07","modified_gmt":"2016-07-27T10:17:07","slug":"rescatan-a-54-migrantes-de-africa-y-centroamerica-abandonados-en-desierto","status":"publish","type":"post","link":"https:\/\/diariodominicano.com\/?p=249231","title":{"rendered":"Rescatan a 54 migrantes de Africa y Centroam\u00e9rica abandonados en desierto"},"content":{"rendered":"<p><body><\/p>\n<p><span class=\"text1noticias\">  MEXICO, 27 jul (Xinhua) &#8212; Un grupo de 54 migrantes de Africa y Centroam\u00e9rica fue rescatado por polic\u00edas federales tras ser abandonado este martes en una carretera que atraviesa el desierto de Altar, en la municipalidad de Caborca, estado de Sonora (norte), inform\u00f3 el gobierno local.<\/span><\/p>\n<p><span class=\"text1noticias\"> <\/span><\/p>\n<p><span class=\"text1noticias\">     El subcoordinador de Protecci\u00f3n Civil de Caborca, Sachael M\u00e1rquez, indic\u00f3 que se trat\u00f3 de 47 migrantes africanos y siete centroamericanos, originarios de Guatemala y El Salvador, que se dirig\u00edan a la fronteriza ciudad de Tijuana, estado de Baja California (noroeste), para solicitar asilo pol\u00edtico al gobierno de Estados Unidos.<\/span><\/p>\n<p><span class=\"text1noticias\"> <\/span><\/p>\n<p><span class=\"text1noticias\">     En un comunicado, M\u00e1rquez se\u00f1al\u00f3 que los migrantes llevaban cinco d\u00edas viajando en un autob\u00fas que contrataron luego de entrar a M\u00e9xico por la ciudad de Tapachula, estado de Chiapas (sureste), en la frontera con Guatemala, a m\u00e1s de 3.000 kil\u00f3metros de distancia<\/span><\/p>\n<p><span class=\"text1noticias\"> <\/span><\/p>\n<p><span class=\"text1noticias\">     A su entrada al pa\u00eds hab\u00edan obtenido un permiso de las autoridades migratorias para transitar por el territorio por un periodo de 30 d\u00edas, explic\u00f3 el funcionario.<\/span><\/p>\n<p><span class=\"text1noticias\"> <\/span><\/p>\n<p><span class=\"text1noticias\">     En las primeras horas de hoy, el autob\u00fas sufri\u00f3 fallas mec\u00e1nicas mientras cruzaba la carretera que conecta el poblado de Santa Ana con Caborca, en la zona des\u00e9rtica del noroeste de Sonora y donde la temperatura en esta \u00e9poca del a\u00f1o llega a los 40 grados cent\u00edgrados.<\/span><\/p>\n<p><span class=\"text1noticias\"> <\/span><\/p>\n<p><span class=\"text1noticias\">     Al parecer, el chofer se sali\u00f3 del camino por quedarse dormido causando desperfectos al veh\u00edculo de pasajeros.<\/span><\/p>\n<p><span class=\"text1noticias\"> <\/span><\/p>\n<p><span class=\"text1noticias\">     \u00abEl conductor pidi\u00f3 a los extranjeros que se bajaran del cami\u00f3n con la finalidad de solicitar ayuda en el poblado m\u00e1s cercano, sin embargo, \u00e9ste nunca regres\u00f3 y los dej\u00f3 a su suerte\u00bb, apunt\u00f3 el funcionario de Protecci\u00f3n Civil en el comunicado emitido por el gobierno de Caborca.<\/span><\/p>\n<p><span class=\"text1noticias\"> <\/span><\/p>\n<p><span class=\"text1noticias\">     Polic\u00edas federales encontraron a los migrantes tres horas despu\u00e9s en la orilla del camino y los llevaron al poblado de Caborca, donde autoridades municipales los alojaron en un albergue y les brindaron alimentos.<\/span><\/p>\n<p><span class=\"text1noticias\"> <\/span><\/p>\n<p><span class=\"text1noticias\">     En el grupo se encontraban nueve menores de edad provenientes de Africa y tres m\u00e1s de Centroam\u00e9rica, seg\u00fan el reporte.<\/span><\/p>\n<p><span class=\"text1noticias\"> <\/span><\/p>\n<p><span class=\"text1noticias\">     La alcaldesa de Caborca, Karina Garc\u00eda, orden\u00f3 que se facilitara un autob\u00fas para que por la tarde los migrantes continuaran su camino hacia Tijuana, situada a unos 600 kil\u00f3metros de di<\/span>stancia. <\/p>\n<h6> 2016-07-27 10:17:07 <\/h6>\n<p><!--\n<link rel=\"stylesheet\" href=\"css\/bootstrap.min.css\">\n\n\n<ul class=\"pagination\">\n\t    \n\t\n\n<li >\n\t<a href='?page_no=18875'>Previous<\/a>\n\t<\/li>\n\n\n       \n    \n\n<li><a href='?page_no=1'>1<\/a><\/li>\n\n\n\n<li><a href='?page_no=2'>2<\/a><\/li>\n\n\n\n<li><a>...<\/a><\/li>\n\n\n\n<li><a href='?page_no=18874'>18874<\/a><\/li>\n\n\n\n<li><a href='?page_no=18875'>18875<\/a><\/li>\n\n\n\n<li class='active'><a>18876<\/a><\/li>\n\n\n\n<li><a href='?page_no=18877'>18877<\/a><\/li>\n\n\n\n<li><a href='?page_no=18878'>18878<\/a><\/li>\n\n\n\n<li><a>...<\/a><\/li>\n\n\n\n<li><a href='?page_no=51012'>51012<\/a><\/li>\n\n\n\n<li><a href='?page_no=51013'>51013<\/a><\/li>\n\n    \n\t\n\n<li >\n\t<a href='?page_no=18877'>Next<\/a>\n\t<\/li>\n\n\n    \n\n<li><a href='?page_no=51013'>Last &rsaquo;&rsaquo;<\/a><\/li>\n\n<\/ul>\n\n\n--><br \/>\n<\/body><\/p>\n","protected":false},"excerpt":{"rendered":"<p>MEXICO, 27 jul (Xinhua) &#8212; Un grupo de 54 migrantes de Africa y Centroam\u00e9rica fue rescatado por polic\u00edas federales tras ser abandonado este martes en una carretera que atraviesa el desierto de Altar, en la municipalidad de Caborca, estado de Sonora (norte), inform\u00f3 el gobierno local. El subcoordinador de Protecci\u00f3n Civil de Caborca, Sachael M\u00e1rquez, [&hellip;]<\/p>\n","protected":false},"author":3,"featured_media":0,"comment_status":"open","ping_status":"open","sticky":false,"template":"","format":"standard","meta":{"footnotes":""},"categories":[23],"tags":[],"class_list":["post-249231","post","type-post","status-publish","format-standard","hentry","category-internacional"],"_links":{"self":[{"href":"https:\/\/diariodominicano.com\/index.php?rest_route=\/wp\/v2\/posts\/249231","targetHints":{"allow":["GET"]}}],"collection":[{"href":"https:\/\/diariodominicano.com\/index.php?rest_route=\/wp\/v2\/posts"}],"about":[{"href":"https:\/\/diariodominicano.com\/index.php?rest_route=\/wp\/v2\/types\/post"}],"author":[{"embeddable":true,"href":"https:\/\/diariodominicano.com\/index.php?rest_route=\/wp\/v2\/users\/3"}],"replies":[{"embeddable":true,"href":"https:\/\/diariodominicano.com\/index.php?rest_route=%2Fwp%2Fv2%2Fcomments&post=249231"}],"version-history":[{"count":0,"href":"https:\/\/diariodominicano.com\/index.php?rest_route=\/wp\/v2\/posts\/249231\/revisions"}],"wp:attachment":[{"href":"https:\/\/diariodominicano.com\/index.php?rest_route=%2Fwp%2Fv2%2Fmedia&parent=249231"}],"wp:term":[{"taxonomy":"category","embeddable":true,"href":"https:\/\/diariodominicano.com\/index.php?rest_route=%2Fwp%2Fv2%2Fcategories&post=249231"},{"taxonomy":"post_tag","embeddable":true,"href":"https:\/\/diariodominicano.com\/index.php?rest_route=%2Fwp%2Fv2%2Ftags&post=249231"}],"curies":[{"name":"wp","href":"https:\/\/api.w.org\/{rel}","templated":true}]}}