{"id":249229,"date":"2016-07-27T10:52:16","date_gmt":"2016-07-27T10:52:16","guid":{"rendered":"http:\/\/diariodominicano.ddns.net\/?p=249229"},"modified":"2016-07-27T10:52:16","modified_gmt":"2016-07-27T10:52:16","slug":"regular-internet-atentado-a-la-libertad-de-expresion","status":"publish","type":"post","link":"https:\/\/diariodominicano.com\/?p=249229","title":{"rendered":"Regular Internet: \u00bfatentado a la libertad de expresi\u00f3n?"},"content":{"rendered":"<p><body><\/p>\n<p><img decoding=\"async\" src=\"img3\/pan-internet27-7.jpg\" \/>  <\/p>\n<p><span class=\"text1noticias\">Por Nubia Piqueras Grosso<\/span><\/p>\n<p><span class=\"text1noticias\"> <\/span><\/p>\n<p><span class=\"text1noticias\">Panam\u00e1, 27 jul (PL) De golpe a la libertad de expresi\u00f3n y a la memoria de todos los ciudadanos catalogan hoy muchos paname\u00f1os el anteproyecto de ley que pretende regular contenidos en los portales de Internet y redes sociales.<\/span><\/p>\n<p><span class=\"text1noticias\"> <\/span><\/p>\n<p><span class=\"text1noticias\">Seg\u00fan un foro de periodistas, la ambig\u00fcedad en la redacci\u00f3n de la propuesta impulsada por el diputado Melit\u00f3n Arrocha, favorece la eliminaci\u00f3n de referencias en Internet, sin necesidad de aportar pruebas que las justifiquen y sin la intervenci\u00f3n de instancias judiciales que garanticen el debido proceso de las partes.<\/span><\/p>\n<p><span class=\"text1noticias\"> <\/span><\/p>\n<p><span class=\"text1noticias\">De esta manera, la iniciativa obligar\u00e1 a los sitios web a borrar informaci\u00f3n de cualquier persona que se sienta afectada, al tiempo que limita las capacidades especiales de la red de redes como herramienta \u00fanica de transformaci\u00f3n para buscar, recibir y difundir contenidos.<\/span><\/p>\n<p><span class=\"text1noticias\"> <\/span><\/p>\n<p><span class=\"text1noticias\">Criterio enarbolado por la exrelatora especial para la Libertad de Expresi\u00f3n de la Comisi\u00f3n Interamericana de Derechos Humanos Catalina Botero, quien cuestion\u00f3 la efectividad del anteproyecto del representante del Partido Paname\u00f1ista.<\/span><\/p>\n<p><span class=\"text1noticias\"> <\/span><\/p>\n<p><span class=\"text1noticias\">Si bien es cierto que el texto establece que la informaci\u00f3n solo ser\u00e1 eliminada si causa un \u00abperjuicio irremediable\u00bb, los medios de comunicaci\u00f3n -por ejemplo- se ver\u00e1n inundados con decenas de miles de solicitudes imposibles de procesar de manera oportuna y condenados a pagar eventuales sanciones millonarias, afirm\u00f3 la especialista.<\/span><\/p>\n<p><span class=\"text1noticias\"> <\/span><\/p>\n<p><span class=\"text1noticias\">Afectar\u00eda, adem\u00e1s, el derecho de acceso al conocimiento y la cultura, la posibilidad de exigir cuentas y participar en los asuntos p\u00fablicos. En fin, el impacto de esta decisi\u00f3n es de enorme gravedad, acot\u00f3.<\/span><\/p>\n<p><span class=\"text1noticias\"> <\/span><\/p>\n<p><span class=\"text1noticias\">Y es que, a trav\u00e9s de esta iniciativa legislativa presentada en la Asamblea Nacional, cualquier persona puede exigir la eliminaci\u00f3n de informaciones, datos, dibujos, videos, archivos de audio y animaciones, entre otras formas que menoscaben su derecho a la intimidad, al honor y a la imagen.<\/span><\/p>\n<p><span class=\"text1noticias\"> <\/span><\/p>\n<p><span class=\"text1noticias\">Mientras, Arrocha asegur\u00f3 que esta propuesta no pretende demonizar las redes sociales, ni complicar la vida a las empresas que almacenan datos personales, sino \u00abresguardar eficazmente el derecho que tiene toda persona a guardar con celo elementos personales\u00bb.<\/span><\/p>\n<p><span class=\"text1noticias\"> <\/span><\/p>\n<p><span class=\"text1noticias\">A juicio del exministro de Comercio e Industria, con el surgimiento de las nuevas tecnolog\u00edas y de Internet, el derecho a la privacidad y a la rectificaci\u00f3n, consagrado en el art\u00edculo 42 de la Constituci\u00f3n, disminuy\u00f3 en perjuicio directo de las personas, por ello la propuesta.<\/span><\/p>\n<p><span class=\"text1noticias\"> <\/span><\/p>\n<p><span class=\"text1noticias\">Arrocha asegur\u00f3 que no pretende limitar el acceso a la libertad de expresi\u00f3n, pero s\u00ed darles el derecho a los ciudadanos no p\u00fablicos \u00aba que frente a da\u00f1os inminentes, falsedades o a temas que incumben a su intimidad, tengan la oportunidad de reclamar que se quite la publicaci\u00f3n de Internet\u00bb.<\/span><\/p>\n<p><span class=\"text1noticias\"> <\/span><\/p>\n<p><span class=\"text1noticias\">Yo entiendo la preocupaci\u00f3n, pero la informaci\u00f3n debe cumplir con varios requisitos, y si la misma es de inter\u00e9s p\u00fablico, entonces no aplica el derecho al olvido, para evitar que los pol\u00edticos evadan las denuncias, precis\u00f3.<\/span><\/p>\n<p><span class=\"text1noticias\"> <\/span><\/p>\n<p><span class=\"text1noticias\">Pero el denominado \u00abderecho al olvido\u00bb, que intentan debatir actualmente en Panam\u00e1, genera controversias no solo aqu\u00ed, sino tambi\u00e9n en Europa y otros pa\u00edses de Am\u00e9rica Latina como Colombia, Argentina y M\u00e9xico.<\/span><\/p>\n<p><span class=\"text1noticias\"> <\/span><\/p>\n<p><span class=\"text1noticias\">Medios como Hearst Corporation, The New Yorker, The Washington Post, The Associated Press, Reuters America, Atlantic Media, entre otros, criticaron una sentencia de la Comisi\u00f3n Nacional de Inform\u00e1tica y Libertades de Francia, que oblig\u00f3 a Google Inc. a eliminar en todos sus dominios aquella informaci\u00f3n que los usuarios ya no quieran que est\u00e9 disponible en la red.<\/span><\/p>\n<p><span class=\"text1noticias\"> <\/span><\/p>\n<p><span class=\"text1noticias\">\u00abEl punto controversial alrededor del derecho al olvido es si en pa\u00edses con bajos niveles de desempe\u00f1o en transparencia y elevados niveles de corrupci\u00f3n, el olvido digital acabar\u00e1 protegiendo a pol\u00edticos, empresarios o ciudadanos envueltos en actos de corrupci\u00f3n y conflicto de inter\u00e9s\u00bb, expres\u00f3 Mar\u00eda Elena Meneses, profesora e investigadora del Tecnol\u00f3gico de Monterrey.<\/span><\/p>\n<p><span class=\"text1noticias\"> <\/span><\/p>\n<p><span class=\"text1noticias\">Cada vez m\u00e1s las redes sociales emergen como instrumento de campa\u00f1as pol\u00edticas, religiosas o de otra \u00edndole para bien o para el mal, al igual que de polea trasmisora para calumnias, actos de espionajes, noticias falsas y hasta para la ejecuci\u00f3n de delitos denigrantes como la pornograf\u00eda infantil y el bulling.<\/span><\/p>\n<p><span class=\"text1noticias\"> <\/span><\/p>\n<p><span class=\"text1noticias\">Hechos que para nada demeritan el valor de estos sitios que llegaron para quedarse, porque tambi\u00e9n son s\u00edmbolo de la socializaci\u00f3n y del acervo cultural de la humanidad, puesto a disposici\u00f3n de todos con solo dar un click.<\/span><\/p>\n<p><span class=\"text1noticias\"> <\/span><\/p>\n<p><span class=\"text1noticias\">El asunto de la pol\u00e9mica radica en usar las ventajas de la tecnolog\u00eda con responsabilidad, algo que solo ser\u00e1 posible poniendo orden en la gran aldea global d<\/span>el mundo digital.<\/p>\n<h6> 2016-07-27 10:52:16 <\/h6>\n<p><!--\n<link rel=\"stylesheet\" href=\"css\/bootstrap.min.css\">\n\n\n<ul class=\"pagination\">\n\t    \n\t\n\n<li >\n\t<a href='?page_no=18873'>Previous<\/a>\n\t<\/li>\n\n\n       \n    \n\n<li><a href='?page_no=1'>1<\/a><\/li>\n\n\n\n<li><a href='?page_no=2'>2<\/a><\/li>\n\n\n\n<li><a>...<\/a><\/li>\n\n\n\n<li><a href='?page_no=18872'>18872<\/a><\/li>\n\n\n\n<li><a href='?page_no=18873'>18873<\/a><\/li>\n\n\n\n<li class='active'><a>18874<\/a><\/li>\n\n\n\n<li><a href='?page_no=18875'>18875<\/a><\/li>\n\n\n\n<li><a href='?page_no=18876'>18876<\/a><\/li>\n\n\n\n<li><a>...<\/a><\/li>\n\n\n\n<li><a href='?page_no=51012'>51012<\/a><\/li>\n\n\n\n<li><a href='?page_no=51013'>51013<\/a><\/li>\n\n    \n\t\n\n<li >\n\t<a href='?page_no=18875'>Next<\/a>\n\t<\/li>\n\n\n    \n\n<li><a href='?page_no=51013'>Last &rsaquo;&rsaquo;<\/a><\/li>\n\n<\/ul>\n\n\n--><br \/>\n<\/body><\/p>\n","protected":false},"excerpt":{"rendered":"<p>Por Nubia Piqueras Grosso Panam\u00e1, 27 jul (PL) De golpe a la libertad de expresi\u00f3n y a la memoria de todos los ciudadanos catalogan hoy muchos paname\u00f1os el anteproyecto de ley que pretende regular contenidos en los portales de Internet y redes sociales. Seg\u00fan un foro de periodistas, la ambig\u00fcedad en la redacci\u00f3n de la [&hellip;]<\/p>\n","protected":false},"author":3,"featured_media":0,"comment_status":"open","ping_status":"open","sticky":false,"template":"","format":"standard","meta":{"footnotes":""},"categories":[23],"tags":[],"class_list":["post-249229","post","type-post","status-publish","format-standard","hentry","category-internacional"],"_links":{"self":[{"href":"https:\/\/diariodominicano.com\/index.php?rest_route=\/wp\/v2\/posts\/249229","targetHints":{"allow":["GET"]}}],"collection":[{"href":"https:\/\/diariodominicano.com\/index.php?rest_route=\/wp\/v2\/posts"}],"about":[{"href":"https:\/\/diariodominicano.com\/index.php?rest_route=\/wp\/v2\/types\/post"}],"author":[{"embeddable":true,"href":"https:\/\/diariodominicano.com\/index.php?rest_route=\/wp\/v2\/users\/3"}],"replies":[{"embeddable":true,"href":"https:\/\/diariodominicano.com\/index.php?rest_route=%2Fwp%2Fv2%2Fcomments&post=249229"}],"version-history":[{"count":0,"href":"https:\/\/diariodominicano.com\/index.php?rest_route=\/wp\/v2\/posts\/249229\/revisions"}],"wp:attachment":[{"href":"https:\/\/diariodominicano.com\/index.php?rest_route=%2Fwp%2Fv2%2Fmedia&parent=249229"}],"wp:term":[{"taxonomy":"category","embeddable":true,"href":"https:\/\/diariodominicano.com\/index.php?rest_route=%2Fwp%2Fv2%2Fcategories&post=249229"},{"taxonomy":"post_tag","embeddable":true,"href":"https:\/\/diariodominicano.com\/index.php?rest_route=%2Fwp%2Fv2%2Ftags&post=249229"}],"curies":[{"name":"wp","href":"https:\/\/api.w.org\/{rel}","templated":true}]}}