{"id":249228,"date":"2016-07-27T11:57:09","date_gmt":"2016-07-27T11:57:09","guid":{"rendered":"http:\/\/diariodominicano.ddns.net\/?p=249228"},"modified":"2016-07-27T11:57:09","modified_gmt":"2016-07-27T11:57:09","slug":"el-mundo-esta-en-guerra-por-el-dinero-los-recursos-y-el-dominio","status":"publish","type":"post","link":"https:\/\/diariodominicano.com\/?p=249228","title":{"rendered":"El mundo est\u00e1 en guerra por el dinero, los recursos y el dominio"},"content":{"rendered":"<p><body><\/p>\n<p><img decoding=\"async\" src=\"img3\/PapaLlegaCracovia.jpg\" \/>  <\/p>\n<p><span class=\"text1noticias\">CRACOVIA, 27 Jul. 16 \/ 10:07 am (ACI).- El Papa Francisco afirm\u00f3 que el mundo actual est\u00e1 en guerra, pero no es una guerra de religiones, en declaraciones a bordo del avi\u00f3n que lo llev\u00f3 de Roma a Cracovia para participar en la Jornada Mundial de la Juventud (JMJ) que se inici\u00f3 ayer.<\/span><\/p>\n<p><span class=\"text1noticias\"> <\/span><\/p>\n<p><span class=\"text1noticias\">\u00abQuiero aclarar una cosa: cuando hablo de guerra, hablo en serio de eso pero no hablo de guerra de religi\u00f3n. Es una guerra por el dinero, por los recursos, por la naturaleza, por el dominio\u00bb, dijo el Santo Padre a los periodistas con quienes lleg\u00f3 hoy a Polonia.<\/span><\/p>\n<p><span class=\"text1noticias\"> <\/span><\/p>\n<p><span class=\"text1noticias\">\u00abEsta es la guerra. \u00bfAlguno piensa en la guerra de religi\u00f3n? No, todas las religiones quieren la paz. La guerra la quieren los otros. \u00bfEntendido?\u00bb, continu\u00f3.<\/span><\/p>\n<p><span class=\"text1noticias\"> <\/span><\/p>\n<p><span class=\"text1noticias\">El Santo Padre hizo esta afirmaci\u00f3n en respuesta a la pregunta del P. Federico Lombardi, Director de la Sala de Prensa de la Santa Sede, sobre los hechos ocurridos ayer en una iglesia de la regi\u00f3n de la Normand\u00eda donde dos miembros del Estado Isl\u00e1mico asesinado al P. Jacques Hamel de 84 a\u00f1os mientras celebraba Misa.  <\/span><\/p>\n<p><span class=\"text1noticias\"> <\/span><\/p>\n<p><span class=\"text1noticias\">\u00abEs guerra: no tengamos miedo de decir esta verdad. El mundo est\u00e1 en guerra porque ha perdido la paz\u00bb, dijo el Pont\u00edfice.<\/span><\/p>\n<p><span class=\"text1noticias\"> <\/span><\/p>\n<p><span class=\"text1noticias\">Francisco dijo luego que ahora en Cracovia \u00abesperamos que los j\u00f3venes nos digan algo y nos den esperanza en este momento\u00bb.<\/span><\/p>\n<p><span class=\"text1noticias\"> <\/span><\/p>\n<p><span class=\"text1noticias\">\u00abLa verdadera palabra es inseguridad. Eso. Desde hace un tiempo el mundo est\u00e1 en una guerra a pedazos, esta es una guerra. Tuvimos la de 1914 y luego la de 1939. En el mundo de ahora tenemos esta\u00bb, resalt\u00f3.<\/span><\/p>\n<p><span class=\"text1noticias\"> <\/span><\/p>\n<p><span class=\"text1noticias\">\u00abTal vez no es tan org\u00e1nica u organizada. Este santo sacerdote que ha muerto mientras ofrec\u00eda la oraci\u00f3n por toda la iglesia es uno, pero cu\u00e1ntos cristianos, cu\u00e1ntos inocentes, cu\u00e1ntos ni\u00f1os&#8230; Pensamos en Nigeria, pero eso es en \u00c1frica, como si no le importara a ninguno\u00bb, continu\u00f3.<\/span><\/p>\n<p><span class=\"text1noticias\"> <\/span><\/p>\n<p><span class=\"text1noticias\">El Santo Padre tambi\u00e9n agradeci\u00f3 a quienes han ofrecido sus condolencias por el asesinato del P. Hamel y \u00abde modo especial al Presidente franc\u00e9s (Fran\u00e7ois Hollande) que me ha llamado como un hermano y lo agr<\/span>adezco\u00bb.<\/p>\n<h6> 2016-07-27 11:57:09 <\/h6>\n<p><!--\n<link rel=\"stylesheet\" href=\"css\/bootstrap.min.css\">\n\n\n<ul class=\"pagination\">\n\t    \n\t\n\n<li >\n\t<a href='?page_no=18872'>Previous<\/a>\n\t<\/li>\n\n\n       \n    \n\n<li><a href='?page_no=1'>1<\/a><\/li>\n\n\n\n<li><a href='?page_no=2'>2<\/a><\/li>\n\n\n\n<li><a>...<\/a><\/li>\n\n\n\n<li><a href='?page_no=18871'>18871<\/a><\/li>\n\n\n\n<li><a href='?page_no=18872'>18872<\/a><\/li>\n\n\n\n<li class='active'><a>18873<\/a><\/li>\n\n\n\n<li><a href='?page_no=18874'>18874<\/a><\/li>\n\n\n\n<li><a href='?page_no=18875'>18875<\/a><\/li>\n\n\n\n<li><a>...<\/a><\/li>\n\n\n\n<li><a href='?page_no=51012'>51012<\/a><\/li>\n\n\n\n<li><a href='?page_no=51013'>51013<\/a><\/li>\n\n    \n\t\n\n<li >\n\t<a href='?page_no=18874'>Next<\/a>\n\t<\/li>\n\n\n    \n\n<li><a href='?page_no=51013'>Last &rsaquo;&rsaquo;<\/a><\/li>\n\n<\/ul>\n\n\n--><br \/>\n<\/body><\/p>\n","protected":false},"excerpt":{"rendered":"<p>CRACOVIA, 27 Jul. 16 \/ 10:07 am (ACI).- El Papa Francisco afirm\u00f3 que el mundo actual est\u00e1 en guerra, pero no es una guerra de religiones, en declaraciones a bordo del avi\u00f3n que lo llev\u00f3 de Roma a Cracovia para participar en la Jornada Mundial de la Juventud (JMJ) que se inici\u00f3 ayer. \u00abQuiero aclarar [&hellip;]<\/p>\n","protected":false},"author":3,"featured_media":0,"comment_status":"open","ping_status":"open","sticky":false,"template":"","format":"standard","meta":{"footnotes":""},"categories":[23],"tags":[],"class_list":["post-249228","post","type-post","status-publish","format-standard","hentry","category-internacional"],"_links":{"self":[{"href":"https:\/\/diariodominicano.com\/index.php?rest_route=\/wp\/v2\/posts\/249228","targetHints":{"allow":["GET"]}}],"collection":[{"href":"https:\/\/diariodominicano.com\/index.php?rest_route=\/wp\/v2\/posts"}],"about":[{"href":"https:\/\/diariodominicano.com\/index.php?rest_route=\/wp\/v2\/types\/post"}],"author":[{"embeddable":true,"href":"https:\/\/diariodominicano.com\/index.php?rest_route=\/wp\/v2\/users\/3"}],"replies":[{"embeddable":true,"href":"https:\/\/diariodominicano.com\/index.php?rest_route=%2Fwp%2Fv2%2Fcomments&post=249228"}],"version-history":[{"count":0,"href":"https:\/\/diariodominicano.com\/index.php?rest_route=\/wp\/v2\/posts\/249228\/revisions"}],"wp:attachment":[{"href":"https:\/\/diariodominicano.com\/index.php?rest_route=%2Fwp%2Fv2%2Fmedia&parent=249228"}],"wp:term":[{"taxonomy":"category","embeddable":true,"href":"https:\/\/diariodominicano.com\/index.php?rest_route=%2Fwp%2Fv2%2Fcategories&post=249228"},{"taxonomy":"post_tag","embeddable":true,"href":"https:\/\/diariodominicano.com\/index.php?rest_route=%2Fwp%2Fv2%2Ftags&post=249228"}],"curies":[{"name":"wp","href":"https:\/\/api.w.org\/{rel}","templated":true}]}}