{"id":249226,"date":"2016-07-27T14:48:57","date_gmt":"2016-07-27T14:48:57","guid":{"rendered":"http:\/\/diariodominicano.ddns.net\/?p=249226"},"modified":"2016-07-27T14:48:57","modified_gmt":"2016-07-27T14:48:57","slug":"mas-de-40-muertos-por-atentado-en-ciudad-siria-de-qamishli","status":"publish","type":"post","link":"https:\/\/diariodominicano.com\/?p=249226","title":{"rendered":"&#13;M\u00e1s de 40 muertos por atentado en ciudad siria de Qamishli"},"content":{"rendered":"<p><body><\/p>\n<p><img decoding=\"async\" src=\"img3\/sir-atentado.jpg\" \/>  <\/p>\n<p><span class=\"text1noticias\">\t <\/span><\/p>\n<\/p>\n<p><span class=\"text1noticias\">Las autoridades de la localidad indicaron que la cantidad de fallecidos puede aumentar ante la gravedad de numerosos heridos.<\/span><\/p>\n<\/p>\n<p><span class=\"text1noticias\">Seg\u00fan los datos, un suicida deton\u00f3 el veh\u00edculo en medio del populoso barrio de Gharbiyeh y en el cruce de una rotonda de gran tr\u00e1nsito vehicular cercana a la llamada Ciudad Juvenil de esa poblaci\u00f3n.<\/span><\/p>\n<\/p>\n<p><span class=\"text1noticias\">Qamishli, a unos 500 kil\u00f3metros al norte de Damasco, ha sido objeto de varios atentados en lo que va del actual a\u00f1o y es centro de enfrentamientos con los grupos terroristas del Estado Isl\u00e1mico (Daesh, en \u00e1rabe).<\/span><\/p>\n<\/p>\n<h6> 2016-07-27 14:48:57 <\/h6>\n<p><!--\n<link rel=\"stylesheet\" href=\"css\/bootstrap.min.css\">\n\n\n<ul class=\"pagination\">\n\t    \n\t\n\n<li >\n\t<a href='?page_no=18870'>Previous<\/a>\n\t<\/li>\n\n\n       \n    \n\n<li><a href='?page_no=1'>1<\/a><\/li>\n\n\n\n<li><a href='?page_no=2'>2<\/a><\/li>\n\n\n\n<li><a>...<\/a><\/li>\n\n\n\n<li><a href='?page_no=18869'>18869<\/a><\/li>\n\n\n\n<li><a href='?page_no=18870'>18870<\/a><\/li>\n\n\n\n<li class='active'><a>18871<\/a><\/li>\n\n\n\n<li><a href='?page_no=18872'>18872<\/a><\/li>\n\n\n\n<li><a href='?page_no=18873'>18873<\/a><\/li>\n\n\n\n<li><a>...<\/a><\/li>\n\n\n\n<li><a href='?page_no=51012'>51012<\/a><\/li>\n\n\n\n<li><a href='?page_no=51013'>51013<\/a><\/li>\n\n    \n\t\n\n<li >\n\t<a href='?page_no=18872'>Next<\/a>\n\t<\/li>\n\n\n    \n\n<li><a href='?page_no=51013'>Last &rsaquo;&rsaquo;<\/a><\/li>\n\n<\/ul>\n\n\n--><br \/>\n<\/body><\/p>\n","protected":false},"excerpt":{"rendered":"<p>Las autoridades de la localidad indicaron que la cantidad de fallecidos puede aumentar ante la gravedad de numerosos heridos. Seg\u00fan los datos, un suicida deton\u00f3 el veh\u00edculo en medio del populoso barrio de Gharbiyeh y en el cruce de una rotonda de gran tr\u00e1nsito vehicular cercana a la llamada Ciudad Juvenil de esa poblaci\u00f3n. Qamishli, [&hellip;]<\/p>\n","protected":false},"author":3,"featured_media":0,"comment_status":"open","ping_status":"open","sticky":false,"template":"","format":"standard","meta":{"footnotes":""},"categories":[23],"tags":[],"class_list":["post-249226","post","type-post","status-publish","format-standard","hentry","category-internacional"],"_links":{"self":[{"href":"https:\/\/diariodominicano.com\/index.php?rest_route=\/wp\/v2\/posts\/249226","targetHints":{"allow":["GET"]}}],"collection":[{"href":"https:\/\/diariodominicano.com\/index.php?rest_route=\/wp\/v2\/posts"}],"about":[{"href":"https:\/\/diariodominicano.com\/index.php?rest_route=\/wp\/v2\/types\/post"}],"author":[{"embeddable":true,"href":"https:\/\/diariodominicano.com\/index.php?rest_route=\/wp\/v2\/users\/3"}],"replies":[{"embeddable":true,"href":"https:\/\/diariodominicano.com\/index.php?rest_route=%2Fwp%2Fv2%2Fcomments&post=249226"}],"version-history":[{"count":0,"href":"https:\/\/diariodominicano.com\/index.php?rest_route=\/wp\/v2\/posts\/249226\/revisions"}],"wp:attachment":[{"href":"https:\/\/diariodominicano.com\/index.php?rest_route=%2Fwp%2Fv2%2Fmedia&parent=249226"}],"wp:term":[{"taxonomy":"category","embeddable":true,"href":"https:\/\/diariodominicano.com\/index.php?rest_route=%2Fwp%2Fv2%2Fcategories&post=249226"},{"taxonomy":"post_tag","embeddable":true,"href":"https:\/\/diariodominicano.com\/index.php?rest_route=%2Fwp%2Fv2%2Ftags&post=249226"}],"curies":[{"name":"wp","href":"https:\/\/api.w.org\/{rel}","templated":true}]}}