{"id":249223,"date":"2016-07-28T07:56:24","date_gmt":"2016-07-28T07:56:24","guid":{"rendered":"http:\/\/diariodominicano.ddns.net\/?p=249223"},"modified":"2016-07-28T07:56:24","modified_gmt":"2016-07-28T07:56:24","slug":"aparatosa-caida-en-czestochowa-no-detuvo-al-papa-francisco","status":"publish","type":"post","link":"https:\/\/diariodominicano.com\/?p=249223","title":{"rendered":"Aparatosa ca\u00edda en Czestochowa no detuvo al Papa Francisco"},"content":{"rendered":"<p><body><\/p>\n<p><img decoding=\"async\" src=\"img3\/Papacaida28-7.jpeg\" \/>  <\/p>\n<p><span class=\"text1noticias\">CRACOVIA, 28 Jul. 16 (ACI).- Este jueves, durante la Misa que celebr\u00f3 en los exteriores del Santuario de la Virgen de Czestochowa, el Papa Francisco sufri\u00f3 una aparatosa ca\u00edda. Gracias a la r\u00e1pida reacci\u00f3n de sus asistentes y su impresionante fortaleza, el episodio no pas\u00f3 de un susto.<\/span><\/p>\n<p><span class=\"text1noticias\"> <\/span><\/p>\n<p><span class=\"text1noticias\">El hecho ocurri\u00f3 al inicio de la Misa, cuando Francisco se dirig\u00eda a la imagen de la Virgen Mar\u00eda con el incensario en el altar. Sin embargo, un paso en falso le hizo perder el equilibrio y caer al piso.<\/span><\/p>\n<p><span class=\"text1noticias\"> <\/span><\/p>\n<p><span class=\"text1noticias\">Inmediatamente, fue ayudado por algunos miembros de su seguridad y del clero local, quienes le acomodaron un poco la vestimenta lit\u00fargica. Al cabo de pocos segundos, el Pont\u00edfice sigui\u00f3 con la celebraci\u00f3n y fue a rendir honores a la Patrona de Polonia.<\/span><\/p>\n<p><span class=\"text1noticias\"> <\/span><\/p>\n<p><span class=\"text1noticias\">En la celebraci\u00f3n eucar\u00edstica, el Papa conmemor\u00f3 los 1050 de la conversi\u00f3n de Polonia al cristianismo, fecha recordada como el \u00abBautismo de Polonia\u00bb.<\/span><\/p>\n<p><span class=\"text1noticias\"> <\/span><\/p>\n<p><span class=\"text1noticias\">Cientos de miles de personas llenaron las zonas aleda\u00f1as al templo desde la madrugada para asistir a la Misa. Francisco es el tercer Pont\u00edfice que visita este santuario siguiendo los pasos de San Juan Pablo II y Benedicto <\/span>XVI.<\/p>\n<h6> 2016-07-28 07:56:24 <\/h6>\n<p><!--\n<link rel=\"stylesheet\" href=\"css\/bootstrap.min.css\">\n\n\n<ul class=\"pagination\">\n\t    \n\t\n\n<li >\n\t<a href='?page_no=18867'>Previous<\/a>\n\t<\/li>\n\n\n       \n    \n\n<li><a href='?page_no=1'>1<\/a><\/li>\n\n\n\n<li><a href='?page_no=2'>2<\/a><\/li>\n\n\n\n<li><a>...<\/a><\/li>\n\n\n\n<li><a href='?page_no=18866'>18866<\/a><\/li>\n\n\n\n<li><a href='?page_no=18867'>18867<\/a><\/li>\n\n\n\n<li class='active'><a>18868<\/a><\/li>\n\n\n\n<li><a href='?page_no=18869'>18869<\/a><\/li>\n\n\n\n<li><a href='?page_no=18870'>18870<\/a><\/li>\n\n\n\n<li><a>...<\/a><\/li>\n\n\n\n<li><a href='?page_no=51012'>51012<\/a><\/li>\n\n\n\n<li><a href='?page_no=51013'>51013<\/a><\/li>\n\n    \n\t\n\n<li >\n\t<a href='?page_no=18869'>Next<\/a>\n\t<\/li>\n\n\n    \n\n<li><a href='?page_no=51013'>Last &rsaquo;&rsaquo;<\/a><\/li>\n\n<\/ul>\n\n\n--><br \/>\n<\/body><\/p>\n","protected":false},"excerpt":{"rendered":"<p>CRACOVIA, 28 Jul. 16 (ACI).- Este jueves, durante la Misa que celebr\u00f3 en los exteriores del Santuario de la Virgen de Czestochowa, el Papa Francisco sufri\u00f3 una aparatosa ca\u00edda. Gracias a la r\u00e1pida reacci\u00f3n de sus asistentes y su impresionante fortaleza, el episodio no pas\u00f3 de un susto. El hecho ocurri\u00f3 al inicio de la [&hellip;]<\/p>\n","protected":false},"author":3,"featured_media":0,"comment_status":"open","ping_status":"open","sticky":false,"template":"","format":"standard","meta":{"footnotes":""},"categories":[23],"tags":[],"class_list":["post-249223","post","type-post","status-publish","format-standard","hentry","category-internacional"],"_links":{"self":[{"href":"https:\/\/diariodominicano.com\/index.php?rest_route=\/wp\/v2\/posts\/249223","targetHints":{"allow":["GET"]}}],"collection":[{"href":"https:\/\/diariodominicano.com\/index.php?rest_route=\/wp\/v2\/posts"}],"about":[{"href":"https:\/\/diariodominicano.com\/index.php?rest_route=\/wp\/v2\/types\/post"}],"author":[{"embeddable":true,"href":"https:\/\/diariodominicano.com\/index.php?rest_route=\/wp\/v2\/users\/3"}],"replies":[{"embeddable":true,"href":"https:\/\/diariodominicano.com\/index.php?rest_route=%2Fwp%2Fv2%2Fcomments&post=249223"}],"version-history":[{"count":0,"href":"https:\/\/diariodominicano.com\/index.php?rest_route=\/wp\/v2\/posts\/249223\/revisions"}],"wp:attachment":[{"href":"https:\/\/diariodominicano.com\/index.php?rest_route=%2Fwp%2Fv2%2Fmedia&parent=249223"}],"wp:term":[{"taxonomy":"category","embeddable":true,"href":"https:\/\/diariodominicano.com\/index.php?rest_route=%2Fwp%2Fv2%2Fcategories&post=249223"},{"taxonomy":"post_tag","embeddable":true,"href":"https:\/\/diariodominicano.com\/index.php?rest_route=%2Fwp%2Fv2%2Ftags&post=249223"}],"curies":[{"name":"wp","href":"https:\/\/api.w.org\/{rel}","templated":true}]}}