{"id":249222,"date":"2016-07-28T08:06:20","date_gmt":"2016-07-28T08:06:20","guid":{"rendered":"http:\/\/diariodominicano.ddns.net\/?p=249222"},"modified":"2016-07-28T08:06:20","modified_gmt":"2016-07-28T08:06:20","slug":"dios-nos-salva-haciendose-pequeno-cercano-y-concreto","status":"publish","type":"post","link":"https:\/\/diariodominicano.com\/?p=249222","title":{"rendered":"\u00abDios nos salva haci\u00e9ndose peque\u00f1o, cercano y concreto\u00bb"},"content":{"rendered":"<p><body><\/p>\n<p><img decoding=\"async\" src=\"img3\/PapaFranciscoSantuari28-7.jpg\" \/>  <\/p>\n<p><span class=\"text1noticias\">CRACOVIA, 28 Jul. 16 \/ 04:59 am (ACI).- \u00abDios nos salva haci\u00e9ndose peque\u00f1o, cercano y concreto\u00bb, asegur\u00f3 hoy el Papa Francisco, en su homil\u00eda en la multitudinaria Misa celebrada en el exterior Santuario de la Virgen Negra de Czestochowa, en el segundo d\u00eda de su visita apost\u00f3lica a Polonia durante la Jornada Mundial de la Juventud (JMJ) Cracovia 2016.<\/span><\/p>\n<p><span class=\"text1noticias\"> <\/span><\/p>\n<p><span class=\"text1noticias\">El Santo Padre lleg\u00f3 al santuario mariano alrededor de las 9:30 a.m. (hora local) y rez\u00f3 unos minutos ante la imagen de la Virgen, patrona de Polonia, en su capilla. En el exterior del templo se congregaron alrededor de 500.000 fieles y peregrinos, seg\u00fan los organizadores de la JMJ.<\/span><\/p>\n<p><span class=\"text1noticias\"> <\/span><\/p>\n<p><span class=\"text1noticias\">En la Misa, celebrada con ocasi\u00f3n de los 1050 a\u00f1os del Bautismo de Polonia, el Santo Padre destac\u00f3 que \u00abel Se\u00f1or, ?manso y humilde de coraz\u00f3n?, prefiere a los peque\u00f1os, a los que se ha revelado el Reino de Dios; estos son grandes ante sus ojos, y a ellos dirige su mirada\u00bb.<\/span><\/p>\n<p><span class=\"text1noticias\"> <\/span><\/p>\n<p><span class=\"text1noticias\">Entre los asistentes a la celebraci\u00f3n eucar\u00edstica se encontraba el presidente de Polonia, Andrzej Duda, cat\u00f3lico practicante abiertamente opuesto al aborto, el llamado \u00abmatrimonio\u00bb homosexual y la fertilizaci\u00f3n in vitro (FIV).<\/span><\/p>\n<p><span class=\"text1noticias\"> <\/span><\/p>\n<p><span class=\"text1noticias\">Esta predilecci\u00f3n de Dios por los peque\u00f1os, explic\u00f3, se debe a que \u00abse oponen a la ?soberbia de la vida?, que procede del mundo\u00bb.<\/span><\/p>\n<p><span class=\"text1noticias\"> <\/span><\/p>\n<p><span class=\"text1noticias\">\u00abLos peque\u00f1os hablan su mismo idioma: el amor humilde que hace libres. Por eso llama a personas sencillas y disponibles para ser sus portavoces, y les conf\u00eda la revelaci\u00f3n de su nombre y los secretos de su coraz\u00f3n\u00bb.<\/span><\/p>\n<p><span class=\"text1noticias\"> <\/span><\/p>\n<p><span class=\"text1noticias\">Francisco destac\u00f3 el ejemplo de \u00abtantos hijos e hijas\u00bb de Polonia, \u00abque han hecho resplandecer la fuerza inerme del Evangelio\u00bb. Entre ellos, el Papa record\u00f3 a San Juan Pablo II y a Santa Faustina Kowalska, vidente del Se\u00f1or de la Divina Misericordia.<\/span><\/p>\n<p><span class=\"text1noticias\"> <\/span><\/p>\n<p><span class=\"text1noticias\">El Santo Padre destac\u00f3 tambi\u00e9n que sorprende particularmente \u00abc\u00f3mo se realiza la venida de Dios en la historia: ?nacido de mujer?. Ning\u00fan ingreso triunfal, ninguna manifestaci\u00f3n grandiosa del Omnipotente: \u00e9l no se muestra como un sol deslumbrante, sino que entra en el mundo en el modo m\u00e1s sencillo, como un ni\u00f1o dado a luz por su madre\u00bb.<\/span><\/p>\n<p><span class=\"text1noticias\"> <\/span><\/p>\n<p><span class=\"text1noticias\">\u00abAhora como entonces, ?no viene con ostentaci\u00f3n?, sino en la peque\u00f1ez, en la humildad\u00bb.<\/span><\/p>\n<p><span class=\"text1noticias\"> <\/span><\/p>\n<p><span class=\"text1noticias\">Al referirse al Evangelio de hoy, sobre las Bodas de Can\u00e1, el Papa destac\u00f3 que el milagro que realiza Jes\u00fas \u00abno ha sido un gesto asombroso realizado ante la multitud, ni siquiera una intervenci\u00f3n que resuelve una cuesti\u00f3n pol\u00edtica apremiante, como el sometimiento del pueblo al dominio romano\u00bb.<\/span><\/p>\n<p><span class=\"text1noticias\"> <\/span><\/p>\n<p><span class=\"text1noticias\">\u00abSe produce m\u00e1s bien un milagro sencillo en un peque\u00f1o pueblo, que alegra las nupcias de una joven familia, totalmente an\u00f3nima\u00bb.<\/span><\/p>\n<p><span class=\"text1noticias\"> <\/span><\/p>\n<p><span class=\"text1noticias\">Sin embargo, destac\u00f3, \u00abel agua transformada en vino en la fiesta de la boda es un gran signo, porque nos revela el rostro esponsalicio de Dios, de un Dios que se sienta a la mesa con nosotros, que sue\u00f1a y establece comuni\u00f3n con nosotros\u00bb.<\/span><\/p>\n<p><span class=\"text1noticias\"> <\/span><\/p>\n<p><span class=\"text1noticias\">Francisco subray\u00f3 que \u00abser atra\u00eddos por el poder, por la grandeza y por la visibilidad es algo tr\u00e1gicamente humano, y es una gran tentaci\u00f3n que busca infiltrarse por doquier; en cambio, donarse a los dem\u00e1s, cancelando distancias, viviendo en la peque\u00f1ez y colmando concretamente la cotidianidad, esto es exquisitamente divino\u00bb.<\/span><\/p>\n<p><span class=\"text1noticias\"> <\/span><\/p>\n<p><span class=\"text1noticias\">Dios adem\u00e1s \u00abes cercano\u00bb, dijo el Papa, pues \u00abel Se\u00f1or no desea que lo teman como a un soberano poderoso y distante, no quiere quedarse en un trono en el cielo o en los libros de historia, sino que quiere sumirse en nuestros avatares de cada d\u00eda para caminar con nosotros\u00bb.<\/span><\/p>\n<p><span class=\"text1noticias\"> <\/span><\/p>\n<p><span class=\"text1noticias\">\u00abEs bello sobre todo agradecer a Dios, que ha caminado con vuestro pueblo, llev\u00e1ndolo de la mano y acompa\u00f1\u00e1ndolo en tantas situaciones. Es lo que siempre estamos llamados a hacer, tambi\u00e9n como Iglesia: escuchar, comprometernos y hacernos cercanos, compartiendo las alegr\u00edas y las fatigas de la gente, de manera que se transmita el Evangelio de la manera m\u00e1s coherente y que produce mayor fruto: por irradiaci\u00f3n positiva, a trav\u00e9s de la transparencia de vida\u00bb.<\/span><\/p>\n<p><span class=\"text1noticias\"> <\/span><\/p>\n<p><span class=\"text1noticias\">Como tercer punto, el Santo Padre se\u00f1al\u00f3 que \u00abDios es concreto\u00bb, pues \u00abel Verbo se hace carne, nace de una madre, nace bajo la ley, tiene amigos y participa en una fiesta: el eterno se comunica pasando el tiempo con personas y en situaciones concretas\u00bb.<\/span><\/p>\n<p><span class=\"text1noticias\"> <\/span><\/p>\n<p><span class=\"text1noticias\">La historia de Polonia, se\u00f1al\u00f3, \u00abimpregnada de Evangelio, cruz y fidelidad a la Iglesia, ha visto el contagio positivo de una fe genuina, transmitida de familia en familia, de padre a hijo, y sobre todo de las madres y de las abuelas, a quienes hay mucho que agradecer\u00bb.<\/span><\/p>\n<p><span class=\"text1noticias\"> <\/span><\/p>\n<p><span class=\"text1noticias\">El Papa alent\u00f3 luego a volver los ojos a la Virgen Mar\u00eda, que es \u00abla escalera que Dios ha recorrido para bajar hasta nosotros y hacerse cercano y concreto; es ella el signo m\u00e1s claro de la plenitud de los tiempos\u00bb.<\/span><\/p>\n<p><span class=\"text1noticias\"> <\/span><\/p>\n<p><span class=\"text1noticias\">\u00abEn la vida de Mar\u00eda admiramos esa peque\u00f1ez amada por Dios\u00bb, dijo, y asegur\u00f3 que el Se\u00f1or \u00abse complaci\u00f3 tanto de Mar\u00eda, que se dej\u00f3 tejer la carne por ella, de modo que la Virgen se convirti\u00f3 en Madre de Dios\u00bb.<\/span><\/p>\n<p><span class=\"text1noticias\"> <\/span><\/p>\n<p><span class=\"text1noticias\">Al finalizar su homil\u00eda el Santo Padre precis\u00f3 que \u00abde poco sirve el paso entre el antes y el despu\u00e9s de Cristo, si permanece s\u00f3lo como una fecha en los anales de la historia\u00bb.<\/span><\/p>\n<p><span class=\"text1noticias\"> <\/span><\/p>\n<p><span class=\"text1noticias\">Por ello, Francisco alent\u00f3 a que \u00abpueda cumplirse, para todos y para cada uno, un paso interior, una Pascua del coraz\u00f3n hacia el estilo divino encarnado por Mar\u00eda: obrar en la peque\u00f1ez y acompa\u00f1ar de cerca, con coraz\u00f3n sencillo y abierto\u00bb.<\/span><\/p>\n<p><span class=\"text1noticias\"> <\/span><\/p>\n<p><span class=\"text1noticias\">Al finalizar la celebraci\u00f3n de la Misa, el Arzobispo Metropolitano de Gniezno y Primado de Polonia, Mons. Wojciech Polak, record\u00f3 que 50 a\u00f1os atr\u00e1s, con ocasi\u00f3n de la celebraci\u00f3n de los mil a\u00f1os del Bautismo de Polonia, en ese mismo lugar sobre el altar \u00abdominaba el trono pontificio con un bouquet de rosas blancas-amarillas para significar la ausencia del entonces Pont\u00edfice Pablo VI\u00bb.<\/span><\/p>\n<p><span class=\"text1noticias\"> <\/span><\/p>\n<p><span class=\"text1noticias\">\u00abEl retrato del Papa, a quien las autoridades comunistas le negaron el permiso para venir, acompa\u00f1aba el rezo alzado en cada \u00e1ngulo de nuestro pa\u00eds\u00bb, record\u00f3.<\/span><\/p>\n<p><span class=\"text1noticias\"> <\/span><\/p>\n<p><span class=\"text1noticias\">Mons. Polak subray\u00f3 que la Iglesia en Polonia \u00absiempre sedienta de la palabra y la presencia del Sucesor de San Pedro, agradece hoy con todo el coraz\u00f3n al Se\u00f1or, y te agradece amado Padre Santo, que est\u00e9s en medio de nosotros, para reforzarnos, a tus hermanos, y al mismo tiempo ayudarnos a re<\/span>tornar al primer amor\u00bb.<\/p>\n<h6> 2016-07-28 08:06:20 <\/h6>\n<p><!--\n<link rel=\"stylesheet\" href=\"css\/bootstrap.min.css\">\n\n\n<ul class=\"pagination\">\n\t    \n\t\n\n<li >\n\t<a href='?page_no=18866'>Previous<\/a>\n\t<\/li>\n\n\n       \n    \n\n<li><a href='?page_no=1'>1<\/a><\/li>\n\n\n\n<li><a href='?page_no=2'>2<\/a><\/li>\n\n\n\n<li><a>...<\/a><\/li>\n\n\n\n<li><a href='?page_no=18865'>18865<\/a><\/li>\n\n\n\n<li><a href='?page_no=18866'>18866<\/a><\/li>\n\n\n\n<li class='active'><a>18867<\/a><\/li>\n\n\n\n<li><a href='?page_no=18868'>18868<\/a><\/li>\n\n\n\n<li><a href='?page_no=18869'>18869<\/a><\/li>\n\n\n\n<li><a>...<\/a><\/li>\n\n\n\n<li><a href='?page_no=51012'>51012<\/a><\/li>\n\n\n\n<li><a href='?page_no=51013'>51013<\/a><\/li>\n\n    \n\t\n\n<li >\n\t<a href='?page_no=18868'>Next<\/a>\n\t<\/li>\n\n\n    \n\n<li><a href='?page_no=51013'>Last &rsaquo;&rsaquo;<\/a><\/li>\n\n<\/ul>\n\n\n--><br \/>\n<\/body><\/p>\n","protected":false},"excerpt":{"rendered":"<p>CRACOVIA, 28 Jul. 16 \/ 04:59 am (ACI).- \u00abDios nos salva haci\u00e9ndose peque\u00f1o, cercano y concreto\u00bb, asegur\u00f3 hoy el Papa Francisco, en su homil\u00eda en la multitudinaria Misa celebrada en el exterior Santuario de la Virgen Negra de Czestochowa, en el segundo d\u00eda de su visita apost\u00f3lica a Polonia durante la Jornada Mundial de la [&hellip;]<\/p>\n","protected":false},"author":3,"featured_media":0,"comment_status":"open","ping_status":"open","sticky":false,"template":"","format":"standard","meta":{"footnotes":""},"categories":[23],"tags":[],"class_list":["post-249222","post","type-post","status-publish","format-standard","hentry","category-internacional"],"_links":{"self":[{"href":"https:\/\/diariodominicano.com\/index.php?rest_route=\/wp\/v2\/posts\/249222","targetHints":{"allow":["GET"]}}],"collection":[{"href":"https:\/\/diariodominicano.com\/index.php?rest_route=\/wp\/v2\/posts"}],"about":[{"href":"https:\/\/diariodominicano.com\/index.php?rest_route=\/wp\/v2\/types\/post"}],"author":[{"embeddable":true,"href":"https:\/\/diariodominicano.com\/index.php?rest_route=\/wp\/v2\/users\/3"}],"replies":[{"embeddable":true,"href":"https:\/\/diariodominicano.com\/index.php?rest_route=%2Fwp%2Fv2%2Fcomments&post=249222"}],"version-history":[{"count":0,"href":"https:\/\/diariodominicano.com\/index.php?rest_route=\/wp\/v2\/posts\/249222\/revisions"}],"wp:attachment":[{"href":"https:\/\/diariodominicano.com\/index.php?rest_route=%2Fwp%2Fv2%2Fmedia&parent=249222"}],"wp:term":[{"taxonomy":"category","embeddable":true,"href":"https:\/\/diariodominicano.com\/index.php?rest_route=%2Fwp%2Fv2%2Fcategories&post=249222"},{"taxonomy":"post_tag","embeddable":true,"href":"https:\/\/diariodominicano.com\/index.php?rest_route=%2Fwp%2Fv2%2Ftags&post=249222"}],"curies":[{"name":"wp","href":"https:\/\/api.w.org\/{rel}","templated":true}]}}