{"id":249221,"date":"2016-07-28T08:17:09","date_gmt":"2016-07-28T08:17:09","guid":{"rendered":"http:\/\/diariodominicano.ddns.net\/?p=249221"},"modified":"2016-07-28T08:17:09","modified_gmt":"2016-07-28T08:17:09","slug":"papa-asegura-que-el-p-jacques-hamel-era-un-santo-sacerdote","status":"publish","type":"post","link":"https:\/\/diariodominicano.com\/?p=249221","title":{"rendered":"Papa asegura que el P. Jacques Hamel era un \u00absanto sacerdote\u00bb"},"content":{"rendered":"<p><body><\/p>\n<p><img decoding=\"async\" src=\"img3\/Francisco_JacquesHamel28-7.jpg\" \/>  <\/p>\n<p><span class=\"text1noticias\">CRACOVIA, 28 Jul. 16 (ACI).- A trav\u00e9s de su cuenta de Instagram, el Papa Francisco record\u00f3 al P. Jacques Hamel, asesinado por dos miembros del Estado Isl\u00e1mico en Francia, como \u00abun santo sacerdote\u00bb.<\/span><\/p>\n<p><span class=\"text1noticias\"> <\/span><\/p>\n<p><span class=\"text1noticias\">El post de Instagram recuerda al presb\u00edtero de 84 a\u00f1os as\u00ed: \u00abEste santo sacerdote, que ha muerto precisamente en el momento en el que ofrec\u00eda la oraci\u00f3n por toda la Iglesia, es uno; pero cu\u00e1ntos cristianos, cu\u00e1ntos inocentes, cu\u00e1ntos ni\u00f1os&#8230;\u00bb.<\/span><\/p>\n<p><span class=\"text1noticias\"> <\/span><\/p>\n<p><span class=\"text1noticias\">Las palabras del Papa Francisco est\u00e1n tomadas de sus declaraciones a los periodistas a bordo del avi\u00f3n que lo llev\u00f3 de Roma a Cracovia donde se\u00f1al\u00f3 que el mundo est\u00e1 en guerra, pero no es una guerra de religiones.<\/span><\/p>\n<p><span class=\"text1noticias\"> <\/span><\/p>\n<p><span class=\"text1noticias\">El Pont\u00edfice tambi\u00e9n agradeci\u00f3 al Presidente de Francia, Fran\u00e7ois Hollande, por su llamada para ofrecer sus condolencias.<\/span><\/p>\n<p><span class=\"text1noticias\"> <\/span><\/p>\n<p><span class=\"text1noticias\">En declaraciones al New York Times, un plomero que conoci\u00f3 bien al fallecido sacerdote dijo que era \u00abmuy colaborador\u00bb. \u00abRealmente me duele que se haya ido. \u00c9l vino a casa luego que yo perd\u00ed a un hijo\u00bb, recuerda Jean Baya.<\/span><\/p>\n<p><span class=\"text1noticias\"> <\/span><\/p>\n<p><span class=\"text1noticias\">El sacerdote P. Aim\u00e9 R\u00e9mi Mputu Amba, dijo al diario franc\u00e9s Le Figaro que pese a su \u00abavanzada edad, \u00e9l estaba involucrado en la vida de la parroquia. Sol\u00edamos bromear con \u00e9l y le dec\u00edamos: ?Jacques \u00a1est\u00e1s haciendo demasiado! \u00a1Ya es hora de que te retires! Y \u00e9l siempre se re\u00eda y nos dec\u00eda: ?\u00bfAlguna vez han conocido a un sacerdote retirado? Yo voy a trabajar hasta mi \u00faltimo aliento?\u00bb.<\/span><\/p>\n<p><span class=\"text1noticias\"> <\/span><\/p>\n<p><span class=\"text1noticias\">El P. Mputu Amba dijo tambi\u00e9n que \u00abhaber partido mientras celebraba Misa debe haber sido alg\u00fan tipo de bendici\u00f3n para \u00e9l, pese a las tr\u00e1gicas circunstan<\/span>cias\u00bb.<\/p>\n<h6> 2016-07-28 08:17:09 <\/h6>\n<p><!--\n<link rel=\"stylesheet\" href=\"css\/bootstrap.min.css\">\n\n\n<ul class=\"pagination\">\n\t    \n\t\n\n<li >\n\t<a href='?page_no=18865'>Previous<\/a>\n\t<\/li>\n\n\n       \n    \n\n<li><a href='?page_no=1'>1<\/a><\/li>\n\n\n\n<li><a href='?page_no=2'>2<\/a><\/li>\n\n\n\n<li><a>...<\/a><\/li>\n\n\n\n<li><a href='?page_no=18864'>18864<\/a><\/li>\n\n\n\n<li><a href='?page_no=18865'>18865<\/a><\/li>\n\n\n\n<li class='active'><a>18866<\/a><\/li>\n\n\n\n<li><a href='?page_no=18867'>18867<\/a><\/li>\n\n\n\n<li><a href='?page_no=18868'>18868<\/a><\/li>\n\n\n\n<li><a>...<\/a><\/li>\n\n\n\n<li><a href='?page_no=51012'>51012<\/a><\/li>\n\n\n\n<li><a href='?page_no=51013'>51013<\/a><\/li>\n\n    \n\t\n\n<li >\n\t<a href='?page_no=18867'>Next<\/a>\n\t<\/li>\n\n\n    \n\n<li><a href='?page_no=51013'>Last &rsaquo;&rsaquo;<\/a><\/li>\n\n<\/ul>\n\n\n--><br \/>\n<\/body><\/p>\n","protected":false},"excerpt":{"rendered":"<p>CRACOVIA, 28 Jul. 16 (ACI).- A trav\u00e9s de su cuenta de Instagram, el Papa Francisco record\u00f3 al P. Jacques Hamel, asesinado por dos miembros del Estado Isl\u00e1mico en Francia, como \u00abun santo sacerdote\u00bb. El post de Instagram recuerda al presb\u00edtero de 84 a\u00f1os as\u00ed: \u00abEste santo sacerdote, que ha muerto precisamente en el momento en [&hellip;]<\/p>\n","protected":false},"author":3,"featured_media":0,"comment_status":"open","ping_status":"open","sticky":false,"template":"","format":"standard","meta":{"footnotes":""},"categories":[23],"tags":[],"class_list":["post-249221","post","type-post","status-publish","format-standard","hentry","category-internacional"],"_links":{"self":[{"href":"https:\/\/diariodominicano.com\/index.php?rest_route=\/wp\/v2\/posts\/249221","targetHints":{"allow":["GET"]}}],"collection":[{"href":"https:\/\/diariodominicano.com\/index.php?rest_route=\/wp\/v2\/posts"}],"about":[{"href":"https:\/\/diariodominicano.com\/index.php?rest_route=\/wp\/v2\/types\/post"}],"author":[{"embeddable":true,"href":"https:\/\/diariodominicano.com\/index.php?rest_route=\/wp\/v2\/users\/3"}],"replies":[{"embeddable":true,"href":"https:\/\/diariodominicano.com\/index.php?rest_route=%2Fwp%2Fv2%2Fcomments&post=249221"}],"version-history":[{"count":0,"href":"https:\/\/diariodominicano.com\/index.php?rest_route=\/wp\/v2\/posts\/249221\/revisions"}],"wp:attachment":[{"href":"https:\/\/diariodominicano.com\/index.php?rest_route=%2Fwp%2Fv2%2Fmedia&parent=249221"}],"wp:term":[{"taxonomy":"category","embeddable":true,"href":"https:\/\/diariodominicano.com\/index.php?rest_route=%2Fwp%2Fv2%2Fcategories&post=249221"},{"taxonomy":"post_tag","embeddable":true,"href":"https:\/\/diariodominicano.com\/index.php?rest_route=%2Fwp%2Fv2%2Ftags&post=249221"}],"curies":[{"name":"wp","href":"https:\/\/api.w.org\/{rel}","templated":true}]}}