{"id":249220,"date":"2016-07-28T08:39:51","date_gmt":"2016-07-28T08:39:51","guid":{"rendered":"http:\/\/diariodominicano.ddns.net\/?p=249220"},"modified":"2016-07-28T08:39:51","modified_gmt":"2016-07-28T08:39:51","slug":"congreso-de-la-patria-rinde-honores-a-hugo-chavez","status":"publish","type":"post","link":"https:\/\/diariodominicano.com\/?p=249220","title":{"rendered":"Congreso de la Patria rinde honores a Hugo Ch\u00e1vez"},"content":{"rendered":"<p><body><\/p>\n<p><img decoding=\"async\" src=\"img3\/hugo-chavez28-7.jpg\" \/>  <\/p>\n<p><span class=\"text1noticias\"> Caracas, 28 jul (PL) El Congreso de la Patria, cap\u00edtulo Misiones, rendir\u00e1 hoy honores al l\u00edder de la Revoluci\u00f3n bolivariana, Hugo Ch\u00e1vez (1954-2013), al recordar su 62 cumplea\u00f1os.<\/span><\/p>\n<p><span class=\"text1noticias\"> <\/span><\/p>\n<p><span class=\"text1noticias\">De acuerdo con el presidente de Venezuela, Nicol\u00e1s Maduro, en el caraque\u00f1o teatro Teresa Carre\u00f1o, durante las conclusiones de ese foro , un mecanismo creado para combatir la guerra no convencional que impulsa la derecha, adelantar\u00e1 nuevos proyectos en beneficio del pueblo.<\/span><\/p>\n<p><span class=\"text1noticias\"> <\/span><\/p>\n<p><span class=\"text1noticias\">El Congreso enfatiza en el papel de las nuevas generaciones en la construcci\u00f3n del nuevo modelo socioproductivo, uno de los principales ejes de la gesti\u00f3n de Ch\u00e1vez desde el triunfo de la Revoluci\u00f3n en 1999.<\/span><\/p>\n<p><span class=\"text1noticias\"> <\/span><\/p>\n<p><span class=\"text1noticias\">Maduro alab\u00f3 en ese sentido la integridad de la juventud, a la cual consider\u00f3 digna heredera del legado de los libertadores de Am\u00e9rica.<\/span><\/p>\n<p><span class=\"text1noticias\"> <\/span><\/p>\n<p><span class=\"text1noticias\">En el inicio de las deliberaciones de esa cita, el vicepresidente para el \u00c1rea Social, Jorge Arreaza, record\u00f3 que Ch\u00e1vez cre\u00f3 las diversas misiones, como la esencia en la construcci\u00f3n del Socialismo.<\/span><\/p>\n<p><span class=\"text1noticias\"> <\/span><\/p>\n<p><span class=\"text1noticias\">Tambi\u00e9n precis\u00f3 que el Ejecutivo destina el 70 por ciento de sus ingresos para comprar alimentos y garantizar la educaci\u00f3n del pueblo.<\/span><\/p>\n<p><span class=\"text1noticias\"> <\/span><\/p>\n<p><span class=\"text1noticias\">Tenemos esa garant\u00eda, y las de la vivienda, la salud y de todos los derechos sociales adquiridos durante estos a\u00f1os, porque hemos defendido una Revoluci\u00f3n Bolivariana, encabezada primero por el Comandante Hugo Ch\u00e1vez y que ahora la contin\u00faa Maduro, recalc\u00f3.<\/span><\/p>\n<p><span class=\"text1noticias\"> <\/span><\/p>\n<p><span class=\"text1noticias\">Otras actividades por el natalicio de Ch\u00e1vez tendr\u00e1n lugar en el Cuartel de la Monta\u00f1a, en la parroquia 23 de enero de Caracas, donde reposan sus restos mortales, entre ellas un conversatorio con integrantes de su promoci\u00f3n de la Academia Militar de Venezuela.<\/span><\/p>\n<p><span class=\"text1noticias\"> <\/span><\/p>\n<p><span class=\"text1noticias\">La v\u00edspera, en ese solemne recinto, durante el programa televisivo Con el mazo dando, que conduce el diputado Diosdado Cabello, inauguraron la exposici\u00f3n \u00abLa patria en su mirada\u00bb <\/span><\/p>\n<p><span class=\"text1noticias\"> <\/span><\/p>\n<p><span class=\"text1noticias\">En saludo a la fecha en el Distrito Capital y tambi\u00e9n en estados como Barinas, tierra natal de Ch\u00e1vez, y tambi\u00e9n en Trujillo, Lara y Zulia, sectores populares organizan concentraciones y marchas en respaldo al gobierno y en defensa de la soberan\u00eda nacional.<\/span><\/p>\n<p><span class=\"text1noticias\"> <\/span><\/p>\n<p><span class=\"text1noticias\">Autoridades nacionales han agradecido los actos de homenaje a Ch\u00e1vez realizados en naciones de los cinco continentes por organizaciones sociales y solidarias con el pa\u00eds sur<\/span>americano.<\/p>\n<h6> 2016-07-28 08:39:51 <\/h6>\n<p><!--\n<link rel=\"stylesheet\" href=\"css\/bootstrap.min.css\">\n\n\n<ul class=\"pagination\">\n\t    \n\t\n\n<li >\n\t<a href='?page_no=18864'>Previous<\/a>\n\t<\/li>\n\n\n       \n    \n\n<li><a href='?page_no=1'>1<\/a><\/li>\n\n\n\n<li><a href='?page_no=2'>2<\/a><\/li>\n\n\n\n<li><a>...<\/a><\/li>\n\n\n\n<li><a href='?page_no=18863'>18863<\/a><\/li>\n\n\n\n<li><a href='?page_no=18864'>18864<\/a><\/li>\n\n\n\n<li class='active'><a>18865<\/a><\/li>\n\n\n\n<li><a href='?page_no=18866'>18866<\/a><\/li>\n\n\n\n<li><a href='?page_no=18867'>18867<\/a><\/li>\n\n\n\n<li><a>...<\/a><\/li>\n\n\n\n<li><a href='?page_no=51012'>51012<\/a><\/li>\n\n\n\n<li><a href='?page_no=51013'>51013<\/a><\/li>\n\n    \n\t\n\n<li >\n\t<a href='?page_no=18866'>Next<\/a>\n\t<\/li>\n\n\n    \n\n<li><a href='?page_no=51013'>Last &rsaquo;&rsaquo;<\/a><\/li>\n\n<\/ul>\n\n\n--><br \/>\n<\/body><\/p>\n","protected":false},"excerpt":{"rendered":"<p>Caracas, 28 jul (PL) El Congreso de la Patria, cap\u00edtulo Misiones, rendir\u00e1 hoy honores al l\u00edder de la Revoluci\u00f3n bolivariana, Hugo Ch\u00e1vez (1954-2013), al recordar su 62 cumplea\u00f1os. De acuerdo con el presidente de Venezuela, Nicol\u00e1s Maduro, en el caraque\u00f1o teatro Teresa Carre\u00f1o, durante las conclusiones de ese foro , un mecanismo creado para combatir [&hellip;]<\/p>\n","protected":false},"author":3,"featured_media":0,"comment_status":"open","ping_status":"open","sticky":false,"template":"","format":"standard","meta":{"footnotes":""},"categories":[23],"tags":[],"class_list":["post-249220","post","type-post","status-publish","format-standard","hentry","category-internacional"],"_links":{"self":[{"href":"https:\/\/diariodominicano.com\/index.php?rest_route=\/wp\/v2\/posts\/249220","targetHints":{"allow":["GET"]}}],"collection":[{"href":"https:\/\/diariodominicano.com\/index.php?rest_route=\/wp\/v2\/posts"}],"about":[{"href":"https:\/\/diariodominicano.com\/index.php?rest_route=\/wp\/v2\/types\/post"}],"author":[{"embeddable":true,"href":"https:\/\/diariodominicano.com\/index.php?rest_route=\/wp\/v2\/users\/3"}],"replies":[{"embeddable":true,"href":"https:\/\/diariodominicano.com\/index.php?rest_route=%2Fwp%2Fv2%2Fcomments&post=249220"}],"version-history":[{"count":0,"href":"https:\/\/diariodominicano.com\/index.php?rest_route=\/wp\/v2\/posts\/249220\/revisions"}],"wp:attachment":[{"href":"https:\/\/diariodominicano.com\/index.php?rest_route=%2Fwp%2Fv2%2Fmedia&parent=249220"}],"wp:term":[{"taxonomy":"category","embeddable":true,"href":"https:\/\/diariodominicano.com\/index.php?rest_route=%2Fwp%2Fv2%2Fcategories&post=249220"},{"taxonomy":"post_tag","embeddable":true,"href":"https:\/\/diariodominicano.com\/index.php?rest_route=%2Fwp%2Fv2%2Ftags&post=249220"}],"curies":[{"name":"wp","href":"https:\/\/api.w.org\/{rel}","templated":true}]}}