{"id":249219,"date":"2016-07-28T08:54:41","date_gmt":"2016-07-28T08:54:41","guid":{"rendered":"http:\/\/diariodominicano.ddns.net\/?p=249219"},"modified":"2016-07-28T08:54:41","modified_gmt":"2016-07-28T08:54:41","slug":"confirman-identidad-de-segundo-atacante-de-iglesia-en-francia","status":"publish","type":"post","link":"https:\/\/diariodominicano.com\/?p=249219","title":{"rendered":"Confirman identidad de segundo atacante de iglesia en Francia"},"content":{"rendered":"<p><body><\/p>\n<p><img decoding=\"async\" src=\"img3\/francia-iglesia 28-7.jpg\" \/>  <\/p>\n<p><span class=\"text1noticias\">Par\u00eds, 28 jul (PL) La fiscal\u00eda francesa confirm\u00f3 hoy que Abdel Malik Nabil Petitjean, de 19 a\u00f1os, fue el segundo atacante de la iglesia Saint-\u00c9tienne-du-Rouvray, en Normand\u00eda (noroeste), hecho en que muri\u00f3 un sacerdote.<\/span><\/p>\n<p><span class=\"text1noticias\"> <\/span><\/p>\n<p><span class=\"text1noticias\">Las autoridades ratificaron as\u00ed las informaciones que circulaban en la prensa local sobre el agresor, y tambi\u00e9n confirmaron que el joven estaba fichado desde junio por los servicios antiterroristas a ra\u00edz de un intento de viajar a Siria a trav\u00e9s de Turqu\u00eda.<\/span><\/p>\n<p><span class=\"text1noticias\"> <\/span><\/p>\n<p><span class=\"text1noticias\">El otro atacante fue identificado ayer como Adel Kermiche, de 19 a\u00f1os, tambi\u00e9n conocido por las fuerzas de seguridad a causa de dos intentos de viajar a la misma naci\u00f3n del Medio Oriente realizados en 2015.<\/span><\/p>\n<p><span class=\"text1noticias\"> <\/span><\/p>\n<p><span class=\"text1noticias\">Ambos individuos atacaron el martes la iglesia y tomaron como rehenes al p\u00e1rroco, dos monjas y dos feligreses.<\/span><\/p>\n<p><span class=\"text1noticias\"> <\/span><\/p>\n<p><span class=\"text1noticias\">Antes de ser abatidos por la polic\u00eda, los agresores degollaron al padre y provocaron heridas a otras tres personas.<\/span><\/p>\n<p><span class=\"text1noticias\"> <\/span><\/p>\n<p><span class=\"text1noticias\">Seg\u00fan las informaciones divulgadas, hace algunos d\u00edas servicios de inteligencia for\u00e1neos advirtieron a Francia que una persona preparaba un nuevo atentado y enviaron una foto del presunto agresor, la cual presenta coincidencias con la apariencia de Abdel Malik Nabil Petitjean.<\/span><\/p>\n<p><span class=\"text1noticias\"> <\/span><\/p>\n<p><span class=\"text1noticias\">Por otro lado, el autodenominado Estado Isl\u00e1mico (EI) public\u00f3 en Internet un video en el cual dos muchachos juran lealtad a ese grupo terrorista, y todo parece indicar que se trata de los atacantes de la iglesia.<\/span><\/p>\n<p><span class=\"text1noticias\"> <\/span><\/p>\n<p><span class=\"text1noticias\">Tres personas cercanas al individuo identificado hoy fueron puestas bajo custodia policial, como parte de las investigaciones.<\/span><\/p>\n<p><span class=\"text1noticias\"> <\/span><\/p>\n<p><span class=\"text1noticias\">Seg\u00fan fuentes judiciales, no hay indicios de que los retenidos est\u00e9n relacionados con el atentado, pero sus testimonios son necesarios con el fin de recolectar datos sobre el perfil del a<\/span>tacante.<\/p>\n<h6> 2016-07-28 08:54:41 <\/h6>\n<p><!--\n<link rel=\"stylesheet\" href=\"css\/bootstrap.min.css\">\n\n\n<ul class=\"pagination\">\n\t    \n\t\n\n<li >\n\t<a href='?page_no=18863'>Previous<\/a>\n\t<\/li>\n\n\n       \n    \n\n<li><a href='?page_no=1'>1<\/a><\/li>\n\n\n\n<li><a href='?page_no=2'>2<\/a><\/li>\n\n\n\n<li><a>...<\/a><\/li>\n\n\n\n<li><a href='?page_no=18862'>18862<\/a><\/li>\n\n\n\n<li><a href='?page_no=18863'>18863<\/a><\/li>\n\n\n\n<li class='active'><a>18864<\/a><\/li>\n\n\n\n<li><a href='?page_no=18865'>18865<\/a><\/li>\n\n\n\n<li><a href='?page_no=18866'>18866<\/a><\/li>\n\n\n\n<li><a>...<\/a><\/li>\n\n\n\n<li><a href='?page_no=51012'>51012<\/a><\/li>\n\n\n\n<li><a href='?page_no=51013'>51013<\/a><\/li>\n\n    \n\t\n\n<li >\n\t<a href='?page_no=18865'>Next<\/a>\n\t<\/li>\n\n\n    \n\n<li><a href='?page_no=51013'>Last &rsaquo;&rsaquo;<\/a><\/li>\n\n<\/ul>\n\n\n--><br \/>\n<\/body><\/p>\n","protected":false},"excerpt":{"rendered":"<p>Par\u00eds, 28 jul (PL) La fiscal\u00eda francesa confirm\u00f3 hoy que Abdel Malik Nabil Petitjean, de 19 a\u00f1os, fue el segundo atacante de la iglesia Saint-\u00c9tienne-du-Rouvray, en Normand\u00eda (noroeste), hecho en que muri\u00f3 un sacerdote. Las autoridades ratificaron as\u00ed las informaciones que circulaban en la prensa local sobre el agresor, y tambi\u00e9n confirmaron que el joven [&hellip;]<\/p>\n","protected":false},"author":3,"featured_media":0,"comment_status":"open","ping_status":"open","sticky":false,"template":"","format":"standard","meta":{"footnotes":""},"categories":[23],"tags":[],"class_list":["post-249219","post","type-post","status-publish","format-standard","hentry","category-internacional"],"_links":{"self":[{"href":"https:\/\/diariodominicano.com\/index.php?rest_route=\/wp\/v2\/posts\/249219","targetHints":{"allow":["GET"]}}],"collection":[{"href":"https:\/\/diariodominicano.com\/index.php?rest_route=\/wp\/v2\/posts"}],"about":[{"href":"https:\/\/diariodominicano.com\/index.php?rest_route=\/wp\/v2\/types\/post"}],"author":[{"embeddable":true,"href":"https:\/\/diariodominicano.com\/index.php?rest_route=\/wp\/v2\/users\/3"}],"replies":[{"embeddable":true,"href":"https:\/\/diariodominicano.com\/index.php?rest_route=%2Fwp%2Fv2%2Fcomments&post=249219"}],"version-history":[{"count":0,"href":"https:\/\/diariodominicano.com\/index.php?rest_route=\/wp\/v2\/posts\/249219\/revisions"}],"wp:attachment":[{"href":"https:\/\/diariodominicano.com\/index.php?rest_route=%2Fwp%2Fv2%2Fmedia&parent=249219"}],"wp:term":[{"taxonomy":"category","embeddable":true,"href":"https:\/\/diariodominicano.com\/index.php?rest_route=%2Fwp%2Fv2%2Fcategories&post=249219"},{"taxonomy":"post_tag","embeddable":true,"href":"https:\/\/diariodominicano.com\/index.php?rest_route=%2Fwp%2Fv2%2Ftags&post=249219"}],"curies":[{"name":"wp","href":"https:\/\/api.w.org\/{rel}","templated":true}]}}