{"id":249218,"date":"2016-07-28T09:30:26","date_gmt":"2016-07-28T09:30:26","guid":{"rendered":"http:\/\/diariodominicano.ddns.net\/?p=249218"},"modified":"2016-07-28T09:30:26","modified_gmt":"2016-07-28T09:30:26","slug":"francia-creara-guardia-nacional-para-preservar-seguridad","status":"publish","type":"post","link":"https:\/\/diariodominicano.com\/?p=249218","title":{"rendered":"Francia crear\u00e1 Guardia Nacional para preservar seguridad"},"content":{"rendered":"<p><body><\/p>\n<p><img decoding=\"async\" src=\"img3\/Franciaguardia28-7.jpg\" \/>  <\/p>\n<p><span class=\"text1noticias\">PARIS, 28 jul (Xinhua) &#8212; El presidente de Francia, Francois Hollande, anunci\u00f3 hoy que se formar\u00e1 la Guardia Nacional con los reservistas existentes para ayudar a promover la seguridad en el pa\u00eds despu\u00e9s de los dos ataques terroristas ocurridos este mes.<\/span><\/p>\n<p><span class=\"text1noticias\"> <\/span><\/p>\n<p><span class=\"text1noticias\">     Hollande decidi\u00f3 que una consulta parlamentaria sobre la creaci\u00f3n de la guardia tendr\u00e1 lugar en septiembre \u00abpara que esta fuerza pueda crearse lo antes posible a fin de proteger al pueblo franc\u00e9s\u00bb, dice un comunicado de prensa emitido por su oficina.<\/span><\/p>\n<p><span class=\"text1noticias\"> <\/span><\/p>\n<p><span class=\"text1noticias\">     El presidente pidi\u00f3 a todos los \u00abciudadanos patri\u00f3ticos\u00bb volverse reservistas para ayudar a aliviar a las fuerzas de seguridad agotadas. Hollande hizo el llamado despu\u00e9s del ataque en Niza el D\u00eda de la Bastilla en que 84 personas murieron atropelladas por un cami\u00f3n conducido por un hombre que afirm\u00f3 tener v\u00ednculos con el Estado Isl\u00e1mico.<\/span><\/p>\n<p><span class=\"text1noticias\"> <\/span><\/p>\n<p><span class=\"text1noticias\">    El ministro del Interior, Bernard Cazeneuve, dijo el mi\u00e9rcoles que 2.500 franceses ya se enrolaron en las reservas operativa<\/span>s. <\/p>\n<h6> 2016-07-28 09:30:26 <\/h6>\n<p><!--\n<link rel=\"stylesheet\" href=\"css\/bootstrap.min.css\">\n\n\n<ul class=\"pagination\">\n\t    \n\t\n\n<li >\n\t<a href='?page_no=18862'>Previous<\/a>\n\t<\/li>\n\n\n       \n    \n\n<li><a href='?page_no=1'>1<\/a><\/li>\n\n\n\n<li><a href='?page_no=2'>2<\/a><\/li>\n\n\n\n<li><a>...<\/a><\/li>\n\n\n\n<li><a href='?page_no=18861'>18861<\/a><\/li>\n\n\n\n<li><a href='?page_no=18862'>18862<\/a><\/li>\n\n\n\n<li class='active'><a>18863<\/a><\/li>\n\n\n\n<li><a href='?page_no=18864'>18864<\/a><\/li>\n\n\n\n<li><a href='?page_no=18865'>18865<\/a><\/li>\n\n\n\n<li><a>...<\/a><\/li>\n\n\n\n<li><a href='?page_no=51012'>51012<\/a><\/li>\n\n\n\n<li><a href='?page_no=51013'>51013<\/a><\/li>\n\n    \n\t\n\n<li >\n\t<a href='?page_no=18864'>Next<\/a>\n\t<\/li>\n\n\n    \n\n<li><a href='?page_no=51013'>Last &rsaquo;&rsaquo;<\/a><\/li>\n\n<\/ul>\n\n\n--><br \/>\n<\/body><\/p>\n","protected":false},"excerpt":{"rendered":"<p>PARIS, 28 jul (Xinhua) &#8212; El presidente de Francia, Francois Hollande, anunci\u00f3 hoy que se formar\u00e1 la Guardia Nacional con los reservistas existentes para ayudar a promover la seguridad en el pa\u00eds despu\u00e9s de los dos ataques terroristas ocurridos este mes. Hollande decidi\u00f3 que una consulta parlamentaria sobre la creaci\u00f3n de la guardia tendr\u00e1 lugar [&hellip;]<\/p>\n","protected":false},"author":3,"featured_media":0,"comment_status":"open","ping_status":"open","sticky":false,"template":"","format":"standard","meta":{"footnotes":""},"categories":[23],"tags":[],"class_list":["post-249218","post","type-post","status-publish","format-standard","hentry","category-internacional"],"_links":{"self":[{"href":"https:\/\/diariodominicano.com\/index.php?rest_route=\/wp\/v2\/posts\/249218","targetHints":{"allow":["GET"]}}],"collection":[{"href":"https:\/\/diariodominicano.com\/index.php?rest_route=\/wp\/v2\/posts"}],"about":[{"href":"https:\/\/diariodominicano.com\/index.php?rest_route=\/wp\/v2\/types\/post"}],"author":[{"embeddable":true,"href":"https:\/\/diariodominicano.com\/index.php?rest_route=\/wp\/v2\/users\/3"}],"replies":[{"embeddable":true,"href":"https:\/\/diariodominicano.com\/index.php?rest_route=%2Fwp%2Fv2%2Fcomments&post=249218"}],"version-history":[{"count":0,"href":"https:\/\/diariodominicano.com\/index.php?rest_route=\/wp\/v2\/posts\/249218\/revisions"}],"wp:attachment":[{"href":"https:\/\/diariodominicano.com\/index.php?rest_route=%2Fwp%2Fv2%2Fmedia&parent=249218"}],"wp:term":[{"taxonomy":"category","embeddable":true,"href":"https:\/\/diariodominicano.com\/index.php?rest_route=%2Fwp%2Fv2%2Fcategories&post=249218"},{"taxonomy":"post_tag","embeddable":true,"href":"https:\/\/diariodominicano.com\/index.php?rest_route=%2Fwp%2Fv2%2Ftags&post=249218"}],"curies":[{"name":"wp","href":"https:\/\/api.w.org\/{rel}","templated":true}]}}