{"id":249217,"date":"2016-07-28T10:21:57","date_gmt":"2016-07-28T10:21:57","guid":{"rendered":"http:\/\/diariodominicano.ddns.net\/?p=249217"},"modified":"2016-07-28T10:21:57","modified_gmt":"2016-07-28T10:21:57","slug":"ejercito-sirio-ocupa-importante-bastion-de-rebeldes-en-aleppo","status":"publish","type":"post","link":"https:\/\/diariodominicano.com\/?p=249217","title":{"rendered":"Ej\u00e9rcito sirio ocupa importante basti\u00f3n de rebeldes en Aleppo"},"content":{"rendered":"<p><body><\/p>\n<p><img decoding=\"async\" src=\"img3\/damasco28-7.jpg\" \/>  <\/p>\n<p><span class=\"text1noticias\">DAMASCO, 28 jul (Xinhua) &#8212; Las fuerzas del Gobierno sirio y sus combatientes aliados ocuparon el jueves un importante basti\u00f3n de los rebeldes en la ciudad norte\u00f1a de Aleppo, en la que es la \u00faltima de una serie de victorias sobre los rebeldes en esta urbe estrat\u00e9gica, seg\u00fan inform\u00f3 la agencia estatal de noticias, SANA.<\/span><\/p>\n<p><span class=\"text1noticias\"> <\/span><\/p>\n<p><span class=\"text1noticias\">     Las fuerzas gubernamentales recuperaron el control pleno sobre el conocido distrito Bani Zaid en la parte oriental de Aleppo, y los escuadrones antiexplosvios han comenzado a desactivar bombas trampa, dijo SANA.<\/span><\/p>\n<p><span class=\"text1noticias\"> <\/span><\/p>\n<p><span class=\"text1noticias\">     Bani Zaid fue en el pasado la zona clave para los rebeldes, desde donde han realizado ataques contra la parte occidental de Aleppo, controlada por el Gobierno, con morteros, cohetes improvisados y bombas camufladas en bombonas de gas.<\/span><\/p>\n<p><span class=\"text1noticias\"> <\/span><\/p>\n<p><span class=\"text1noticias\">     Los civiles de la parte occidental de la ciudad ha pedido muchas veces a las fuerzas gubernamentales \u00abborrar\u00bb Bani Zaid del mapa, despu\u00e9s de cientos de ataques mortales en los \u00faltimos dos a\u00f1os, seg\u00fan la agencia.<\/span><\/p>\n<p><span class=\"text1noticias\"> <\/span><\/p>\n<p><span class=\"text1noticias\">     A principios de este mes, m\u00e1s de 70 personas murieron en Aleppo en los ataques rebeldes con proyectiles lanzados desde Bani Zaid.<\/span><\/p>\n<p><span class=\"text1noticias\"> <\/span><\/p>\n<p><span class=\"text1noticias\">     Durante la semana pasada, el Ej\u00e9rcito sirio cort\u00f3 efectivamente la carretera Castello, que era la \u00faltima ruta de suministro de los rebeldes entre las zonas controladas en el norte de Aleppo y los distritos orientales en la ciudad.<\/span><\/p>\n<p><span class=\"text1noticias\"> <\/span><\/p>\n<p><span class=\"text1noticias\">     As\u00ed, los distritos controlados por los rebeldes en el este de Aleppo han quedado completamente asediados.<\/span><\/p>\n<p><span class=\"text1noticias\"> <\/span><\/p>\n<p><span class=\"text1noticias\">     El mi\u00e9rcoles, helic\u00f3pteros militares sirios arrojaron miles de folletos sobre las \u00e1reas controladas por los rebeldes en Aleppo, en los que se exhorta a los rebeldes a deponer las armas y a los civiles a cooperar con el Ej\u00e9rcito sirio.<\/span><\/p>\n<p><span class=\"text1noticias\"> <\/span><\/p>\n<p><span class=\"text1noticias\">     El presidente sirio, Bashar al-Assad, anunci\u00f3 el jueves que ofrecer\u00e1 la amnist\u00eda a los rebeldes que se rindan en un plazo de tres meses y a los secuestradores que pongan en libertad a sus v\u00edctimas en un mes.<\/span><\/p>\n<p><span class=\"text1noticias\"> <\/span><\/p>\n<p><span class=\"text1noticias\">     Aleppo, ubicada cerca de la frontera con Turqu\u00eda, ha sido un punto clave de los enfrentamientos entre el Ej\u00e9rcito y los rebelde<\/span>s sirios.<\/p>\n<h6> 2016-07-28 10:21:57 <\/h6>\n<p><!--\n<link rel=\"stylesheet\" href=\"css\/bootstrap.min.css\">\n\n\n<ul class=\"pagination\">\n\t    \n\t\n\n<li >\n\t<a href='?page_no=18861'>Previous<\/a>\n\t<\/li>\n\n\n       \n    \n\n<li><a href='?page_no=1'>1<\/a><\/li>\n\n\n\n<li><a href='?page_no=2'>2<\/a><\/li>\n\n\n\n<li><a>...<\/a><\/li>\n\n\n\n<li><a href='?page_no=18860'>18860<\/a><\/li>\n\n\n\n<li><a href='?page_no=18861'>18861<\/a><\/li>\n\n\n\n<li class='active'><a>18862<\/a><\/li>\n\n\n\n<li><a href='?page_no=18863'>18863<\/a><\/li>\n\n\n\n<li><a href='?page_no=18864'>18864<\/a><\/li>\n\n\n\n<li><a>...<\/a><\/li>\n\n\n\n<li><a href='?page_no=51012'>51012<\/a><\/li>\n\n\n\n<li><a href='?page_no=51013'>51013<\/a><\/li>\n\n    \n\t\n\n<li >\n\t<a href='?page_no=18863'>Next<\/a>\n\t<\/li>\n\n\n    \n\n<li><a href='?page_no=51013'>Last &rsaquo;&rsaquo;<\/a><\/li>\n\n<\/ul>\n\n\n--><br \/>\n<\/body><\/p>\n","protected":false},"excerpt":{"rendered":"<p>DAMASCO, 28 jul (Xinhua) &#8212; Las fuerzas del Gobierno sirio y sus combatientes aliados ocuparon el jueves un importante basti\u00f3n de los rebeldes en la ciudad norte\u00f1a de Aleppo, en la que es la \u00faltima de una serie de victorias sobre los rebeldes en esta urbe estrat\u00e9gica, seg\u00fan inform\u00f3 la agencia estatal de noticias, SANA. [&hellip;]<\/p>\n","protected":false},"author":3,"featured_media":0,"comment_status":"open","ping_status":"open","sticky":false,"template":"","format":"standard","meta":{"footnotes":""},"categories":[23],"tags":[],"class_list":["post-249217","post","type-post","status-publish","format-standard","hentry","category-internacional"],"_links":{"self":[{"href":"https:\/\/diariodominicano.com\/index.php?rest_route=\/wp\/v2\/posts\/249217","targetHints":{"allow":["GET"]}}],"collection":[{"href":"https:\/\/diariodominicano.com\/index.php?rest_route=\/wp\/v2\/posts"}],"about":[{"href":"https:\/\/diariodominicano.com\/index.php?rest_route=\/wp\/v2\/types\/post"}],"author":[{"embeddable":true,"href":"https:\/\/diariodominicano.com\/index.php?rest_route=\/wp\/v2\/users\/3"}],"replies":[{"embeddable":true,"href":"https:\/\/diariodominicano.com\/index.php?rest_route=%2Fwp%2Fv2%2Fcomments&post=249217"}],"version-history":[{"count":0,"href":"https:\/\/diariodominicano.com\/index.php?rest_route=\/wp\/v2\/posts\/249217\/revisions"}],"wp:attachment":[{"href":"https:\/\/diariodominicano.com\/index.php?rest_route=%2Fwp%2Fv2%2Fmedia&parent=249217"}],"wp:term":[{"taxonomy":"category","embeddable":true,"href":"https:\/\/diariodominicano.com\/index.php?rest_route=%2Fwp%2Fv2%2Fcategories&post=249217"},{"taxonomy":"post_tag","embeddable":true,"href":"https:\/\/diariodominicano.com\/index.php?rest_route=%2Fwp%2Fv2%2Ftags&post=249217"}],"curies":[{"name":"wp","href":"https:\/\/api.w.org\/{rel}","templated":true}]}}