{"id":249214,"date":"2016-07-28T11:45:56","date_gmt":"2016-07-28T11:45:56","guid":{"rendered":"http:\/\/diariodominicano.ddns.net\/?p=249214"},"modified":"2016-07-28T11:45:56","modified_gmt":"2016-07-28T11:45:56","slug":"denuncian-maltratos-contra-refugiados-en-fronteras-europeas","status":"publish","type":"post","link":"https:\/\/diariodominicano.com\/?p=249214","title":{"rendered":"Denuncian maltratos contra refugiados en fronteras europeas"},"content":{"rendered":"<p><body><\/p>\n<p><img decoding=\"async\" src=\"img3\/refugiado-pimienta.jpg\" \/>  <\/p>\n<p><span class=\"text1noticias\">Belgrado, 28 jul (PL) La violencia contra miles de refugiados atrapados en fronteras europeas se increment\u00f3 tras el cierre desde marzo pasado de la ruta de los Balcanes, denunciaron hoy organizaciones humanitarias.<\/span><\/p>\n<p><span class=\"text1noticias\"> <\/span><\/p>\n<p><span class=\"text1noticias\">Simon Burroughs, coordinador en Serbia de la Organizaci\u00f3n No Gubernamental M\u00e9dicos sin Fronteras (MSF), indic\u00f3 este jueves que los migrantes varados en este pa\u00eds y otros de la regi\u00f3n balc\u00e1nica como Macedonia, Bulgaria y Hungr\u00eda, son v\u00edctimas de brutales maltratos y se agudiza entre ellos la desesperaci\u00f3n.<\/span><\/p>\n<p><span class=\"text1noticias\"> <\/span><\/p>\n<p><span class=\"text1noticias\">Brurroughs neg\u00f3 afirmaciones de varios directivos de la Uni\u00f3n Europea (UE) y pol\u00edticos locales quienes consideran que con el cierre de esas fronteras se alivi\u00f3 la crisis migratoria y la dram\u00e1tica situaci\u00f3n humanitaria de estas personas.<\/span><\/p>\n<p><span class=\"text1noticias\"> <\/span><\/p>\n<p><span class=\"text1noticias\">El funcionario asever\u00f3 que disminuy\u00f3 la atenci\u00f3n y preocupaci\u00f3n sobre el estado en que se encuentran esos migrantes, lo cual condujo a un empeoramiento de las condiciones de vida de los mismos as\u00ed como al incremento de los abusos cometidos incluso por fuerzas gubernamentales.<\/span><\/p>\n<p><span class=\"text1noticias\"> <\/span><\/p>\n<p><span class=\"text1noticias\">Las condiciones en los improvisados campamentos no son aptas para seres humanos, quienes no tienen acceso a los servicios b\u00e1sicos por lo que, seg\u00fan dijo, se afecta directamente la salud f\u00edsica y mental de estas personas con un incremento de trastornos como la depresi\u00f3n, el estr\u00e9s postraum\u00e1tico y la ansiedad.<\/span><\/p>\n<p><span class=\"text1noticias\"> <\/span><\/p>\n<p><span class=\"text1noticias\">Los migrantes diagnosticados por MSF de depresi\u00f3n aumentaron desde marzo al 31,2 por ciento, en comparaci\u00f3n con un 26,7 por ciento registrado en octubre de 2015, mientras que el estr\u00e9s postraum\u00e1tico creci\u00f3 del 14 al 15,9 por ciento y la ansiedad del 3,8 al 6,6 por ciento, agreg\u00f3 la fu<\/span>ente.<\/p>\n<h6> 2016-07-28 11:45:56 <\/h6>\n<p><!--\n<link rel=\"stylesheet\" href=\"css\/bootstrap.min.css\">\n\n\n<ul class=\"pagination\">\n\t    \n\t\n\n<li >\n\t<a href='?page_no=18858'>Previous<\/a>\n\t<\/li>\n\n\n       \n    \n\n<li><a href='?page_no=1'>1<\/a><\/li>\n\n\n\n<li><a href='?page_no=2'>2<\/a><\/li>\n\n\n\n<li><a>...<\/a><\/li>\n\n\n\n<li><a href='?page_no=18857'>18857<\/a><\/li>\n\n\n\n<li><a href='?page_no=18858'>18858<\/a><\/li>\n\n\n\n<li class='active'><a>18859<\/a><\/li>\n\n\n\n<li><a href='?page_no=18860'>18860<\/a><\/li>\n\n\n\n<li><a href='?page_no=18861'>18861<\/a><\/li>\n\n\n\n<li><a>...<\/a><\/li>\n\n\n\n<li><a href='?page_no=51012'>51012<\/a><\/li>\n\n\n\n<li><a href='?page_no=51013'>51013<\/a><\/li>\n\n    \n\t\n\n<li >\n\t<a href='?page_no=18860'>Next<\/a>\n\t<\/li>\n\n\n    \n\n<li><a href='?page_no=51013'>Last &rsaquo;&rsaquo;<\/a><\/li>\n\n<\/ul>\n\n\n--><br \/>\n<\/body><\/p>\n","protected":false},"excerpt":{"rendered":"<p>Belgrado, 28 jul (PL) La violencia contra miles de refugiados atrapados en fronteras europeas se increment\u00f3 tras el cierre desde marzo pasado de la ruta de los Balcanes, denunciaron hoy organizaciones humanitarias. Simon Burroughs, coordinador en Serbia de la Organizaci\u00f3n No Gubernamental M\u00e9dicos sin Fronteras (MSF), indic\u00f3 este jueves que los migrantes varados en este [&hellip;]<\/p>\n","protected":false},"author":3,"featured_media":0,"comment_status":"open","ping_status":"open","sticky":false,"template":"","format":"standard","meta":{"footnotes":""},"categories":[23],"tags":[],"class_list":["post-249214","post","type-post","status-publish","format-standard","hentry","category-internacional"],"_links":{"self":[{"href":"https:\/\/diariodominicano.com\/index.php?rest_route=\/wp\/v2\/posts\/249214","targetHints":{"allow":["GET"]}}],"collection":[{"href":"https:\/\/diariodominicano.com\/index.php?rest_route=\/wp\/v2\/posts"}],"about":[{"href":"https:\/\/diariodominicano.com\/index.php?rest_route=\/wp\/v2\/types\/post"}],"author":[{"embeddable":true,"href":"https:\/\/diariodominicano.com\/index.php?rest_route=\/wp\/v2\/users\/3"}],"replies":[{"embeddable":true,"href":"https:\/\/diariodominicano.com\/index.php?rest_route=%2Fwp%2Fv2%2Fcomments&post=249214"}],"version-history":[{"count":0,"href":"https:\/\/diariodominicano.com\/index.php?rest_route=\/wp\/v2\/posts\/249214\/revisions"}],"wp:attachment":[{"href":"https:\/\/diariodominicano.com\/index.php?rest_route=%2Fwp%2Fv2%2Fmedia&parent=249214"}],"wp:term":[{"taxonomy":"category","embeddable":true,"href":"https:\/\/diariodominicano.com\/index.php?rest_route=%2Fwp%2Fv2%2Fcategories&post=249214"},{"taxonomy":"post_tag","embeddable":true,"href":"https:\/\/diariodominicano.com\/index.php?rest_route=%2Fwp%2Fv2%2Ftags&post=249214"}],"curies":[{"name":"wp","href":"https:\/\/api.w.org\/{rel}","templated":true}]}}