{"id":249213,"date":"2016-07-28T12:08:17","date_gmt":"2016-07-28T12:08:17","guid":{"rendered":"http:\/\/diariodominicano.ddns.net\/?p=249213"},"modified":"2016-07-28T12:08:17","modified_gmt":"2016-07-28T12:08:17","slug":"expresidente-peruano-abandono-el-palacio-de-gobierno","status":"publish","type":"post","link":"https:\/\/diariodominicano.com\/?p=249213","title":{"rendered":"Expresidente peruano abandon\u00f3 el palacio de gobierno"},"content":{"rendered":"<p><body><\/p>\n<p>Lima, 28 jul (PL) El expresidente peruano, Ollanta Humala, abandon\u00f3 hoy el palacio de gobierno al t\u00e9rmino de su mandato de cinco a\u00f1os, tras participar en la \u00faltima actividad oficial como gobernante.<\/p>\n<\/p>\n<p>El mandatario y sus ministros posaron alineados en las escalinatas de la sede presidencial y luego Humala y su esposa, Nadine Heredia, abordaron un autom\u00f3vil oficial y se dirigieron a su domicilio.<\/p>\n<\/p>\n<p>Previamente, el aun jefe de Estado asisti\u00f3 al Te Deum, tradicional rito del aniversario nacional peruano, su \u00faltima actividad oficial, en la catedral de Lima, a pocos pasos del palacio de gobierno.<\/p>\n<\/p>\n<p>Al t\u00e9rmino de la ceremonia religiosa, habl\u00f3 brevemente con los reporteros y se\u00f1al\u00f3 que trabaj\u00f3 hasta el \u00faltimo d\u00eda de la gesti\u00f3n para la que fue elegido en 2011.<\/p>\n<\/p>\n<p>A\u00f1adi\u00f3 que deja proyectos de lento avance que inaugurar\u00e1 el nuevo presidente, Pedro Pablo Kuczynski, a cuya toma de posesi\u00f3n no asisti\u00f3. Envi\u00f3 con un ayudante la banda presidencial, s\u00edmbolo del poder, para que la titular del Congreso de la Rep\u00fablica, Luz Salgado, la imponga al nuevo gobernante.<\/p>\n<\/p>\n<p>\u00abSi pudi\u00e9ramos hacer m\u00e1s, hubi\u00e9ramos hecho m\u00e1s\u00bb, manifest\u00f3 en medio de comentarios sobre un saldo negativo de su administraci\u00f3n y encuestas adversas sobre la misma, as\u00ed como su orfandad de apoyo.<\/p>\n<\/p>\n<p>Dijo tambi\u00e9n que en adelante descansar\u00e1 con su familia y posteriormente recorrer\u00e1 el pa\u00eds con su esposa y trabajar\u00e1 para reconstruir su Partido Nacionalista, afectado por numerosas deserciones.<\/p>\n<h6> 2016-07-28 12:08:17 <\/h6>\n<p><!--\n<link rel=\"stylesheet\" href=\"css\/bootstrap.min.css\">\n\n\n<ul class=\"pagination\">\n\t    \n\t\n\n<li >\n\t<a href='?page_no=18857'>Previous<\/a>\n\t<\/li>\n\n\n       \n    \n\n<li><a href='?page_no=1'>1<\/a><\/li>\n\n\n\n<li><a href='?page_no=2'>2<\/a><\/li>\n\n\n\n<li><a>...<\/a><\/li>\n\n\n\n<li><a href='?page_no=18856'>18856<\/a><\/li>\n\n\n\n<li><a href='?page_no=18857'>18857<\/a><\/li>\n\n\n\n<li class='active'><a>18858<\/a><\/li>\n\n\n\n<li><a href='?page_no=18859'>18859<\/a><\/li>\n\n\n\n<li><a href='?page_no=18860'>18860<\/a><\/li>\n\n\n\n<li><a>...<\/a><\/li>\n\n\n\n<li><a href='?page_no=51012'>51012<\/a><\/li>\n\n\n\n<li><a href='?page_no=51013'>51013<\/a><\/li>\n\n    \n\t\n\n<li >\n\t<a href='?page_no=18859'>Next<\/a>\n\t<\/li>\n\n\n    \n\n<li><a href='?page_no=51013'>Last &rsaquo;&rsaquo;<\/a><\/li>\n\n<\/ul>\n\n\n--><br \/>\n<\/body><\/p>\n","protected":false},"excerpt":{"rendered":"<p>Lima, 28 jul (PL) El expresidente peruano, Ollanta Humala, abandon\u00f3 hoy el palacio de gobierno al t\u00e9rmino de su mandato de cinco a\u00f1os, tras participar en la \u00faltima actividad oficial como gobernante. El mandatario y sus ministros posaron alineados en las escalinatas de la sede presidencial y luego Humala y su esposa, Nadine Heredia, abordaron [&hellip;]<\/p>\n","protected":false},"author":3,"featured_media":0,"comment_status":"open","ping_status":"open","sticky":false,"template":"","format":"standard","meta":{"footnotes":""},"categories":[23],"tags":[],"class_list":["post-249213","post","type-post","status-publish","format-standard","hentry","category-internacional"],"_links":{"self":[{"href":"https:\/\/diariodominicano.com\/index.php?rest_route=\/wp\/v2\/posts\/249213","targetHints":{"allow":["GET"]}}],"collection":[{"href":"https:\/\/diariodominicano.com\/index.php?rest_route=\/wp\/v2\/posts"}],"about":[{"href":"https:\/\/diariodominicano.com\/index.php?rest_route=\/wp\/v2\/types\/post"}],"author":[{"embeddable":true,"href":"https:\/\/diariodominicano.com\/index.php?rest_route=\/wp\/v2\/users\/3"}],"replies":[{"embeddable":true,"href":"https:\/\/diariodominicano.com\/index.php?rest_route=%2Fwp%2Fv2%2Fcomments&post=249213"}],"version-history":[{"count":0,"href":"https:\/\/diariodominicano.com\/index.php?rest_route=\/wp\/v2\/posts\/249213\/revisions"}],"wp:attachment":[{"href":"https:\/\/diariodominicano.com\/index.php?rest_route=%2Fwp%2Fv2%2Fmedia&parent=249213"}],"wp:term":[{"taxonomy":"category","embeddable":true,"href":"https:\/\/diariodominicano.com\/index.php?rest_route=%2Fwp%2Fv2%2Fcategories&post=249213"},{"taxonomy":"post_tag","embeddable":true,"href":"https:\/\/diariodominicano.com\/index.php?rest_route=%2Fwp%2Fv2%2Ftags&post=249213"}],"curies":[{"name":"wp","href":"https:\/\/api.w.org\/{rel}","templated":true}]}}