{"id":249211,"date":"2016-07-28T13:11:48","date_gmt":"2016-07-28T13:11:48","guid":{"rendered":"http:\/\/diariodominicano.ddns.net\/?p=249211"},"modified":"2016-07-28T13:11:48","modified_gmt":"2016-07-28T13:11:48","slug":"pedro-pablo-kuczynski-toma-posesion-como-presidente-de-peru","status":"publish","type":"post","link":"https:\/\/diariodominicano.com\/?p=249211","title":{"rendered":"Pedro Pablo Kuczynski toma posesi\u00f3n como presidente de Per\u00fa"},"content":{"rendered":"<p><body><\/p>\n<p><img decoding=\"async\" src=\"img3\/presiperu28-7.jpg\" \/>  <\/p>\n<p><span class=\"text1noticias\"> LIMA, 28 jul (Xinhua) &#8212; Pedro Pablo Kuczynski, quien asumi\u00f3 hoy funciones como nuevo presidente de Per\u00fa, es un economista con amplia experiencia en cargos p\u00fablicos.<\/span><\/p>\n<p><span class=\"text1noticias\"> <\/span><\/p>\n<p><span class=\"text1noticias\">     Kuczynski cuenta con estudios en la Universidad de Oxford en Reino Unido y una maestr\u00eda en Econom\u00eda en la Universidad de Princeton en Estados Unidos.<\/span><\/p>\n<p><span class=\"text1noticias\"> <\/span><\/p>\n<p><span class=\"text1noticias\">     Con 77 a\u00f1os de edad, el nuevo mandatario peruano se ha convertido en el m\u00e1s longevo en asumir la presidencia en el pa\u00eds sudamericano, al suceder en el cargo al ya ex presidente Ollanta Humala, quien gobern\u00f3 los pasados cinco a\u00f1os (2011-2016).<\/span><\/p>\n<p><span class=\"text1noticias\"> <\/span><\/p>\n<p><span class=\"text1noticias\">     El presidente peruano es hijo de inmigrantes. Su padre fue un m\u00e9dico alem\u00e1n, M\u00e1xime Kuczynski, quien trabaj\u00f3 en zonas pobres del pa\u00eds, y su madre una maestra franco-suiza, una mujer culta y amante de la cultura milenaria del pa\u00eds.<\/span><\/p>\n<p><span class=\"text1noticias\"> <\/span><\/p>\n<p><span class=\"text1noticias\">     Uno de sus primeros cargos p\u00fablicos fue asumido en 1966, al ser designado por el entonces presidente Fernando Belaunde Terry (1963-1968 y 1980-1985), como asesor, y luego nombrado gerente del Banco Central de Reserva (BCR).<\/span><\/p>\n<p><span class=\"text1noticias\"> <\/span><\/p>\n<p><span class=\"text1noticias\">     Tras el golpe militar del general Juan Velasco Alvarado en 1968, Kuczynski huy\u00f3 de Per\u00fa al ser acusado por las autoridades de presuntamente pagar ilegalmente 115 millones de d\u00f3lares a favor de la empresa estadounidense Internacional Petroleum Company (IPC).<\/span><\/p>\n<p><span class=\"text1noticias\"> <\/span><\/p>\n<p><span class=\"text1noticias\">     Durante una larga temporada en Estados Unidos y otros pa\u00edses, desempe\u00f1\u00f3 trabajos en diversos consorcios internacionales como Magma Copper, Toyota Motors Corporation, CS First Boston y el Banco Mundial (BM), entre otros.<\/span><\/p>\n<p><span class=\"text1noticias\"> <\/span><\/p>\n<p><span class=\"text1noticias\">     En 1980, regres\u00f3 a Per\u00fa convocado por el entonces presidente Belaunde, quien fue elegido para un segundo mandato, y fue nombrado ministro de Energ\u00eda y Minas, cargo en que foment\u00f3 la explotaci\u00f3n miner\u00eda y petrolera.<\/span><\/p>\n<p><span class=\"text1noticias\"> <\/span><\/p>\n<p><span class=\"text1noticias\">     Como parte de su extensa experiencia, figur\u00f3 tambi\u00e9n la cartera de Econom\u00eda en el gobierno del ex presidente Alejandro Toledo (2001-2006) en 2001.<\/span><\/p>\n<p><span class=\"text1noticias\"> <\/span><\/p>\n<p><span class=\"text1noticias\">     Fue duramente criticado entonces por la oposici\u00f3n, debido a un acuerdo suscrito con el Fondo Monetario Internacional (FMI) para alcanzar las metas del gobierno, por lo que finalmente renunci\u00f3 en 2002.<\/span><\/p>\n<p><span class=\"text1noticias\"> <\/span><\/p>\n<p><span class=\"text1noticias\">     El ex presidente Toledo lo volvi\u00f3 a convocar en 2004 para formar parte de su gobierno, al nombrarlo nuevamente ministro de Econom\u00eda, y posteriormente presidente del Consejo de Ministros, cargo que ostent\u00f3 hasta julio de 2006.<\/span><\/p>\n<p><span class=\"text1noticias\"> <\/span><\/p>\n<p><span class=\"text1noticias\">     Pedro Pablo Kuczynski fue elegido presidente de Per\u00fa el pasado 5 de junio en una re\u00f1ida segunda vuelta electoral, en la que logr\u00f3 51,12 por ciento de los votos frente a su cercana competidora, la ex candidata Keiko Fujimori, quien alcanz\u00f3 el 49,88 <\/span>por ciento.<\/p>\n<h6> 2016-07-28 13:11:48 <\/h6>\n<p><!--\n<link rel=\"stylesheet\" href=\"css\/bootstrap.min.css\">\n\n\n<ul class=\"pagination\">\n\t    \n\t\n\n<li >\n\t<a href='?page_no=18855'>Previous<\/a>\n\t<\/li>\n\n\n       \n    \n\n<li><a href='?page_no=1'>1<\/a><\/li>\n\n\n\n<li><a href='?page_no=2'>2<\/a><\/li>\n\n\n\n<li><a>...<\/a><\/li>\n\n\n\n<li><a href='?page_no=18854'>18854<\/a><\/li>\n\n\n\n<li><a href='?page_no=18855'>18855<\/a><\/li>\n\n\n\n<li class='active'><a>18856<\/a><\/li>\n\n\n\n<li><a href='?page_no=18857'>18857<\/a><\/li>\n\n\n\n<li><a href='?page_no=18858'>18858<\/a><\/li>\n\n\n\n<li><a>...<\/a><\/li>\n\n\n\n<li><a href='?page_no=51012'>51012<\/a><\/li>\n\n\n\n<li><a href='?page_no=51013'>51013<\/a><\/li>\n\n    \n\t\n\n<li >\n\t<a href='?page_no=18857'>Next<\/a>\n\t<\/li>\n\n\n    \n\n<li><a href='?page_no=51013'>Last &rsaquo;&rsaquo;<\/a><\/li>\n\n<\/ul>\n\n\n--><br \/>\n<\/body><\/p>\n","protected":false},"excerpt":{"rendered":"<p>LIMA, 28 jul (Xinhua) &#8212; Pedro Pablo Kuczynski, quien asumi\u00f3 hoy funciones como nuevo presidente de Per\u00fa, es un economista con amplia experiencia en cargos p\u00fablicos. Kuczynski cuenta con estudios en la Universidad de Oxford en Reino Unido y una maestr\u00eda en Econom\u00eda en la Universidad de Princeton en Estados Unidos. Con 77 a\u00f1os de [&hellip;]<\/p>\n","protected":false},"author":3,"featured_media":0,"comment_status":"open","ping_status":"open","sticky":false,"template":"","format":"standard","meta":{"footnotes":""},"categories":[23],"tags":[],"class_list":["post-249211","post","type-post","status-publish","format-standard","hentry","category-internacional"],"_links":{"self":[{"href":"https:\/\/diariodominicano.com\/index.php?rest_route=\/wp\/v2\/posts\/249211","targetHints":{"allow":["GET"]}}],"collection":[{"href":"https:\/\/diariodominicano.com\/index.php?rest_route=\/wp\/v2\/posts"}],"about":[{"href":"https:\/\/diariodominicano.com\/index.php?rest_route=\/wp\/v2\/types\/post"}],"author":[{"embeddable":true,"href":"https:\/\/diariodominicano.com\/index.php?rest_route=\/wp\/v2\/users\/3"}],"replies":[{"embeddable":true,"href":"https:\/\/diariodominicano.com\/index.php?rest_route=%2Fwp%2Fv2%2Fcomments&post=249211"}],"version-history":[{"count":0,"href":"https:\/\/diariodominicano.com\/index.php?rest_route=\/wp\/v2\/posts\/249211\/revisions"}],"wp:attachment":[{"href":"https:\/\/diariodominicano.com\/index.php?rest_route=%2Fwp%2Fv2%2Fmedia&parent=249211"}],"wp:term":[{"taxonomy":"category","embeddable":true,"href":"https:\/\/diariodominicano.com\/index.php?rest_route=%2Fwp%2Fv2%2Fcategories&post=249211"},{"taxonomy":"post_tag","embeddable":true,"href":"https:\/\/diariodominicano.com\/index.php?rest_route=%2Fwp%2Fv2%2Ftags&post=249211"}],"curies":[{"name":"wp","href":"https:\/\/api.w.org\/{rel}","templated":true}]}}