{"id":249210,"date":"2016-07-28T16:50:27","date_gmt":"2016-07-28T16:50:27","guid":{"rendered":"http:\/\/diariodominicano.ddns.net\/?p=249210"},"modified":"2016-07-28T16:50:27","modified_gmt":"2016-07-28T16:50:27","slug":"canciller-navarro-representa-al-presidente-medina-en-toma-de-posesion-del-presidente-de-peru","status":"publish","type":"post","link":"https:\/\/diariodominicano.com\/?p=249210","title":{"rendered":"&#13;Canciller Navarro representa al presidente Medina en toma de posesi\u00f3n del presidente de Per\u00fa"},"content":{"rendered":"<p><body><\/p>\n<p><img decoding=\"async\" src=\"img3\/7d28c743-f396-4d76-9739-813a6f0524b4.jpg\" \/>  <\/p>\n<p><strong>Lima, Per\u00fa, 28 de julio.-<\/strong> El ministro de Relaciones Exteriores, Andr\u00e9s Navarro, asisti\u00f3 a la toma de posesi\u00f3n del nuevo presidente de esa naci\u00f3n suramericana, Pedro Pablo Kuczynski, en representaci\u00f3n del presidente Danilo Medina, a quien aprovecho la ocasi\u00f3n para exponerle los compromisos internacionales que lleva a cabo la Rep\u00fablica Dominicana, en su condici\u00f3n de ostentar la Presidencia Protempore de la Comunidad de Estados Latinoamericanos (CELAC).<\/p>\n<\/p>\n<p>El canciller Navarro llev\u00f3 un mensaje de felicitaci\u00f3n del presidente Medina a su hom\u00f3logo suramericano, en el que le augur\u00f3 los mayores \u00e9xitos en esta oportunidad que le dieron los peruanos de dirigir ese Estado, y que pueda alcanzar los prop\u00f3sitos de encaminar a su pueblo hacia la prosperidad econ\u00f3mica y social en el orden de la m\u00e1s absoluta democracia.<\/p>\n<\/p>\n<p>El ministro Navarro, adem\u00e1s aprovech\u00f3 la ocasi\u00f3n para explicarle al presidente Kuczynski, los trascendentales compromisos internacionales que la Rep\u00fablica Dominicana, est\u00e1 desarrollando como Presidencia Protempore de la Comunidad de Estados Latinoamericanos y Caribe\u00f1os (CELAC).<\/p>\n<\/p>\n<p>\u00abTraemos un cordial y amistoso mensaje de nuestro presidente Danilo Medina, en el que le manifiesta, se\u00f1or presidente Kuczynski, su decidida voluntad para que la Rep\u00fablica Dominicana y Per\u00fa contin\u00faen profundizando sus relaciones diplom\u00e1ticas y comerciales, a prop\u00f3sito de la nueva pol\u00edtica exterior que nuestro gobierno ha puesto en marcha\u00bb, refiri\u00f3 Navarro.<\/p>\n<\/p>\n<p>El ministro dominicano estuvo participando, adem\u00e1s, de las diferentes actividades oficiales que se desarrollaron con motivo de la ceremonia de investidura del presidente Pedro Pablo Kuczynski. Entre las cuales se destaca un encuentro de cancilleres con el nuevo ministro de relaciones de Per\u00fa, el embajador Ricardo Luna. Adem\u00e1s, Navarro agot\u00f3 una agenda de reuniones bilaterales con varios de sus hom\u00f3logos y sostuvo una reuni\u00f3n de trabajo con el embajador Rafael Juli\u00e1n y el personal de la embajada dominicana.<\/p>\n<\/p>\n<p>El mandatario peruano, de 78 a\u00f1os, es un economista, empresario y pol\u00edtico, quien asume la Presidencia de la Rep\u00fablica del Per\u00fa, tras ganar las elecciones generales de 2016. En su vida pol\u00edtica se ha desempe\u00f1ado como ministro de Energ\u00eda y Minas, as\u00ed como ministro de Econom\u00eda y Finanzas. En la actualidad presidente del partido Peruanos Por el Kambio (PPK).<\/p>\n<\/p>\n<p>La Rep\u00fablica de Per\u00fa y la Rep\u00fablica Dominicana, mantienen relaciones bilaterales desde hace m\u00e1s de 140 a\u00f1os y cada vez son m\u00e1s estrechas, increment\u00e1ndose los acuerdos de cooperaci\u00f3n entre ambas naciones.<\/p>\n<h6> 2016-07-28 16:50:27 <\/h6>\n<p><!--\n<link rel=\"stylesheet\" href=\"css\/bootstrap.min.css\">\n\n\n<ul class=\"pagination\">\n\t    \n\t\n\n<li >\n\t<a href='?page_no=18854'>Previous<\/a>\n\t<\/li>\n\n\n       \n    \n\n<li><a href='?page_no=1'>1<\/a><\/li>\n\n\n\n<li><a href='?page_no=2'>2<\/a><\/li>\n\n\n\n<li><a>...<\/a><\/li>\n\n\n\n<li><a href='?page_no=18853'>18853<\/a><\/li>\n\n\n\n<li><a href='?page_no=18854'>18854<\/a><\/li>\n\n\n\n<li class='active'><a>18855<\/a><\/li>\n\n\n\n<li><a href='?page_no=18856'>18856<\/a><\/li>\n\n\n\n<li><a href='?page_no=18857'>18857<\/a><\/li>\n\n\n\n<li><a>...<\/a><\/li>\n\n\n\n<li><a href='?page_no=51012'>51012<\/a><\/li>\n\n\n\n<li><a href='?page_no=51013'>51013<\/a><\/li>\n\n    \n\t\n\n<li >\n\t<a href='?page_no=18856'>Next<\/a>\n\t<\/li>\n\n\n    \n\n<li><a href='?page_no=51013'>Last &rsaquo;&rsaquo;<\/a><\/li>\n\n<\/ul>\n\n\n--><br \/>\n<\/body><\/p>\n","protected":false},"excerpt":{"rendered":"<p>Lima, Per\u00fa, 28 de julio.- El ministro de Relaciones Exteriores, Andr\u00e9s Navarro, asisti\u00f3 a la toma de posesi\u00f3n del nuevo presidente de esa naci\u00f3n suramericana, Pedro Pablo Kuczynski, en representaci\u00f3n del presidente Danilo Medina, a quien aprovecho la ocasi\u00f3n para exponerle los compromisos internacionales que lleva a cabo la Rep\u00fablica Dominicana, en su condici\u00f3n de [&hellip;]<\/p>\n","protected":false},"author":3,"featured_media":0,"comment_status":"open","ping_status":"open","sticky":false,"template":"","format":"standard","meta":{"footnotes":""},"categories":[23],"tags":[],"class_list":["post-249210","post","type-post","status-publish","format-standard","hentry","category-internacional"],"_links":{"self":[{"href":"https:\/\/diariodominicano.com\/index.php?rest_route=\/wp\/v2\/posts\/249210","targetHints":{"allow":["GET"]}}],"collection":[{"href":"https:\/\/diariodominicano.com\/index.php?rest_route=\/wp\/v2\/posts"}],"about":[{"href":"https:\/\/diariodominicano.com\/index.php?rest_route=\/wp\/v2\/types\/post"}],"author":[{"embeddable":true,"href":"https:\/\/diariodominicano.com\/index.php?rest_route=\/wp\/v2\/users\/3"}],"replies":[{"embeddable":true,"href":"https:\/\/diariodominicano.com\/index.php?rest_route=%2Fwp%2Fv2%2Fcomments&post=249210"}],"version-history":[{"count":0,"href":"https:\/\/diariodominicano.com\/index.php?rest_route=\/wp\/v2\/posts\/249210\/revisions"}],"wp:attachment":[{"href":"https:\/\/diariodominicano.com\/index.php?rest_route=%2Fwp%2Fv2%2Fmedia&parent=249210"}],"wp:term":[{"taxonomy":"category","embeddable":true,"href":"https:\/\/diariodominicano.com\/index.php?rest_route=%2Fwp%2Fv2%2Fcategories&post=249210"},{"taxonomy":"post_tag","embeddable":true,"href":"https:\/\/diariodominicano.com\/index.php?rest_route=%2Fwp%2Fv2%2Ftags&post=249210"}],"curies":[{"name":"wp","href":"https:\/\/api.w.org\/{rel}","templated":true}]}}