{"id":249208,"date":"2016-07-29T01:41:20","date_gmt":"2016-07-29T01:41:20","guid":{"rendered":"http:\/\/diariodominicano.ddns.net\/?p=249208"},"modified":"2016-07-29T01:41:20","modified_gmt":"2016-07-29T01:41:20","slug":"identifican-al-segundo-atacante-de-una-iglesia-en-francia","status":"publish","type":"post","link":"https:\/\/diariodominicano.com\/?p=249208","title":{"rendered":"Identifican al segundo atacante de una iglesia en Francia"},"content":{"rendered":"<p><body><\/p>\n<p>29 Jul 2016<\/p>\n<\/p>\n<p><strong>AFP\/Archivos \/ str<\/strong><\/p>\n<p><strong>Imagen obtenida el 27 de julio de 2016 que muestra a Abdel Malik Petitjean, de 19 a\u00f1os, identificado como uno de los dos atacantes de una iglesia en el norte de Francia, en Saint-Etienne-du-Rouvray, matando al cura y tomando a varios rehenes<\/strong><\/p>\n<p>La investigaci\u00f3n sobre el asesinato de un cura en Francia progres\u00f3 el jueves con la identificaci\u00f3n formal del segundo atacante, un joven recientemente fichado por radicalizaci\u00f3n, mientras se agudizan las cr\u00edticas de la oposici\u00f3n de derecha contra el gobierno.<\/p>\n<p>Abdel Malik Nabil Petitjean, de 19 a\u00f1os, fue identificado como la segunda persona implicada en el asesinato el martes del cura Jacques Hamel, de 86 a\u00f1os, degollado cuando celebraba una misa en la iglesia de Saint-Etienne-du-Rouvray, una peque\u00f1a localidad de cerca de 30.00 habitantes en el noroeste de Francia.<\/p>\n<p>Este joven nunca hab\u00eda sido objeto de una condena por lo que sus huellas dactilares y su ADN no constaban en registros, lo que retras\u00f3 su identificaci\u00f3n.<\/p>\n<p>Sin embargo, los servicios antiterroristas franceses lo ten\u00edan fichado desde el 29 de junio por haber intentado viajar a Siria, seg\u00fan una fuente cercana a la investigaci\u00f3n.<\/p>\n<p>Un an\u00e1lisis del ADN de su madre hizo posible su identificaci\u00f3n. Tres personas de su familia fueron detenidas y puestas en prisi\u00f3n preventiva, indic\u00f3 la fuente.<\/p>\n<\/p>\n<p>AFP \/ Charly Triballeau<\/p>\n<p>Gendarmes franceses en la puerta de la iglesia de Saint-Etienne-du-Rouvray, en el norte de Francia, observada por una mujer, el 27 de julio de 2016<\/p>\n<p>Estas detenciones \u00abpermitir\u00e1n obtener elementos sobre el perfil del asesino. Por el momento, ning\u00fan elemento indica que estas personas est\u00e9n implicadas en el asesinato\u00bb, agreg\u00f3 la misma fuente.<\/p>\n<p>En Estados Unidos el centro estadounidense de control de portales yihadistas SITE dijo que Abdel Malik Petitjean aparece en un video amenzando a Francia.<\/p>\n<p>En la filmaci\u00f3n de 2 minutos y 26 segundos, se ve a Malik con un polo de rayas verde y blanco, y parece hablar solo a la c\u00e1mara desde el interior de una vivienda. Lanza amenazas en franc\u00e9s, intercaladas con frases en \u00e1rabe, contra Francia y dirigi\u00e9ndose directamente al presidente Fran\u00e7ois Hollande y el primer ministro Manuel Valls.<\/p>\n<p>El primer atacante ya hab\u00eda sido identificado. Se trataba de Adel Kermiche, un franc\u00e9s de 19 a\u00f1os.<\/p>\n<p>Kermiche, procedente de una familia de origen argelino sin problemas pero que sufr\u00eda de trastornos de conducta, pas\u00f3 diez meses en la c\u00e1rcel a la espera de juicio por haber intentado viajar a Siria en dos ocasiones en 2015.<\/p>\n<p>Fue liberado en marzo de este a\u00f1o y asignado a residencia, con una brazalete electr\u00f3nico. Una decisi\u00f3n tomada por un juez, que la fiscal\u00eda apel\u00f3 sin resultado.<\/p>\n<p>&#8211; Acusaciones pol\u00edticas &#8211;<\/p>\n<p>Tras una breve muestra de uni\u00f3n durante una misa el mi\u00e9rcoles por la noche en memoria del sacerdote asesinado en la catedral Notre Dame de Par\u00eds, las acusaciones pol\u00edticas sobre presuntos fallos de seguridad volvieron a surgir.<\/p>\n<p>En el caso del atentado de Niza del 14 de julio (84 muertos), la derecha y la extrema derecha denunciaron medidas de seguridad insuficientes.<\/p>\n<p>En el caso del asesinato del cura, las autoridades deber\u00e1n explicar por qu\u00e9 los dos asesinos, fichados por los servicios de inteligencia, no estaban mejor vigilados.<\/p>\n<p>En el diario Le Figaro, Laurent Wauquiez, el n\u00famero dos del partido de derecha Los Republicanos (LR) del expresidente Nicolas Sarkozy, exige la renuncia del primer ministro Manuel Valls y del ministro del Interior Bernard Cazeneuve.<\/p>\n<p>\u00abFran\u00e7ois Hollande merece todo menos aplausos\u00bb, estim\u00f3 el jueves el n\u00famero dos del ultraderechista Frente Nacional, Florian Philippot. \u00abLa respuesta debe ser concreta, debemos ir m\u00e1s all\u00e1 de las velas, esl\u00f3ganes y flores\u00bb, dijo.<\/p>\n<p>Por su parte, el movimiento nacionalista de C\u00f3rcega FLNC mand\u00f3 en un comunicado un \u00abmensaje al Estado franc\u00e9s\u00bb, que tendr\u00eda, seg\u00fan este, \u00abuna parte importante de responsabilidad si se produce un drama\u00bb en C\u00f3rcega.<\/p>\n<p>La organizaci\u00f3n clandestina amenaz\u00f3 tambi\u00e9n a los \u00abislamistas radicales de C\u00f3rcega\u00bb que cualquier ataque de su parte tendr\u00eda \u00abuna respuesta determinada\u00bb.<\/p>\n<p>Frente a la multiplicaci\u00f3n de los ataques, Hollande anunci\u00f3 el jueves la creaci\u00f3n de una Guardia Nacional para ayudar a las fuerzas de seguridad a luchar contra los atentados.<\/p>\n<h6> 2016-07-29 01:41:20 <\/h6>\n<p><!--\n<link rel=\"stylesheet\" href=\"css\/bootstrap.min.css\">\n\n\n<ul class=\"pagination\">\n\t    \n\t\n\n<li >\n\t<a href='?page_no=18852'>Previous<\/a>\n\t<\/li>\n\n\n       \n    \n\n<li><a href='?page_no=1'>1<\/a><\/li>\n\n\n\n<li><a href='?page_no=2'>2<\/a><\/li>\n\n\n\n<li><a>...<\/a><\/li>\n\n\n\n<li><a href='?page_no=18851'>18851<\/a><\/li>\n\n\n\n<li><a href='?page_no=18852'>18852<\/a><\/li>\n\n\n\n<li class='active'><a>18853<\/a><\/li>\n\n\n\n<li><a href='?page_no=18854'>18854<\/a><\/li>\n\n\n\n<li><a href='?page_no=18855'>18855<\/a><\/li>\n\n\n\n<li><a>...<\/a><\/li>\n\n\n\n<li><a href='?page_no=51012'>51012<\/a><\/li>\n\n\n\n<li><a href='?page_no=51013'>51013<\/a><\/li>\n\n    \n\t\n\n<li >\n\t<a href='?page_no=18854'>Next<\/a>\n\t<\/li>\n\n\n    \n\n<li><a href='?page_no=51013'>Last &rsaquo;&rsaquo;<\/a><\/li>\n\n<\/ul>\n\n\n--><br \/>\n<\/body><\/p>\n","protected":false},"excerpt":{"rendered":"<p>29 Jul 2016 AFP\/Archivos \/ str Imagen obtenida el 27 de julio de 2016 que muestra a Abdel Malik Petitjean, de 19 a\u00f1os, identificado como uno de los dos atacantes de una iglesia en el norte de Francia, en Saint-Etienne-du-Rouvray, matando al cura y tomando a varios rehenes La investigaci\u00f3n sobre el asesinato de un [&hellip;]<\/p>\n","protected":false},"author":3,"featured_media":0,"comment_status":"open","ping_status":"open","sticky":false,"template":"","format":"standard","meta":{"footnotes":""},"categories":[23],"tags":[],"class_list":["post-249208","post","type-post","status-publish","format-standard","hentry","category-internacional"],"_links":{"self":[{"href":"https:\/\/diariodominicano.com\/index.php?rest_route=\/wp\/v2\/posts\/249208","targetHints":{"allow":["GET"]}}],"collection":[{"href":"https:\/\/diariodominicano.com\/index.php?rest_route=\/wp\/v2\/posts"}],"about":[{"href":"https:\/\/diariodominicano.com\/index.php?rest_route=\/wp\/v2\/types\/post"}],"author":[{"embeddable":true,"href":"https:\/\/diariodominicano.com\/index.php?rest_route=\/wp\/v2\/users\/3"}],"replies":[{"embeddable":true,"href":"https:\/\/diariodominicano.com\/index.php?rest_route=%2Fwp%2Fv2%2Fcomments&post=249208"}],"version-history":[{"count":0,"href":"https:\/\/diariodominicano.com\/index.php?rest_route=\/wp\/v2\/posts\/249208\/revisions"}],"wp:attachment":[{"href":"https:\/\/diariodominicano.com\/index.php?rest_route=%2Fwp%2Fv2%2Fmedia&parent=249208"}],"wp:term":[{"taxonomy":"category","embeddable":true,"href":"https:\/\/diariodominicano.com\/index.php?rest_route=%2Fwp%2Fv2%2Fcategories&post=249208"},{"taxonomy":"post_tag","embeddable":true,"href":"https:\/\/diariodominicano.com\/index.php?rest_route=%2Fwp%2Fv2%2Ftags&post=249208"}],"curies":[{"name":"wp","href":"https:\/\/api.w.org\/{rel}","templated":true}]}}