{"id":249205,"date":"2016-07-29T09:07:10","date_gmt":"2016-07-29T09:07:10","guid":{"rendered":"http:\/\/diariodominicano.ddns.net\/?p=249205"},"modified":"2016-07-29T09:07:10","modified_gmt":"2016-07-29T09:07:10","slug":"el-papa-francisco-reza-frente-al-muro-de-la-muerte-en-auschwitz","status":"publish","type":"post","link":"https:\/\/diariodominicano.com\/?p=249205","title":{"rendered":"El Papa Francisco reza frente al \u00abmuro de la muerte\u00bb en Auschwitz"},"content":{"rendered":"<p><body><\/p>\n<p><img decoding=\"async\" src=\"img3\/Papamuropolonia.jpg\" \/>  <\/p>\n<p><span class=\"text1noticias\">CRACOVIA, 29 Jul. 16 \/ 02:59 am (ACI).- El Papa Francisco visit\u00f3 esta ma\u00f1ana el campo de concentraci\u00f3n nazi Auschwitz, se encontr\u00f3 con 11 sobrevivientes y rez\u00f3 ante el \u00abmuro de la muerte\u00bb, uno de los lugares m\u00e1s simb\u00f3licos del complejo carcelario y de torturas que cobr\u00f3 la vida de m\u00e1s de 1 mill\u00f3n de personas.<\/span><\/p>\n<p><span class=\"text1noticias\"> <\/span><\/p>\n<p><span class=\"text1noticias\">En el tercer d\u00eda de su visita a Polonia, el Santo Padre ingres\u00f3 a Auschwitz a pie, cruzando la puerta conocida como \u00abEl trabajo te hace libre\u00bb, que es el texto que los nazis colocaron sobre el umbral del acceso al campo de concentraci\u00f3n.<\/span><\/p>\n<p><span class=\"text1noticias\"> <\/span><\/p>\n<p><span class=\"text1noticias\">Minutos despu\u00e9s de realizar una oraci\u00f3n y besar uno de los postes del reclusorio, el Papa se dirigi\u00f3 al sector en el que se encontraba el muro, que serv\u00eda como sitio de ejecuci\u00f3n de los prisioneros, con un disparo en la nuca.<\/span><\/p>\n<p><span class=\"text1noticias\"> <\/span><\/p>\n<p><span class=\"text1noticias\">Los cuerpos de estas v\u00edctimas eran luego enviados a los hornos crematorios.<\/span><\/p>\n<p><span class=\"text1noticias\"> <\/span><\/p>\n<p><span class=\"text1noticias\">En el oto\u00f1o de 1943, cuando las ejecuciones fueron trasladadas al vecino campo de Birkenau, la pared fue desmantelada. Sin embargo, en 1946 fue reconstruida por un grupo de sobrevivientes de Auschwitz y miembros del futuro Sitio de la Memoria.<\/span><\/p>\n<p><span class=\"text1noticias\"> <\/span><\/p>\n<p><span class=\"text1noticias\">En ese sector, el Santo Padre se encontr\u00f3 con 11 sobrevivientes del campo de concentraci\u00f3n, que lo saludaron, le compartieron sus testimonios y recibieron su bendici\u00f3n.<\/span><\/p>\n<p><span class=\"text1noticias\"> <\/span><\/p>\n<p><span class=\"text1noticias\">Frente al muro de ejecuciones nazi, el Papa prendi\u00f3 un cirio en una l\u00e1mpara de bronce pulido que regal\u00f3 al Museo de Auschwitz. A continuaci\u00f3n realiz\u00f3 una oraci\u00f3n y, acerc\u00e1ndose, toc\u00f3 brevemente la pared.<\/span><\/p>\n<\/p>\n<p><strong><span class=\"text1noticias\">El campo de Auschwitz<\/span><\/strong><\/p>\n<\/p>\n<p><span class=\"text1noticias\">CRACOVIA, 29 Jul. 16 \/ 03:05 am (ACI).- El Papa Francisco lleg\u00f3 este viernes al campo de concentraci\u00f3n de Auschwitz para realizar un recorrido en silencio, de oraci\u00f3n frente en el lugar donde m\u00e1s de un mill\u00f3n cien mil personas perdieron la vida a manos de los nazis.<\/span><\/p>\n<\/p>\n<p><span class=\"text1noticias\">As\u00ed, a las 9:30 a.m. aproximadamente, el Santo Padre atraves\u00f3 la puerta que m\u00e1s de 70 a\u00f1os atr\u00e1s cruzaron cientos de miles de personas ?bajo el lema \u00abEl trabajo te hace libre\u00bb-, para morir en las c\u00e1maras de gas o en los trabajos forzados.<\/span><\/p>\n<\/p>\n<p><span class=\"text1noticias\">Luego, sent\u00e1ndose en una banca, el Pont\u00edfice se qued\u00f3 solo para rezar en silencio, un rezo que dur\u00f3 13 minutos en memoria de las v\u00edctimas.<\/span><\/p>\n<\/p>\n<p><span class=\"text1noticias\">Terminado este momento, Francisco camin\u00f3 y bes\u00f3 uno de los postes del campo, para dirigirse al \u00abmuro de la muerte\u00bb y luego a la celda donde muri\u00f3 San Maximiliano Kolbe. En Auschwitz tambi\u00e9n muri\u00f3 Santa Edith Stein.<\/span><\/p>\n<\/p>\n<p><span class=\"text1noticias\">Este lugar fue visitado por San Juan Pablo II el 7 de junio de 1979 y Benedicto XVI el 28 de mayo de 2006.<\/span><\/p>\n<\/p>\n<p><span class=\"text1noticias\">El campo de Auschwitz<\/span><\/p>\n<\/p>\n<p><span class=\"text1noticias\">Despu\u00e9s del estallido de la segunda guerra mundial los alemanes comenzaron a arrestar a un gran n\u00famero de polacos, as\u00ed como miembros de la resistencia, como artistas, sacerdotes, intelectuales, funcionarios p\u00fablicos, profesores, pol\u00edticos, etc. Debido al gran n\u00famero de detenidos, en la primavera de 1940 iniciaron la construcci\u00f3n del primer campo de concentraci\u00f3n en el pueblo de Oswiecim, al que renombraron Auschwitz.<\/span><\/p>\n<\/p>\n<p><span class=\"text1noticias\">Por casi dos a\u00f1os la gran mayor\u00eda de detenidos eran polacos, aproximadamente unos 150.000 y la mitad de ellos murieron. Los transportes cada vez fueron trayendo m\u00e1s jud\u00edos, aunque a\u00fan no eran muchos. Un gran n\u00famero de personas mor\u00edan por hambre, enfermedades, terrorismo interno y a causa de los trabajos forzados.<\/span><\/p>\n<\/p>\n<p><span class=\"text1noticias\">Despu\u00e9s de la invasi\u00f3n a la Uni\u00f3n Sovi\u00e9tica en junio de 1941, los nazis iniciaron la construcci\u00f3n de un campo enorme en la villa cercana de Brzezinka (Birkenau), cuyos habitantes fueron desplazados y sus casas demolidas. De la uni\u00f3n de ambos campos naci\u00f3 Auschwitz II-Birkenau, donde, desde la primavera de 1942 los alemanes comenzaron el exterminio masivo de jud\u00edos.<\/span><\/p>\n<\/p>\n<p><span class=\"text1noticias\">Los jud\u00edos totalizaron el 90% de todas las v\u00edctimas, sin embargo, el pueblo gitano tambi\u00e9n fue objetivo de la pol\u00edtica de exterminio nazi.<\/span><\/p>\n<\/p>\n<p><span class=\"text1noticias\">En octubre de 1942 se construy\u00f3 la tercera parte de este gran campo de concentraci\u00f3n. Para el verano de 1944 el complejo de Auschwitz comprend\u00eda unos 40 kil\u00f3metros cuadrados (Auschwitz I, Auschwitz II-Birkenau y unos 48 campos sat\u00e9lites). En ese entonces ten\u00eda unos 135.000 prisioneros que equival\u00edan al 25% de los de todos los campos de concentraci\u00f3n.<\/span><\/p>\n<\/p>\n<p><span class=\"text1noticias\">En los casi cinco a\u00f1os que funcion\u00f3, fueron registrados 400.000 prisioneros. Sin embargo, esto no incluye a los hombres, mujeres y ni\u00f1os que murieron en las c\u00e1maras de gas sin haber sido registrados, pues fueron enviados a la muerte apenas llegaban en los trenes. Se estima que 900.000 personas murieron de esta manera. En total 1.100.000 personas murieron en Auschwitz.<\/span><\/p>\n<\/p>\n<p><span class=\"text1noticias\">Finalmente el campo fue liberado el 27 de enero de 1945. En 2005 las Naciones Unidas adoptaron esta fecha como el D\u00eda Internacional de Conmemoraci\u00f3n del Holocausto.<\/span><\/p>\n<\/p>\n<h6> 2016-07-29 09:07:10 <\/h6>\n<p><!--\n<link rel=\"stylesheet\" href=\"css\/bootstrap.min.css\">\n\n\n<ul class=\"pagination\">\n\t    \n\t\n\n<li >\n\t<a href='?page_no=18849'>Previous<\/a>\n\t<\/li>\n\n\n       \n    \n\n<li><a href='?page_no=1'>1<\/a><\/li>\n\n\n\n<li><a href='?page_no=2'>2<\/a><\/li>\n\n\n\n<li><a>...<\/a><\/li>\n\n\n\n<li><a href='?page_no=18848'>18848<\/a><\/li>\n\n\n\n<li><a href='?page_no=18849'>18849<\/a><\/li>\n\n\n\n<li class='active'><a>18850<\/a><\/li>\n\n\n\n<li><a href='?page_no=18851'>18851<\/a><\/li>\n\n\n\n<li><a href='?page_no=18852'>18852<\/a><\/li>\n\n\n\n<li><a>...<\/a><\/li>\n\n\n\n<li><a href='?page_no=51012'>51012<\/a><\/li>\n\n\n\n<li><a href='?page_no=51013'>51013<\/a><\/li>\n\n    \n\t\n\n<li >\n\t<a href='?page_no=18851'>Next<\/a>\n\t<\/li>\n\n\n    \n\n<li><a href='?page_no=51013'>Last &rsaquo;&rsaquo;<\/a><\/li>\n\n<\/ul>\n\n\n--><br \/>\n<\/body><\/p>\n","protected":false},"excerpt":{"rendered":"<p>CRACOVIA, 29 Jul. 16 \/ 02:59 am (ACI).- El Papa Francisco visit\u00f3 esta ma\u00f1ana el campo de concentraci\u00f3n nazi Auschwitz, se encontr\u00f3 con 11 sobrevivientes y rez\u00f3 ante el \u00abmuro de la muerte\u00bb, uno de los lugares m\u00e1s simb\u00f3licos del complejo carcelario y de torturas que cobr\u00f3 la vida de m\u00e1s de 1 mill\u00f3n de [&hellip;]<\/p>\n","protected":false},"author":3,"featured_media":0,"comment_status":"open","ping_status":"open","sticky":false,"template":"","format":"standard","meta":{"footnotes":""},"categories":[23],"tags":[],"class_list":["post-249205","post","type-post","status-publish","format-standard","hentry","category-internacional"],"_links":{"self":[{"href":"https:\/\/diariodominicano.com\/index.php?rest_route=\/wp\/v2\/posts\/249205","targetHints":{"allow":["GET"]}}],"collection":[{"href":"https:\/\/diariodominicano.com\/index.php?rest_route=\/wp\/v2\/posts"}],"about":[{"href":"https:\/\/diariodominicano.com\/index.php?rest_route=\/wp\/v2\/types\/post"}],"author":[{"embeddable":true,"href":"https:\/\/diariodominicano.com\/index.php?rest_route=\/wp\/v2\/users\/3"}],"replies":[{"embeddable":true,"href":"https:\/\/diariodominicano.com\/index.php?rest_route=%2Fwp%2Fv2%2Fcomments&post=249205"}],"version-history":[{"count":0,"href":"https:\/\/diariodominicano.com\/index.php?rest_route=\/wp\/v2\/posts\/249205\/revisions"}],"wp:attachment":[{"href":"https:\/\/diariodominicano.com\/index.php?rest_route=%2Fwp%2Fv2%2Fmedia&parent=249205"}],"wp:term":[{"taxonomy":"category","embeddable":true,"href":"https:\/\/diariodominicano.com\/index.php?rest_route=%2Fwp%2Fv2%2Fcategories&post=249205"},{"taxonomy":"post_tag","embeddable":true,"href":"https:\/\/diariodominicano.com\/index.php?rest_route=%2Fwp%2Fv2%2Ftags&post=249205"}],"curies":[{"name":"wp","href":"https:\/\/api.w.org\/{rel}","templated":true}]}}