{"id":249204,"date":"2016-07-29T09:25:35","date_gmt":"2016-07-29T09:25:35","guid":{"rendered":"http:\/\/diariodominicano.ddns.net\/?p=249204"},"modified":"2016-07-29T09:25:35","modified_gmt":"2016-07-29T09:25:35","slug":"confirman-47-muertos-por-gripe-a-h1n1-en-bolivia","status":"publish","type":"post","link":"https:\/\/diariodominicano.com\/?p=249204","title":{"rendered":"Confirman 47 muertos por gripe A (H1N1) en Bolivia"},"content":{"rendered":"<p><body><\/p>\n<p><img decoding=\"async\" src=\"img3\/rodolfo-rocabado29-7.jpg\" \/>  <\/p>\n<p><span class=\"text1noticias\">La Paz, 29 jul (PL) Un total de 47 personas murieron hasta hoy en Bolivia a causa de la gripe A (H1N1), en su gran mayor\u00eda del sexo masculino, seg\u00fan lo inform\u00f3 el director de Epidemiolog\u00eda del Ministerio de Salud, Rodolfo Rocabado.<\/span><\/p>\n<p><span class=\"text1noticias\"> <\/span><\/p>\n<p><span class=\"text1noticias\">Precis\u00f3 el funcionario que el promedio de edad de los fallecidos era de 43 a\u00f1os y muchos ten\u00edan patolog\u00edas cr\u00f3nicas, como obesidad, hipertensi\u00f3n o diabetes.<\/span><\/p>\n<p><span class=\"text1noticias\"> <\/span><\/p>\n<p><span class=\"text1noticias\">El departamento de Santa Cruz es el que reporta m\u00e1s casos, con 21 muertes, seguido de La Paz (11), Cochabamba (9), Oruro (2), Chuquisaca (2), Pando (1) y Beni (1).<\/span><\/p>\n<p><span class=\"text1noticias\"> <\/span><\/p>\n<p><span class=\"text1noticias\">Rocabado inform\u00f3 tambi\u00e9n que la campa\u00f1a de vacunaci\u00f3n contra la influenza en el pa\u00eds ya alcanz\u00f3 al 85 por ciento de las personas comprendidas en los grupos de riesgo, es decir, los menores de dos a\u00f1os, mayores de 65, mujeres embarazadas y personas con patolog\u00edas de base.<\/span><\/p>\n<p><span class=\"text1noticias\"> <\/span><\/p>\n<p><span class=\"text1noticias\">La influenza A (H1N1) presenta s\u00edntomas similares a los de una gripe com\u00fan, como tos, dolor de garganta, fiebre alta, dolor en los m\u00fasculos y articulaciones y diarreas, pero la diferencia radica en que puede provocar la muerte.<\/span><\/p>\n<p><span class=\"text1noticias\"> <\/span><\/p>\n<p><span class=\"text1noticias\">La Organizaci\u00f3n Panamericana de la Salud (OPS) recomend\u00f3 ocho medidas para prevenir su transmisi\u00f3n, entre ellas, mantener una distancia de al menos un metro de la persona contagiada, cubrirse la boca y la nariz antes de estornudar, lavarse las manos con agua y jab\u00f3n y destinar un espacio separado para el enfermo dentro de la casa.<\/span><\/p>\n<p><span class=\"text1noticias\"> <\/span><\/p>\n<p><span class=\"text1noticias\">Tambi\u00e9n llam\u00f3 a los trabajadores de la salud a usar las normas y lineamientos establecidos por el Ministerio del sector.<\/span><\/p>\n<p><span class=\"text1noticias\"> <\/span><\/p>\n<p><span class=\"text1noticias\">La influenza es una enfermedad estacional, que se presenta en la regi\u00f3n, y por eso es muy importante la aplicaci\u00f3n de esas medidas, sobre todo en los grupos de riesgo, dijo Mario Mazana, asesor en vigilancia y control de la OPS.<\/span><\/p>\n<p><span class=\"text1noticias\"> <\/span><\/p>\n<p><span class=\"text1noticias\">Mazana explic\u00f3 que en Sudam\u00e9rica tambi\u00e9n se reportaron casos en Brasil, Argentina, Paraguay, Chile y Per\u00fa, con una elevada cantidad de <\/span>decesos.<\/p>\n<h6> 2016-07-29 09:25:35 <\/h6>\n<p><!--\n<link rel=\"stylesheet\" href=\"css\/bootstrap.min.css\">\n\n\n<ul class=\"pagination\">\n\t    \n\t\n\n<li >\n\t<a href='?page_no=18848'>Previous<\/a>\n\t<\/li>\n\n\n       \n    \n\n<li><a href='?page_no=1'>1<\/a><\/li>\n\n\n\n<li><a href='?page_no=2'>2<\/a><\/li>\n\n\n\n<li><a>...<\/a><\/li>\n\n\n\n<li><a href='?page_no=18847'>18847<\/a><\/li>\n\n\n\n<li><a href='?page_no=18848'>18848<\/a><\/li>\n\n\n\n<li class='active'><a>18849<\/a><\/li>\n\n\n\n<li><a href='?page_no=18850'>18850<\/a><\/li>\n\n\n\n<li><a href='?page_no=18851'>18851<\/a><\/li>\n\n\n\n<li><a>...<\/a><\/li>\n\n\n\n<li><a href='?page_no=51012'>51012<\/a><\/li>\n\n\n\n<li><a href='?page_no=51013'>51013<\/a><\/li>\n\n    \n\t\n\n<li >\n\t<a href='?page_no=18850'>Next<\/a>\n\t<\/li>\n\n\n    \n\n<li><a href='?page_no=51013'>Last &rsaquo;&rsaquo;<\/a><\/li>\n\n<\/ul>\n\n\n--><br \/>\n<\/body><\/p>\n","protected":false},"excerpt":{"rendered":"<p>La Paz, 29 jul (PL) Un total de 47 personas murieron hasta hoy en Bolivia a causa de la gripe A (H1N1), en su gran mayor\u00eda del sexo masculino, seg\u00fan lo inform\u00f3 el director de Epidemiolog\u00eda del Ministerio de Salud, Rodolfo Rocabado. Precis\u00f3 el funcionario que el promedio de edad de los fallecidos era de [&hellip;]<\/p>\n","protected":false},"author":3,"featured_media":0,"comment_status":"open","ping_status":"open","sticky":false,"template":"","format":"standard","meta":{"footnotes":""},"categories":[23],"tags":[],"class_list":["post-249204","post","type-post","status-publish","format-standard","hentry","category-internacional"],"_links":{"self":[{"href":"https:\/\/diariodominicano.com\/index.php?rest_route=\/wp\/v2\/posts\/249204","targetHints":{"allow":["GET"]}}],"collection":[{"href":"https:\/\/diariodominicano.com\/index.php?rest_route=\/wp\/v2\/posts"}],"about":[{"href":"https:\/\/diariodominicano.com\/index.php?rest_route=\/wp\/v2\/types\/post"}],"author":[{"embeddable":true,"href":"https:\/\/diariodominicano.com\/index.php?rest_route=\/wp\/v2\/users\/3"}],"replies":[{"embeddable":true,"href":"https:\/\/diariodominicano.com\/index.php?rest_route=%2Fwp%2Fv2%2Fcomments&post=249204"}],"version-history":[{"count":0,"href":"https:\/\/diariodominicano.com\/index.php?rest_route=\/wp\/v2\/posts\/249204\/revisions"}],"wp:attachment":[{"href":"https:\/\/diariodominicano.com\/index.php?rest_route=%2Fwp%2Fv2%2Fmedia&parent=249204"}],"wp:term":[{"taxonomy":"category","embeddable":true,"href":"https:\/\/diariodominicano.com\/index.php?rest_route=%2Fwp%2Fv2%2Fcategories&post=249204"},{"taxonomy":"post_tag","embeddable":true,"href":"https:\/\/diariodominicano.com\/index.php?rest_route=%2Fwp%2Fv2%2Ftags&post=249204"}],"curies":[{"name":"wp","href":"https:\/\/api.w.org\/{rel}","templated":true}]}}