{"id":249203,"date":"2016-07-29T11:10:16","date_gmt":"2016-07-29T11:10:16","guid":{"rendered":"http:\/\/diariodominicano.ddns.net\/?p=249203"},"modified":"2016-07-29T11:10:16","modified_gmt":"2016-07-29T11:10:16","slug":"gobierno-admite-reto-de-luchar-contra-radicalizacion-en-francia","status":"publish","type":"post","link":"https:\/\/diariodominicano.com\/?p=249203","title":{"rendered":"Gobierno admite reto de luchar contra radicalizaci\u00f3n en Francia"},"content":{"rendered":"<p><body><\/p>\n<p><img decoding=\"async\" src=\"img3\/manuel-valls29-7.jpg\" \/>  <\/p>\n<p><span class=\"text1noticias\">Par\u00eds, 29 jul (PL) El primer ministro de Francia, Manuel Valls, admiti\u00f3 hoy que la lucha contra la radicalizaci\u00f3n es uno de los desaf\u00edos actuales del pa\u00eds, por lo que se necesitan programas de prevenci\u00f3n y el apoyo de toda la sociedad civil.<\/span><\/p>\n<p><span class=\"text1noticias\"> <\/span><\/p>\n<p><span class=\"text1noticias\">En entrevista con el diario Le Monde, el jefe de Gobierno asegur\u00f3 que la lucha contra la radicalizaci\u00f3n ser\u00e1 el reto de toda una generaci\u00f3n, y para ello \u00abdebemos construir un contra-discurso fuerte no solo con el trabajo del Estado, sino de toda la sociedad civil\u00bb.<\/span><\/p>\n<p><span class=\"text1noticias\"> <\/span><\/p>\n<p><span class=\"text1noticias\">Las declaraciones de Valls llegan en medio de un clima tenso en el pa\u00eds a ra\u00edz de dos atentados ocurridos en menos de dos semanas, y cometidos por franceses influidos por ideolog\u00edas radicales, particularmente del autodenominado Estado Isl\u00e1mico.<\/span><\/p>\n<p><span class=\"text1noticias\"> <\/span><\/p>\n<p><span class=\"text1noticias\">En este sentido, los analistas apuntan como preocupante la existencia de un amplio sector de j\u00f3venes marginados socialmente, que no estudian ni trabajan, y constituyen blanco f\u00e1cil para las redes dedicadas a radicalizar y reclutar personas.<\/span><\/p>\n<p><span class=\"text1noticias\"> <\/span><\/p>\n<p><span class=\"text1noticias\">Por otro lado, Valls tambi\u00e9n estim\u00f3 necesario cambiar los comportamientos y hacer una verdadera revoluci\u00f3n en la cultura de seguridad de la naci\u00f3n gala, pues la amenaza no termin\u00f3.<\/span><\/p>\n<p><span class=\"text1noticias\"> <\/span><\/p>\n<p><span class=\"text1noticias\">Esta guerra ser\u00e1 larga y vamos a conocer otros atentados, afirm\u00f3.<\/span><\/p>\n<p><span class=\"text1noticias\"> <\/span><\/p>\n<p><span class=\"text1noticias\">El jefe de Gobierno respondi\u00f3 a las cr\u00edticas lanzadas por la oposici\u00f3n, que acusa a las autoridades de pasividad y reclama un endurecimiento de las leyes para enfrentar el terrorismo.<\/span><\/p>\n<p><span class=\"text1noticias\"> <\/span><\/p>\n<p><span class=\"text1noticias\">Seg\u00fan el primer ministro, los franceses deben rechazar esas soluciones demag\u00f3gicas que hacen creer que se puede terminar con la amenaza extremista en pocos <\/span>meses.<\/p>\n<h6> 2016-07-29 11:10:16 <\/h6>\n<p><!--\n<link rel=\"stylesheet\" href=\"css\/bootstrap.min.css\">\n\n\n<ul class=\"pagination\">\n\t    \n\t\n\n<li >\n\t<a href='?page_no=18847'>Previous<\/a>\n\t<\/li>\n\n\n       \n    \n\n<li><a href='?page_no=1'>1<\/a><\/li>\n\n\n\n<li><a href='?page_no=2'>2<\/a><\/li>\n\n\n\n<li><a>...<\/a><\/li>\n\n\n\n<li><a href='?page_no=18846'>18846<\/a><\/li>\n\n\n\n<li><a href='?page_no=18847'>18847<\/a><\/li>\n\n\n\n<li class='active'><a>18848<\/a><\/li>\n\n\n\n<li><a href='?page_no=18849'>18849<\/a><\/li>\n\n\n\n<li><a href='?page_no=18850'>18850<\/a><\/li>\n\n\n\n<li><a>...<\/a><\/li>\n\n\n\n<li><a href='?page_no=51012'>51012<\/a><\/li>\n\n\n\n<li><a href='?page_no=51013'>51013<\/a><\/li>\n\n    \n\t\n\n<li >\n\t<a href='?page_no=18849'>Next<\/a>\n\t<\/li>\n\n\n    \n\n<li><a href='?page_no=51013'>Last &rsaquo;&rsaquo;<\/a><\/li>\n\n<\/ul>\n\n\n--><br \/>\n<\/body><\/p>\n","protected":false},"excerpt":{"rendered":"<p>Par\u00eds, 29 jul (PL) El primer ministro de Francia, Manuel Valls, admiti\u00f3 hoy que la lucha contra la radicalizaci\u00f3n es uno de los desaf\u00edos actuales del pa\u00eds, por lo que se necesitan programas de prevenci\u00f3n y el apoyo de toda la sociedad civil. En entrevista con el diario Le Monde, el jefe de Gobierno asegur\u00f3 [&hellip;]<\/p>\n","protected":false},"author":3,"featured_media":0,"comment_status":"open","ping_status":"open","sticky":false,"template":"","format":"standard","meta":{"footnotes":""},"categories":[23],"tags":[],"class_list":["post-249203","post","type-post","status-publish","format-standard","hentry","category-internacional"],"_links":{"self":[{"href":"https:\/\/diariodominicano.com\/index.php?rest_route=\/wp\/v2\/posts\/249203","targetHints":{"allow":["GET"]}}],"collection":[{"href":"https:\/\/diariodominicano.com\/index.php?rest_route=\/wp\/v2\/posts"}],"about":[{"href":"https:\/\/diariodominicano.com\/index.php?rest_route=\/wp\/v2\/types\/post"}],"author":[{"embeddable":true,"href":"https:\/\/diariodominicano.com\/index.php?rest_route=\/wp\/v2\/users\/3"}],"replies":[{"embeddable":true,"href":"https:\/\/diariodominicano.com\/index.php?rest_route=%2Fwp%2Fv2%2Fcomments&post=249203"}],"version-history":[{"count":0,"href":"https:\/\/diariodominicano.com\/index.php?rest_route=\/wp\/v2\/posts\/249203\/revisions"}],"wp:attachment":[{"href":"https:\/\/diariodominicano.com\/index.php?rest_route=%2Fwp%2Fv2%2Fmedia&parent=249203"}],"wp:term":[{"taxonomy":"category","embeddable":true,"href":"https:\/\/diariodominicano.com\/index.php?rest_route=%2Fwp%2Fv2%2Fcategories&post=249203"},{"taxonomy":"post_tag","embeddable":true,"href":"https:\/\/diariodominicano.com\/index.php?rest_route=%2Fwp%2Fv2%2Ftags&post=249203"}],"curies":[{"name":"wp","href":"https:\/\/api.w.org\/{rel}","templated":true}]}}