{"id":249202,"date":"2016-07-29T11:31:22","date_gmt":"2016-07-29T11:31:22","guid":{"rendered":"http:\/\/diariodominicano.ddns.net\/?p=249202"},"modified":"2016-07-29T11:31:22","modified_gmt":"2016-07-29T11:31:22","slug":"turquia-cerrara-base-aerea-y-cuarteles-usados-en-golpe-de-estado","status":"publish","type":"post","link":"https:\/\/diariodominicano.com\/?p=249202","title":{"rendered":"Turqu\u00eda cerrar\u00e1 base a\u00e9rea y cuarteles usados en golpe de Estado"},"content":{"rendered":"<p><body><\/p>\n<p><span class=\"text1noticias\">    ANKARA, 29 jul (Xinhua) &#8212; Turqu\u00eda cerrar\u00e1 la base a\u00e9rea en Ankara y cuarteles en la capital del pa\u00eds y en Estambul, los cuales fueron usados por los soldados que tramaron el golpe de Estado fallido del 15 de julio, dijo hoy el primer ministro turco, Binali Yildirim.<\/span><\/p>\n<p><span class=\"text1noticias\"> <\/span><\/p>\n<p><span class=\"text1noticias\">     La base a\u00e9rea Akinci, que sirvi\u00f3 como el cuartel general del golpe, \u00abser\u00e1 cerrada y convertida en un lugar donde se mantendr\u00e1 vivo el recuerdo de nuestros m\u00e1rtires\u00bb, declar\u00f3 Yildirim ante una multitud cerca de la base en el distrito Kazan de Ankara.<\/span><\/p>\n<p><span class=\"text1noticias\"> <\/span><\/p>\n<p><span class=\"text1noticias\">     El primer ministro tambi\u00e9n prometi\u00f3 cerrar todos los cuarteles desde donde salieron los tanques y despegaron los helic\u00f3pteros en Estambul y Ankara durante el fallido golpe de Estado.<\/span><\/p>\n<p><span class=\"text1noticias\"> <\/span><\/p>\n<p><span class=\"text1noticias\">     Adem\u00e1s, dijo que el 15 de julio ser\u00e1 declarado el \u00abD\u00eda de los M\u00e1rtires de la Democracia\u00bb de Turqu\u00eda. \u00abEse d\u00eda salieron a proteger a su patria Turqu\u00eda\u00bb, indic\u00f3.<\/span><\/p>\n<p><span class=\"text1noticias\"> <\/span><\/p>\n<p><span class=\"text1noticias\">     El primer ministro reiter\u00f3 que Turqu\u00eda traer\u00e1 de regreso a Gulen, acusado por Ankara de tramar el golpe, desde Estados Unidos para que enfrente cargos ante el tribu<\/span>nal.<\/p>\n<h6> 2016-07-29 11:31:22 <\/h6>\n<p><!--\n<link rel=\"stylesheet\" href=\"css\/bootstrap.min.css\">\n\n\n<ul class=\"pagination\">\n\t    \n\t\n\n<li >\n\t<a href='?page_no=18846'>Previous<\/a>\n\t<\/li>\n\n\n       \n    \n\n<li><a href='?page_no=1'>1<\/a><\/li>\n\n\n\n<li><a href='?page_no=2'>2<\/a><\/li>\n\n\n\n<li><a>...<\/a><\/li>\n\n\n\n<li><a href='?page_no=18845'>18845<\/a><\/li>\n\n\n\n<li><a href='?page_no=18846'>18846<\/a><\/li>\n\n\n\n<li class='active'><a>18847<\/a><\/li>\n\n\n\n<li><a href='?page_no=18848'>18848<\/a><\/li>\n\n\n\n<li><a href='?page_no=18849'>18849<\/a><\/li>\n\n\n\n<li><a>...<\/a><\/li>\n\n\n\n<li><a href='?page_no=51012'>51012<\/a><\/li>\n\n\n\n<li><a href='?page_no=51013'>51013<\/a><\/li>\n\n    \n\t\n\n<li >\n\t<a href='?page_no=18848'>Next<\/a>\n\t<\/li>\n\n\n    \n\n<li><a href='?page_no=51013'>Last &rsaquo;&rsaquo;<\/a><\/li>\n\n<\/ul>\n\n\n--><br \/>\n<\/body><\/p>\n","protected":false},"excerpt":{"rendered":"<p>ANKARA, 29 jul (Xinhua) &#8212; Turqu\u00eda cerrar\u00e1 la base a\u00e9rea en Ankara y cuarteles en la capital del pa\u00eds y en Estambul, los cuales fueron usados por los soldados que tramaron el golpe de Estado fallido del 15 de julio, dijo hoy el primer ministro turco, Binali Yildirim. La base a\u00e9rea Akinci, que sirvi\u00f3 como [&hellip;]<\/p>\n","protected":false},"author":3,"featured_media":0,"comment_status":"open","ping_status":"open","sticky":false,"template":"","format":"standard","meta":{"footnotes":""},"categories":[23],"tags":[],"class_list":["post-249202","post","type-post","status-publish","format-standard","hentry","category-internacional"],"_links":{"self":[{"href":"https:\/\/diariodominicano.com\/index.php?rest_route=\/wp\/v2\/posts\/249202","targetHints":{"allow":["GET"]}}],"collection":[{"href":"https:\/\/diariodominicano.com\/index.php?rest_route=\/wp\/v2\/posts"}],"about":[{"href":"https:\/\/diariodominicano.com\/index.php?rest_route=\/wp\/v2\/types\/post"}],"author":[{"embeddable":true,"href":"https:\/\/diariodominicano.com\/index.php?rest_route=\/wp\/v2\/users\/3"}],"replies":[{"embeddable":true,"href":"https:\/\/diariodominicano.com\/index.php?rest_route=%2Fwp%2Fv2%2Fcomments&post=249202"}],"version-history":[{"count":0,"href":"https:\/\/diariodominicano.com\/index.php?rest_route=\/wp\/v2\/posts\/249202\/revisions"}],"wp:attachment":[{"href":"https:\/\/diariodominicano.com\/index.php?rest_route=%2Fwp%2Fv2%2Fmedia&parent=249202"}],"wp:term":[{"taxonomy":"category","embeddable":true,"href":"https:\/\/diariodominicano.com\/index.php?rest_route=%2Fwp%2Fv2%2Fcategories&post=249202"},{"taxonomy":"post_tag","embeddable":true,"href":"https:\/\/diariodominicano.com\/index.php?rest_route=%2Fwp%2Fv2%2Ftags&post=249202"}],"curies":[{"name":"wp","href":"https:\/\/api.w.org\/{rel}","templated":true}]}}