{"id":249201,"date":"2016-07-29T11:38:55","date_gmt":"2016-07-29T11:38:55","guid":{"rendered":"http:\/\/diariodominicano.ddns.net\/?p=249201"},"modified":"2016-07-29T11:38:55","modified_gmt":"2016-07-29T11:38:55","slug":"nieto-dice-visita-a-argentina-fortalecera-lazos-de-hermandad","status":"publish","type":"post","link":"https:\/\/diariodominicano.com\/?p=249201","title":{"rendered":"Nieto dice visita a Argentina \u00abfortalecer\u00e1 lazos de hermandad\u00bb"},"content":{"rendered":"<p><body><\/p>\n<p><img decoding=\"async\" src=\"img3\/mexicoargentina29-7.jpg\" \/>  <\/p>\n<p><span class=\"text1noticias\"> BUENOS AIRES, 29 jul (Xinhua) &#8212; El presidente de M\u00e9xico, Enrique Pe\u00f1a Nieto, afirm\u00f3 que su visita de Estado a Argentina \u00abno s\u00f3lo fortalecer\u00e1 los lazos de hermandad\u00bb entre ambos pa\u00edses, sino que adem\u00e1s \u00abpermitir\u00e1 identificar nuevas sinergias comerciales y seguir generando espacios para el di\u00e1logo franco y abierto\u00bb.<\/span><\/p>\n<p><span class=\"text1noticias\"> <\/span><\/p>\n<p><span class=\"text1noticias\">     El mandatario, que tendr\u00e1 una amplia agenda este viernes con su par y anfitri\u00f3n, Mauricio Macri, escribi\u00f3 una nota de opini\u00f3n en el diario La Naci\u00f3n, de Buenos Aires, publicada bajo el t\u00edtulo \u00abLos lazos de hermandad entre M\u00e9xico y la Argentina\u00bb.<\/span><\/p>\n<p><span class=\"text1noticias\"> <\/span><\/p>\n<p><span class=\"text1noticias\">     \u00abDesde hace unos meses, y a partir de una visi\u00f3n de futuro, el gobierno del presidente Macri ha emprendido importantes reformas que fortalecen a Argentina como una naci\u00f3n moderna, abierta y que favorece el desarrollo. En M\u00e9xico compartimos este esp\u00edritu de renovaci\u00f3n\u00bb, remarc\u00f3 Pe\u00f1a Nieto.<\/span><\/p>\n<p><span class=\"text1noticias\"> <\/span><\/p>\n<p><span class=\"text1noticias\">     El mandatario remarc\u00f3 que Argentina es \u00abel cuarto socio comercial en Am\u00e9rica latina\u00bb, mientras que \u00abM\u00e9xico es su tercer socio en la regi\u00f3n. En 2015, el intercambio entre ambas naciones super\u00f3 los 2.500 millones de d\u00f3lares, 8% m\u00e1s que en 2014, pero todav\u00eda por debajo del punto m\u00e1s alto que alcanzamos en 2013\u00bb.<\/span><\/p>\n<p><span class=\"text1noticias\"> <\/span><\/p>\n<p><span class=\"text1noticias\">     Sin duda, gracias a las medidas emprendidas por el gobierno del presidente Macri, que est\u00e1n haciendo de Argentina un pa\u00eds a\u00fan m\u00e1s atractivo para la inversi\u00f3n y el comercio, nuestra vigorosa relaci\u00f3n econ\u00f3mica puede potenciarse a\u00fan m\u00e1s\u00bb, asegur\u00f3 Pe\u00f1a Nieto.<\/span><\/p>\n<p><span class=\"text1noticias\"> <\/span><\/p>\n<p><span class=\"text1noticias\">     \u00abEn este nuevo rumbo, destaca el proceso de actualizaci\u00f3n de la relaci\u00f3n econ\u00f3mica entre la Argentina y M\u00e9xico, que nos permitir\u00e1 eliminar barreras no arancelarias entre nuestros mercados, diversificar nuestros intercambios comerciales y promover el desarrollo de cadenas globales de valor, en beneficio de ambas sociedades\u00bb, consider\u00f3.<\/span><\/p>\n<p><span class=\"text1noticias\"> <\/span><\/p>\n<p><span class=\"text1noticias\">     En ese contexto, asegur\u00f3 que \u00abha sido de gran valor la reuni\u00f3n que realizamos el mes pasado el presidente Macri y los mandatarios de los pa\u00edses que integramos la Alianza del Pac\u00edfico, con el objetivo de fortalecer el di\u00e1logo y explorar alternativas de cooperaci\u00f3n en temas de la agenda com\u00fan. Este exitoso encuentro nos brind\u00f3 la oportunidad de avanzar en la construcci\u00f3n de canales de comunicaci\u00f3n entre este mecanismo de integraci\u00f3n y el Merc<\/span>osur\u00bb.<\/p>\n<h6> 2016-07-29 11:38:55 <\/h6>\n<p><!--\n<link rel=\"stylesheet\" href=\"css\/bootstrap.min.css\">\n\n\n<ul class=\"pagination\">\n\t    \n\t\n\n<li >\n\t<a href='?page_no=18845'>Previous<\/a>\n\t<\/li>\n\n\n       \n    \n\n<li><a href='?page_no=1'>1<\/a><\/li>\n\n\n\n<li><a href='?page_no=2'>2<\/a><\/li>\n\n\n\n<li><a>...<\/a><\/li>\n\n\n\n<li><a href='?page_no=18844'>18844<\/a><\/li>\n\n\n\n<li><a href='?page_no=18845'>18845<\/a><\/li>\n\n\n\n<li class='active'><a>18846<\/a><\/li>\n\n\n\n<li><a href='?page_no=18847'>18847<\/a><\/li>\n\n\n\n<li><a href='?page_no=18848'>18848<\/a><\/li>\n\n\n\n<li><a>...<\/a><\/li>\n\n\n\n<li><a href='?page_no=51012'>51012<\/a><\/li>\n\n\n\n<li><a href='?page_no=51013'>51013<\/a><\/li>\n\n    \n\t\n\n<li >\n\t<a href='?page_no=18847'>Next<\/a>\n\t<\/li>\n\n\n    \n\n<li><a href='?page_no=51013'>Last &rsaquo;&rsaquo;<\/a><\/li>\n\n<\/ul>\n\n\n--><br \/>\n<\/body><\/p>\n","protected":false},"excerpt":{"rendered":"<p>BUENOS AIRES, 29 jul (Xinhua) &#8212; El presidente de M\u00e9xico, Enrique Pe\u00f1a Nieto, afirm\u00f3 que su visita de Estado a Argentina \u00abno s\u00f3lo fortalecer\u00e1 los lazos de hermandad\u00bb entre ambos pa\u00edses, sino que adem\u00e1s \u00abpermitir\u00e1 identificar nuevas sinergias comerciales y seguir generando espacios para el di\u00e1logo franco y abierto\u00bb. El mandatario, que tendr\u00e1 una amplia [&hellip;]<\/p>\n","protected":false},"author":3,"featured_media":0,"comment_status":"open","ping_status":"open","sticky":false,"template":"","format":"standard","meta":{"footnotes":""},"categories":[23],"tags":[],"class_list":["post-249201","post","type-post","status-publish","format-standard","hentry","category-internacional"],"_links":{"self":[{"href":"https:\/\/diariodominicano.com\/index.php?rest_route=\/wp\/v2\/posts\/249201","targetHints":{"allow":["GET"]}}],"collection":[{"href":"https:\/\/diariodominicano.com\/index.php?rest_route=\/wp\/v2\/posts"}],"about":[{"href":"https:\/\/diariodominicano.com\/index.php?rest_route=\/wp\/v2\/types\/post"}],"author":[{"embeddable":true,"href":"https:\/\/diariodominicano.com\/index.php?rest_route=\/wp\/v2\/users\/3"}],"replies":[{"embeddable":true,"href":"https:\/\/diariodominicano.com\/index.php?rest_route=%2Fwp%2Fv2%2Fcomments&post=249201"}],"version-history":[{"count":0,"href":"https:\/\/diariodominicano.com\/index.php?rest_route=\/wp\/v2\/posts\/249201\/revisions"}],"wp:attachment":[{"href":"https:\/\/diariodominicano.com\/index.php?rest_route=%2Fwp%2Fv2%2Fmedia&parent=249201"}],"wp:term":[{"taxonomy":"category","embeddable":true,"href":"https:\/\/diariodominicano.com\/index.php?rest_route=%2Fwp%2Fv2%2Fcategories&post=249201"},{"taxonomy":"post_tag","embeddable":true,"href":"https:\/\/diariodominicano.com\/index.php?rest_route=%2Fwp%2Fv2%2Ftags&post=249201"}],"curies":[{"name":"wp","href":"https:\/\/api.w.org\/{rel}","templated":true}]}}