{"id":249198,"date":"2016-07-29T23:54:22","date_gmt":"2016-07-29T23:54:22","guid":{"rendered":"http:\/\/diariodominicano.ddns.net\/?p=249198"},"modified":"2016-07-29T23:54:22","modified_gmt":"2016-07-29T23:54:22","slug":"primer-inculpacion-en-la-investigacion-sobre-el-cura-degollado-en-francia","status":"publish","type":"post","link":"https:\/\/diariodominicano.com\/?p=249198","title":{"rendered":"Primer inculpaci\u00f3n en la investigaci\u00f3n sobre el cura degollado en Francia"},"content":{"rendered":"<p><body><\/p>\n<p><img decoding=\"async\" src=\"img3\/093975cb008f19d58a0e53c78f869ce055556934.jpg\" \/><br \/><img decoding=\"async\" src=\"img3\/2fe075904d97715120d0916e154d43bd1fbf7adf.jpg\" \/><br \/><img decoding=\"async\" src=\"img3\/35c093adb750c87fcc69accb81f4b5c857d5afb5.jpg\" \/>  <\/p>\n<p><strong>29 Jul 2016<\/strong><\/p>\n<\/p>\n<p>AFP \/ Charly Triballeau<\/p>\n<p>Musulmanes dejan flores y observan un minuto de silencio frente a la iglesia en Saint-Etienne-du-Rouvray en Francia donde un cura fue asesinado, el 29 de julio de 2016<\/p>\n<p>Tres d\u00edas despu\u00e9s del asesinato de un cura en una iglesia en Francia, la investigaci\u00f3n sobre el entorno de los dos asesinos segu\u00eda progresando y el viernes se produjo la primera acusaci\u00f3n.<\/p>\n<p>Un joven de 19 a\u00f1os, en cuya casa fue encontrado tres d\u00edas antes del atentado en la iglesia de Saint-\u00c9tienne-du-Rouvray (noroeste) un video de los dos autores del asesinato del cura degollado, fue acusado del delito de asociaci\u00f3n de malhechores con fines terroristas, indic\u00f3 una fuente judicial.<\/p>\n<p>El v\u00eddeo encontrado en un tel\u00e9fono en el domicilio del detenido mostraba a Abdel Malik Petitjean, uno de los asesinos, jurando lealtad al grupo Estado Isl\u00e1mico (EI) y evocando una \u00abacci\u00f3n violenta\u00bb.<\/p>\n<p>El grupo yihadista reivindic\u00f3 el ataque contra la iglesia en el que el cura Jacques Hamel, de 85 a\u00f1os, fue asesinado.<\/p>\n<p>Otras tres personas segu\u00edan en detenci\u00f3n preventiva el viernes por la noche: un refugiado sirio, un franc\u00e9s de 30 a\u00f1os del entorno de Petitjean y un menor de 16 a\u00f1os cuyo hermano, amigo del otro asesino, Adel Kermiche, se march\u00f3 a la zona de Siria e Irak en marzo de 2015.<\/p>\n<p>Tanto Petitjean como Kermiche estaban fichados por los servicios de inteligencia antes de pasar al acto y el segundo estuvo en prisi\u00f3n durante 10 meses a la espera de juicio por haber intentado en dos ocasiones viajar a Siria.<\/p>\n<\/p>\n<p>AFP \/ Charly Triballeau<\/p>\n<p>Una mujer musulmana deja flores el 29 de julio de 2016frente a la iglesia donde fue degollado el cura Jacques Hamel, en Saint-Etienne-du-Rouvray en Francia <\/p>\n<p>Este hecho ha provocado una oleada de cr\u00edticas en Francia y varios dirigentes pol\u00edticos han exigido la dimisi\u00f3n del primer ministro, Manuel Valls, y del titular del Interior, Bernard Cazeneuve.<\/p>\n<p>El viernes, Valls admiti\u00f3 por primera vez un \u00abfracaso\u00bb de la justicia y urgi\u00f3 a adaptar las pr\u00e1cticas judiciales al fen\u00f3meno yihadista.<\/p>\n<p>\u00abEsto debe llevar a los jueces a un enfoque diferente, caso por caso, teniendo en cuenta las pr\u00e1cticas de disimulo de los yihadistas\u00bb, dijo en una entrevista con el diario Le Monde, subrayando su respeto por el equilibrio de poderes y el respeto al \u00abEstado de derecho\u00bb.<\/p>\n<p>El expresidente Nicolas Sarkozy acus\u00f3 al ejecutivo de estar \u00abparalizado\u00bb por las \u00abargucias jur\u00eddicas\u00bb en la lucha contra el terrorismo. El partido que preside, Los Republicanos (derecha) pidi\u00f3 el viernes al primer ministro \u00abmedidas a la altura\u00bb de las circunstancias y m\u00e1s acci\u00f3n.<\/p>\n<p>La presidenta del Frente Nacional (extrema derecha) Marine Le Pen arremeti\u00f3 contra la derecha y la izquierda considerando que el gobierno viv\u00eda en la \u00absimulaci\u00f3n\u00bb y la oposici\u00f3n, en la \u00abagitaci\u00f3n\u00bb.<\/p>\n<p>&#8211; Comuni\u00f3n en la pena &#8211;<\/p>\n<p>Traumatizados por el asesinato del anciano religioso mientras celebraba la misa, los cat\u00f3licos de Francia fueron invitados a ayunar el viernes, as\u00ed como los protestantes por sus federaciones. Los jud\u00edos y los musulmanes fueron llamados por sus responsables a acudir a las iglesias el domingo en se\u00f1al de solidaridad.<\/p>\n<\/p>\n<p>AFP \/ Charly Triballeau<\/p>\n<p>Dos mujeres encienden unas velas en la iglesia de Santa Teresa, en Saint-Etienne-du-Rouvray, el 29 de julio de 2016, en homenaje al sacerdote asesinado hace tres d\u00edas en un ataque reivindicado por el grupo yihadista Estado Isl\u00e1mico (EI)<\/p>\n<p>El viernes continuaron los homenajes. En Saint-Etienne-du-Rouvray, cat\u00f3licos y musulmanes rezaron juntos en memoria del padre Hamel, primero en la otra iglesia de la ciudad que permanece abierta y despu\u00e9s en la mezquita aleda\u00f1a.<\/p>\n<p>\u00abCompart\u00eds nuestro dolor. Este dolor es tambi\u00e9n el vuestro\u00bb, declar\u00f3 el cura de la ciudad, Auguste Moanda.<\/p>\n<p>La uni\u00f3n pol\u00edtica contra el peligro periodista, ya en peligro tras los atentados del 13 de noviembre en Par\u00eds (130 muertos) estall\u00f3 por los aires tras el atentado de Niza (84 muertos), a pocos meses de las primarias antes de las elecciones presidenciales de abril de 2017.<\/p>\n<p>La extrema derecha y ciertos l\u00edderes de la derecha llamaron a la dimisi\u00f3n de Manuel Valls.<\/p>\n<p>El primer ministro se mostr\u00f3 este viernes a favor de prohibir la financiaci\u00f3n extranjera de las mezquitas y se\u00f1al\u00f3 que es necesario \u00abinventar una nueva relaci\u00f3n\u00bb con el islam en Francia y que los imanes sean formados en el pa\u00eds.<\/p>\n<p>Tras reunirse con el presidente Fran\u00e7ois Hollande, el rector de la gran mezquita de Par\u00eds Dalil Boubakeur tambi\u00e9n sugiri\u00f3 la necesidad de \u00abuna cierta reforma de las instituciones\u00bb del islam.<\/p>\n<h6> 2016-07-29 23:54:22 <\/h6>\n<p><!--\n<link rel=\"stylesheet\" href=\"css\/bootstrap.min.css\">\n\n\n<ul class=\"pagination\">\n\t    \n\t\n\n<li >\n\t<a href='?page_no=18842'>Previous<\/a>\n\t<\/li>\n\n\n       \n    \n\n<li><a href='?page_no=1'>1<\/a><\/li>\n\n\n\n<li><a href='?page_no=2'>2<\/a><\/li>\n\n\n\n<li><a>...<\/a><\/li>\n\n\n\n<li><a href='?page_no=18841'>18841<\/a><\/li>\n\n\n\n<li><a href='?page_no=18842'>18842<\/a><\/li>\n\n\n\n<li class='active'><a>18843<\/a><\/li>\n\n\n\n<li><a href='?page_no=18844'>18844<\/a><\/li>\n\n\n\n<li><a href='?page_no=18845'>18845<\/a><\/li>\n\n\n\n<li><a>...<\/a><\/li>\n\n\n\n<li><a href='?page_no=51012'>51012<\/a><\/li>\n\n\n\n<li><a href='?page_no=51013'>51013<\/a><\/li>\n\n    \n\t\n\n<li >\n\t<a href='?page_no=18844'>Next<\/a>\n\t<\/li>\n\n\n    \n\n<li><a href='?page_no=51013'>Last &rsaquo;&rsaquo;<\/a><\/li>\n\n<\/ul>\n\n\n--><br \/>\n<\/body><\/p>\n","protected":false},"excerpt":{"rendered":"<p>29 Jul 2016 AFP \/ Charly Triballeau Musulmanes dejan flores y observan un minuto de silencio frente a la iglesia en Saint-Etienne-du-Rouvray en Francia donde un cura fue asesinado, el 29 de julio de 2016 Tres d\u00edas despu\u00e9s del asesinato de un cura en una iglesia en Francia, la investigaci\u00f3n sobre el entorno de los [&hellip;]<\/p>\n","protected":false},"author":3,"featured_media":0,"comment_status":"open","ping_status":"open","sticky":false,"template":"","format":"standard","meta":{"footnotes":""},"categories":[23],"tags":[],"class_list":["post-249198","post","type-post","status-publish","format-standard","hentry","category-internacional"],"_links":{"self":[{"href":"https:\/\/diariodominicano.com\/index.php?rest_route=\/wp\/v2\/posts\/249198","targetHints":{"allow":["GET"]}}],"collection":[{"href":"https:\/\/diariodominicano.com\/index.php?rest_route=\/wp\/v2\/posts"}],"about":[{"href":"https:\/\/diariodominicano.com\/index.php?rest_route=\/wp\/v2\/types\/post"}],"author":[{"embeddable":true,"href":"https:\/\/diariodominicano.com\/index.php?rest_route=\/wp\/v2\/users\/3"}],"replies":[{"embeddable":true,"href":"https:\/\/diariodominicano.com\/index.php?rest_route=%2Fwp%2Fv2%2Fcomments&post=249198"}],"version-history":[{"count":0,"href":"https:\/\/diariodominicano.com\/index.php?rest_route=\/wp\/v2\/posts\/249198\/revisions"}],"wp:attachment":[{"href":"https:\/\/diariodominicano.com\/index.php?rest_route=%2Fwp%2Fv2%2Fmedia&parent=249198"}],"wp:term":[{"taxonomy":"category","embeddable":true,"href":"https:\/\/diariodominicano.com\/index.php?rest_route=%2Fwp%2Fv2%2Fcategories&post=249198"},{"taxonomy":"post_tag","embeddable":true,"href":"https:\/\/diariodominicano.com\/index.php?rest_route=%2Fwp%2Fv2%2Ftags&post=249198"}],"curies":[{"name":"wp","href":"https:\/\/api.w.org\/{rel}","templated":true}]}}