{"id":249197,"date":"2016-07-30T00:03:29","date_gmt":"2016-07-30T00:03:29","guid":{"rendered":"http:\/\/diariodominicano.ddns.net\/?p=249197"},"modified":"2016-07-30T00:03:29","modified_gmt":"2016-07-30T00:03:29","slug":"fue-bombardeado-un-servicio-de-maternidad-en-el-norte-de-siria","status":"publish","type":"post","link":"https:\/\/diariodominicano.com\/?p=249197","title":{"rendered":"Fue bombardeado un servicio de maternidad en el norte de Siria"},"content":{"rendered":"<p><body><\/p>\n<p><img decoding=\"async\" src=\"img3\/e39f5aecaf21723c6da9e22c74c5974267cdd5c4.jpg\" \/>  <\/p>\n<\/p>\n<p>29 Jul 2016<\/p>\n<\/p>\n<p>AFP \/ George Ourfalian<\/p>\n<p>El humo se eleva tras un bombardeo el 28 de julio de 2016 en Bani Zeid, en las afueras de Alepo<\/p>\n<p>Una unidad de maternidad mantenida por Save the Children fue bombardeada en la provincia siria de Idleb (en el noroeste del pa\u00eds) y hay \u00abv\u00edctimas\u00bb, anunci\u00f3 este viernes en Twitter esta ONG.<\/p>\n<p>Por su parte, el Observatorio Sirio de Derechos Humanos (OSDH) afirm\u00f3 que un hospital de la localidad de Kafar Takharim, en Idleb, hab\u00eda sido bombardeado este viernes y pr\u00e1cticamente \u00abno estaba operativo a causa de las destrucciones\u00bb, informando de que hab\u00eda heridos.<\/p>\n<p>Seg\u00fan Save the Children el hospital daba servicio a unas 1.000 personas.<\/p>\n<p>El OSDH no precis\u00f3 si los bombardeos hab\u00edan sido llevados a cabo por aviones del Gobierno o por los de su aliado ruso.<\/p>\n<p>Varios hospitales y cl\u00ednicas en zonas rebeldes de Siria han sufrido bombardeos a\u00e9reos del r\u00e9gimen, en particular en las provincias de Idleb y Alepo (norte).<\/p>\n<p>La semana pasada los bombardeos a\u00e9reos da\u00f1aron en 24 horas cuatro hospitales de campa\u00f1a y un banco de sangre en el sector rebelde y asediado de Alepo, la segunda ciudad del pa\u00eds.<\/p>\n<p>El conflicto en Siria ha causado m\u00e1s de 280.000 muertos y ha empujado a la huida a millones de personas<\/p>\n<h6> 2016-07-30 00:03:29 <\/h6>\n<p><!--\n<link rel=\"stylesheet\" href=\"css\/bootstrap.min.css\">\n\n\n<ul class=\"pagination\">\n\t    \n\t\n\n<li >\n\t<a href='?page_no=18841'>Previous<\/a>\n\t<\/li>\n\n\n       \n    \n\n<li><a href='?page_no=1'>1<\/a><\/li>\n\n\n\n<li><a href='?page_no=2'>2<\/a><\/li>\n\n\n\n<li><a>...<\/a><\/li>\n\n\n\n<li><a href='?page_no=18840'>18840<\/a><\/li>\n\n\n\n<li><a href='?page_no=18841'>18841<\/a><\/li>\n\n\n\n<li class='active'><a>18842<\/a><\/li>\n\n\n\n<li><a href='?page_no=18843'>18843<\/a><\/li>\n\n\n\n<li><a href='?page_no=18844'>18844<\/a><\/li>\n\n\n\n<li><a>...<\/a><\/li>\n\n\n\n<li><a href='?page_no=51012'>51012<\/a><\/li>\n\n\n\n<li><a href='?page_no=51013'>51013<\/a><\/li>\n\n    \n\t\n\n<li >\n\t<a href='?page_no=18843'>Next<\/a>\n\t<\/li>\n\n\n    \n\n<li><a href='?page_no=51013'>Last &rsaquo;&rsaquo;<\/a><\/li>\n\n<\/ul>\n\n\n--><br \/>\n<\/body><\/p>\n","protected":false},"excerpt":{"rendered":"<p>29 Jul 2016 AFP \/ George Ourfalian El humo se eleva tras un bombardeo el 28 de julio de 2016 en Bani Zeid, en las afueras de Alepo Una unidad de maternidad mantenida por Save the Children fue bombardeada en la provincia siria de Idleb (en el noroeste del pa\u00eds) y hay \u00abv\u00edctimas\u00bb, anunci\u00f3 este [&hellip;]<\/p>\n","protected":false},"author":3,"featured_media":0,"comment_status":"open","ping_status":"open","sticky":false,"template":"","format":"standard","meta":{"footnotes":""},"categories":[23],"tags":[],"class_list":["post-249197","post","type-post","status-publish","format-standard","hentry","category-internacional"],"_links":{"self":[{"href":"https:\/\/diariodominicano.com\/index.php?rest_route=\/wp\/v2\/posts\/249197","targetHints":{"allow":["GET"]}}],"collection":[{"href":"https:\/\/diariodominicano.com\/index.php?rest_route=\/wp\/v2\/posts"}],"about":[{"href":"https:\/\/diariodominicano.com\/index.php?rest_route=\/wp\/v2\/types\/post"}],"author":[{"embeddable":true,"href":"https:\/\/diariodominicano.com\/index.php?rest_route=\/wp\/v2\/users\/3"}],"replies":[{"embeddable":true,"href":"https:\/\/diariodominicano.com\/index.php?rest_route=%2Fwp%2Fv2%2Fcomments&post=249197"}],"version-history":[{"count":0,"href":"https:\/\/diariodominicano.com\/index.php?rest_route=\/wp\/v2\/posts\/249197\/revisions"}],"wp:attachment":[{"href":"https:\/\/diariodominicano.com\/index.php?rest_route=%2Fwp%2Fv2%2Fmedia&parent=249197"}],"wp:term":[{"taxonomy":"category","embeddable":true,"href":"https:\/\/diariodominicano.com\/index.php?rest_route=%2Fwp%2Fv2%2Fcategories&post=249197"},{"taxonomy":"post_tag","embeddable":true,"href":"https:\/\/diariodominicano.com\/index.php?rest_route=%2Fwp%2Fv2%2Ftags&post=249197"}],"curies":[{"name":"wp","href":"https:\/\/api.w.org\/{rel}","templated":true}]}}