{"id":249196,"date":"2016-07-30T00:09:33","date_gmt":"2016-07-30T00:09:33","guid":{"rendered":"http:\/\/diariodominicano.ddns.net\/?p=249196"},"modified":"2016-07-30T00:09:33","modified_gmt":"2016-07-30T00:09:33","slug":"erdogan-dice-a-occidente-que-se-ocupe-de-sus-propios-asuntos","status":"publish","type":"post","link":"https:\/\/diariodominicano.com\/?p=249196","title":{"rendered":"Erdogan dice a Occidente que se ocupe \u00abde sus propios asuntos\u00bb"},"content":{"rendered":"<p><body><\/p>\n<p><img decoding=\"async\" src=\"img3\/af4f0e03fa420dd6f4f4660f39a2b0b1c1cd4c8b.jpg\" \/><br \/><img decoding=\"async\" src=\"img3\/40460ba70b15ba29d01277f5d69476f48575954d.jpg\" \/><br \/><img decoding=\"async\" src=\"img3\/1445e998bca35a34bceeb1f2b59482789253597f.jpg\" \/>  <\/p>\n<p>30 Jul 2016<\/p>\n<\/p>\n<p>TURKISH PRESIDENTIAL PRESS OFFICE\/AFP \/ Kayhan Ozer<\/p>\n<p>El presidente turco, Recep Tayyip Erdogan, saluda al comandante de la gendarmer\u00eda turca, Yasar Guler, el 29 de julio de 2016 en el complejo presidencial de Ankara<\/p>\n<p>El presidente turco Recep Tayyip Erdogan advirti\u00f3 este viernes a la Uni\u00f3n Europea y a Estados Unidos que se ocupen \u00abde sus propios asuntos\u00bb, despu\u00e9s de que varios l\u00edderes occidentales han se\u00f1alado su preocupaci\u00f3n por las masivas represalias tras el intento de golpe de Estado.<\/p>\n<p>Desde el 15 de julio, m\u00e1s de 18.000 personas han sufrido alg\u00fan tipo de detenci\u00f3n. Cerca de 10.000 han sido perseguidas y puestas en detenci\u00f3n preventiva y 3.500 han sido liberadas, seg\u00fan cifras del ministerio del Interior.<\/p>\n<p>\u00abAlgunos nos dan consejos. Dicen que est\u00e1n preocupados. \u00a1Preoc\u00fapense de sus propios asuntos! Miren sus propias acciones\u00bb, afirm\u00f3 Erdogan desde el palacio presidencial, donde anunci\u00f3 que ordenar\u00e1, como gesto de buena voluntad, la cancelaci\u00f3n de todas las querellas contra las personas acusadas de haberlo insultado, unas 2.000.<\/p>\n<p>La intensa purga tras el fallido golpe de Estado en Turqu\u00eda alcanz\u00f3 el viernes al mundo de los negocios con la detenci\u00f3n de tres importantes empresarios, al tiempo que seis periodistas quedaron bajo arresto.<\/p>\n<p>El jueves por la noche, la presidencia anunci\u00f3 importantes cambios en el seno del ej\u00e9rcito, con la mitad de sus generales suspendidos, tras una reuni\u00f3n del consejo militar supremo en Ankara y el viernes primer ministro turco Binali Yildirim afirm\u00f3 el ej\u00e9rcito ha sido \u00ablimpiado\u00bb de elementos favorables al predicador en el exilio Fethullah Gulen, acusado por Ankara de haber orquestado el golpe de Estado fallido del 15 de julio.<\/p>\n<p>\u00abHemos limpiado al ej\u00e9rcito de los elementos de la red terrorista Gulen que se disfrazaban de soldados\u00bb declar\u00f3 el jefe de gobierno en un discurso pronunciado en el palacio presidencial de Ankara, dos d\u00edas despu\u00e9s de la destituci\u00f3n de la mitad de los generales del ej\u00e9rcito.<\/p>\n<p>&#8211; Se\u00f1ala a general estadounidense &#8211;<\/p>\n<\/p>\n<p>AFP \/ Adem Altan<\/p>\n<p>El ministro de Exteriores turco, Mevlut Cavusoglu, habla a los medios el 29 de julio de 2016 en Ankara <\/p>\n<p>El portavoz de la presidencia, Ibrahim Kalin, se\u00f1al\u00f3 que el vicejefe del Estado Mayor, el general Yasar Guler, dirigir\u00eda la gendarmer\u00eda y que el comandante del primer ej\u00e9rcito, el general Umit Dundar, asumir\u00eda las funciones de jefe adjunto del Estado Mayor.<\/p>\n<p>El jefe del Estado Mayor, el general Hulusi Akar &#8212; que se enfrent\u00f3 a los golpistas y fue tomado como reh\u00e9n &#8212; seguir\u00e1 en su puesto, as\u00ed como los jefes de los ej\u00e9rcitos de tierra, aire y mar, agreg\u00f3 Kalin.<\/p>\n<p>Para compensar el vac\u00edo dejado en la jerarqu\u00eda del ej\u00e9rcito turco, numerosos oficiales de rango inferior fueron r\u00e1pidamente ascendidos.<\/p>\n<p>M\u00e1s temprano, Erdogan aprovech\u00f3 una ceremonia en un centro de entrenamiento militar cerca de Ankara, bombardeado el 15 de julio, para acusar a un general estadounidense de \u00abestar del lado de los golpistas\u00bb.<\/p>\n<p>El general estadounidense Joseph Votel, comandante de las operaciones del Pent\u00e1gono en Oriente Medio, hab\u00eda declarado el jueves que tem\u00eda \u00abel impacto\u00bb de las purgas masivas en el seno del ej\u00e9rcito en las relaciones que Washington mantiene con varios jefes militares turcos.<\/p>\n<p>\u00abEst\u00e1 del lado de los golpistas (&#8230;) El que plane\u00f3 el golpe ya est\u00e1 en su pa\u00eds y lo est\u00e1n alimentando\u00bb, asegur\u00f3 Erdogan, dijo en referencia a Gulen.<\/p>\n<p>El antiguo im\u00e1n siempre ha desmentido que estuviera implicado en el fallido golpe.<\/p>\n<p>&#8211; Los medios en primera l\u00ednea &#8211;<\/p>\n<p>Mustafa Boydak, presidente del conglomerado familiar Boydak Holding Company, fue arrestado provisionalmente en la ciudad de Kayseri, en el centro de Turqu\u00eda, junto a dos dirigentes de su grupo, anunci\u00f3 Anadolu.<\/p>\n<\/p>\n<p>TURKISH PRESIDENTIAL PRESS OFFICE\/AFP \/ Kayhan Ozer<\/p>\n<p>El presidente turco, Recep Tayyip Erdogan, firma un decreto durante una reuni\u00f3n con el consejo militar y el primer ministro, Binali Yildirim, el 28 de julio de 2016 en Ankara<\/p>\n<p>Estos dos hombres, Sukru Boydak y Halit Boydak, fueron detenidos en su domicilio. La polic\u00eda tambi\u00e9n buscaba al presidente del grupo, Haci Boydak, y a Ilyas y Bekir Boydak, contra quienes tambi\u00e9n se emitieron \u00f3rdenes de arresto.<\/p>\n<p>El grupo Boydak Holding tiene intereses en energ\u00eda, finanzas y muebles, sector en el que posee marcas tan conocidas en Turqu\u00eda como Istikbal y Bellona.<\/p>\n<p>Mustafa Boydak tambi\u00e9n es el presidente de la c\u00e1mara de comercio de Kayseri, una ciudad en pleno desarrollo que forma parte de los llamados \u00abTigres de Anatolia\u00bb.<\/p>\n<p>La econom\u00eda turca se basa en grandes grupos familiares que poseen la mayor\u00eda de empresas del pa\u00eds, las cuales han contribuido a la ascensi\u00f3n pol\u00edtica del presidente Erdogan.<\/p>\n<p>Junto al ej\u00e9rcito, el mundo del periodismo ha sido el m\u00e1s afectado por estas purgas.<\/p>\n<p>El viernes, 21 periodistas detenidos comparecieron ante un tribunal de Estambul.<\/p>\n<p>En los primeros minutos del viernes las autoridades anunciaron que 17 de los periodistas quedaron en detenci\u00f3n, entre ellos figura Nazli Ilicak, exdiputada, que fue despedida del diario progubernamental Sabah en 2013 despu\u00e9s de criticar a varios ministros relacionados con un esc\u00e1ndalo de corrupci\u00f3n, orquestado, seg\u00fan Ankara, por G\u00fclen.<\/p>\n<p>Durante la jornada sus colegas se manifestaron ante el tribunal para apoyarlos.<\/p>\n<h6> 2016-07-30 00:09:33 <\/h6>\n<p><!--\n<link rel=\"stylesheet\" href=\"css\/bootstrap.min.css\">\n\n\n<ul class=\"pagination\">\n\t    \n\t\n\n<li >\n\t<a href='?page_no=18840'>Previous<\/a>\n\t<\/li>\n\n\n       \n    \n\n<li><a href='?page_no=1'>1<\/a><\/li>\n\n\n\n<li><a href='?page_no=2'>2<\/a><\/li>\n\n\n\n<li><a>...<\/a><\/li>\n\n\n\n<li><a href='?page_no=18839'>18839<\/a><\/li>\n\n\n\n<li><a href='?page_no=18840'>18840<\/a><\/li>\n\n\n\n<li class='active'><a>18841<\/a><\/li>\n\n\n\n<li><a href='?page_no=18842'>18842<\/a><\/li>\n\n\n\n<li><a href='?page_no=18843'>18843<\/a><\/li>\n\n\n\n<li><a>...<\/a><\/li>\n\n\n\n<li><a href='?page_no=51012'>51012<\/a><\/li>\n\n\n\n<li><a href='?page_no=51013'>51013<\/a><\/li>\n\n    \n\t\n\n<li >\n\t<a href='?page_no=18842'>Next<\/a>\n\t<\/li>\n\n\n    \n\n<li><a href='?page_no=51013'>Last &rsaquo;&rsaquo;<\/a><\/li>\n\n<\/ul>\n\n\n--><br \/>\n<\/body><\/p>\n","protected":false},"excerpt":{"rendered":"<p>30 Jul 2016 TURKISH PRESIDENTIAL PRESS OFFICE\/AFP \/ Kayhan Ozer El presidente turco, Recep Tayyip Erdogan, saluda al comandante de la gendarmer\u00eda turca, Yasar Guler, el 29 de julio de 2016 en el complejo presidencial de Ankara El presidente turco Recep Tayyip Erdogan advirti\u00f3 este viernes a la Uni\u00f3n Europea y a Estados Unidos que [&hellip;]<\/p>\n","protected":false},"author":3,"featured_media":0,"comment_status":"open","ping_status":"open","sticky":false,"template":"","format":"standard","meta":{"footnotes":""},"categories":[23],"tags":[],"class_list":["post-249196","post","type-post","status-publish","format-standard","hentry","category-internacional"],"_links":{"self":[{"href":"https:\/\/diariodominicano.com\/index.php?rest_route=\/wp\/v2\/posts\/249196","targetHints":{"allow":["GET"]}}],"collection":[{"href":"https:\/\/diariodominicano.com\/index.php?rest_route=\/wp\/v2\/posts"}],"about":[{"href":"https:\/\/diariodominicano.com\/index.php?rest_route=\/wp\/v2\/types\/post"}],"author":[{"embeddable":true,"href":"https:\/\/diariodominicano.com\/index.php?rest_route=\/wp\/v2\/users\/3"}],"replies":[{"embeddable":true,"href":"https:\/\/diariodominicano.com\/index.php?rest_route=%2Fwp%2Fv2%2Fcomments&post=249196"}],"version-history":[{"count":0,"href":"https:\/\/diariodominicano.com\/index.php?rest_route=\/wp\/v2\/posts\/249196\/revisions"}],"wp:attachment":[{"href":"https:\/\/diariodominicano.com\/index.php?rest_route=%2Fwp%2Fv2%2Fmedia&parent=249196"}],"wp:term":[{"taxonomy":"category","embeddable":true,"href":"https:\/\/diariodominicano.com\/index.php?rest_route=%2Fwp%2Fv2%2Fcategories&post=249196"},{"taxonomy":"post_tag","embeddable":true,"href":"https:\/\/diariodominicano.com\/index.php?rest_route=%2Fwp%2Fv2%2Ftags&post=249196"}],"curies":[{"name":"wp","href":"https:\/\/api.w.org\/{rel}","templated":true}]}}