{"id":249194,"date":"2016-07-30T07:37:57","date_gmt":"2016-07-30T07:37:57","guid":{"rendered":"http:\/\/diariodominicano.ddns.net\/?p=249194"},"modified":"2016-07-30T07:37:57","modified_gmt":"2016-07-30T07:37:57","slug":"el-papa-pide-a-la-iglesia-polaca-abrir-las-puertas-y-huir-de-los-poderes-del-mundo","status":"publish","type":"post","link":"https:\/\/diariodominicano.com\/?p=249194","title":{"rendered":"El papa pide a la iglesia polaca \u00ababrir las puertas\u00bb y huir de los \u00abpoderes del mundo\u00bb"},"content":{"rendered":"<p><body><\/p>\n<p><img decoding=\"async\" src=\"img3\/f1fd35bf2cba345d9d288e3b903fe5df32bc9a9d.jpg\" \/>  <\/p>\n<p><strong>30 Jul 2016<\/strong><\/p>\n<p><strong>AFP \/ Filippo Monteforte<\/strong><\/p>\n<p><strong>El papa Francisco oficina una misa en el santuario de la Divina Misericordia de Cracovia (Polonia) el 30 de julio de 2016<\/strong><\/p>\n<p>El papa Francisco exhort\u00f3 a la iglesia polaca a \u00ababrir las puertas\u00bb, usando la c\u00e9lebre exhortaci\u00f3n de Juan Pablo II, venerado en su pa\u00eds, durante la misa celebrada este s\u00e1bado en las afueras de Cracovia.<\/p>\n<p>El papa pidi\u00f3 a la iglesia polaca que \u00abhuya de los estrados vacilantes de los poderes del mundo\u00bb durante la misa celebrada en el santuario de San Juan Pablo II, el pont\u00edfice polaco al que canoniz\u00f3 hace dos a\u00f1os.<\/p>\n<p>\u00abEn nuestra vida de sacerdotes se puede tener con frecuencia la tentaci\u00f3n de quedare un poco encerrados, por miedo o por comodidad\u00bb, dijo el papa.<\/p>\n<p>\u00abA Jes\u00fas no le gustan las puertas entreabiertas, las vidas de doble v\u00eda\u00bb, le \u00abgusta el riesgo y salir\u00bb, agreg\u00f3 Francisco.<\/p>\n<p>\u00abEl Se\u00f1or&#8230; huye de las situaciones gratificantes que lo pondr\u00edan en el centro, no se sube a los estrados vacilantes de los poderes del mundo y no se adapta a la comodidades que aflojan la evangelizaci\u00f3n\u00bb, record\u00f3 el pont\u00edfice durante la misa solemne ante m\u00e1s de dos mil religiosos, entre ellos la jerarqu\u00eda de la iglesia polaca, tradicionalmente muy cercana al poder pol\u00edtico.<\/p>\n<p>Francisco dedic\u00f3 parte de su pen\u00faltima jornada en Polonia a rendir homenaje a la figura carism\u00e1tica de Juan Pablo II, que rein\u00f3 durante 27 a\u00f1os y que marc\u00f3 la historia de la Iglesia cat\u00f3lica de finales del siglo XX.<\/p>\n<p>Despu\u00e9s rezar en la capilla de santa Faustina, una m\u00edstica polaca que fue canonizada durante el pontificado de Juan Pablo II, visit\u00f3 el santuario del papa polaco, construido en Lagiewniki, la f\u00e1brica de soda donde trabaj\u00f3 durante su juventud Karol Wojtyla.<\/p>\n<p>El recinto acoge reliquias del pont\u00edfice polaco, aunque su cuerpo est\u00e1 enterrado en la Bas\u00edlica de San Pedro, en El Vaticano.<\/p>\n<p>Para muchos polacos, Francisco sigue siendo el n\u00famero dos, una rivalidad que los organizadores del viaje papal han evitado reforzar, ya que se notan pocas fotos, pancartas, y banderolas en las calles dedicadas a los dos pont\u00edfices.<\/p>\n<p>Despu\u00e9s del almuerzo con 12 j\u00f3venes de los cinco continentes en el arzobispado, donde se aloja, el pont\u00edfice se trasladar\u00e1 al Campo de la Misericordia, a las afueras de la ciudad, donde m\u00e1s de medio mill\u00f3n de j\u00f3venes pasar\u00e1n acampados toda la noche de este s\u00e1bado para compartir y meditar bajo las estrellas sobre \u00abla fe y la fraternidad\u00bb, convocados para la Jornada Mundial de la Juventud.<\/p>\n<h6> 2016-07-30 07:37:57 <\/h6>\n<p><!--\n<link rel=\"stylesheet\" href=\"css\/bootstrap.min.css\">\n\n\n<ul class=\"pagination\">\n\t    \n\t\n\n<li >\n\t<a href='?page_no=18838'>Previous<\/a>\n\t<\/li>\n\n\n       \n    \n\n<li><a href='?page_no=1'>1<\/a><\/li>\n\n\n\n<li><a href='?page_no=2'>2<\/a><\/li>\n\n\n\n<li><a>...<\/a><\/li>\n\n\n\n<li><a href='?page_no=18837'>18837<\/a><\/li>\n\n\n\n<li><a href='?page_no=18838'>18838<\/a><\/li>\n\n\n\n<li class='active'><a>18839<\/a><\/li>\n\n\n\n<li><a href='?page_no=18840'>18840<\/a><\/li>\n\n\n\n<li><a href='?page_no=18841'>18841<\/a><\/li>\n\n\n\n<li><a>...<\/a><\/li>\n\n\n\n<li><a href='?page_no=51012'>51012<\/a><\/li>\n\n\n\n<li><a href='?page_no=51013'>51013<\/a><\/li>\n\n    \n\t\n\n<li >\n\t<a href='?page_no=18840'>Next<\/a>\n\t<\/li>\n\n\n    \n\n<li><a href='?page_no=51013'>Last &rsaquo;&rsaquo;<\/a><\/li>\n\n<\/ul>\n\n\n--><br \/>\n<\/body><\/p>\n","protected":false},"excerpt":{"rendered":"<p>30 Jul 2016 AFP \/ Filippo Monteforte El papa Francisco oficina una misa en el santuario de la Divina Misericordia de Cracovia (Polonia) el 30 de julio de 2016 El papa Francisco exhort\u00f3 a la iglesia polaca a \u00ababrir las puertas\u00bb, usando la c\u00e9lebre exhortaci\u00f3n de Juan Pablo II, venerado en su pa\u00eds, durante la [&hellip;]<\/p>\n","protected":false},"author":3,"featured_media":0,"comment_status":"open","ping_status":"open","sticky":false,"template":"","format":"standard","meta":{"footnotes":""},"categories":[23],"tags":[],"class_list":["post-249194","post","type-post","status-publish","format-standard","hentry","category-internacional"],"_links":{"self":[{"href":"https:\/\/diariodominicano.com\/index.php?rest_route=\/wp\/v2\/posts\/249194","targetHints":{"allow":["GET"]}}],"collection":[{"href":"https:\/\/diariodominicano.com\/index.php?rest_route=\/wp\/v2\/posts"}],"about":[{"href":"https:\/\/diariodominicano.com\/index.php?rest_route=\/wp\/v2\/types\/post"}],"author":[{"embeddable":true,"href":"https:\/\/diariodominicano.com\/index.php?rest_route=\/wp\/v2\/users\/3"}],"replies":[{"embeddable":true,"href":"https:\/\/diariodominicano.com\/index.php?rest_route=%2Fwp%2Fv2%2Fcomments&post=249194"}],"version-history":[{"count":0,"href":"https:\/\/diariodominicano.com\/index.php?rest_route=\/wp\/v2\/posts\/249194\/revisions"}],"wp:attachment":[{"href":"https:\/\/diariodominicano.com\/index.php?rest_route=%2Fwp%2Fv2%2Fmedia&parent=249194"}],"wp:term":[{"taxonomy":"category","embeddable":true,"href":"https:\/\/diariodominicano.com\/index.php?rest_route=%2Fwp%2Fv2%2Fcategories&post=249194"},{"taxonomy":"post_tag","embeddable":true,"href":"https:\/\/diariodominicano.com\/index.php?rest_route=%2Fwp%2Fv2%2Ftags&post=249194"}],"curies":[{"name":"wp","href":"https:\/\/api.w.org\/{rel}","templated":true}]}}