{"id":249193,"date":"2016-07-30T07:45:38","date_gmt":"2016-07-30T07:45:38","guid":{"rendered":"http:\/\/diariodominicano.ddns.net\/?p=249193"},"modified":"2016-07-30T07:45:38","modified_gmt":"2016-07-30T07:45:38","slug":"la-policia-detiene-a-dos-personas-que-planeaban-atentados-en-belgica","status":"publish","type":"post","link":"https:\/\/diariodominicano.com\/?p=249193","title":{"rendered":"La polic\u00eda detiene a dos personas que planeaban atentados en B\u00e9lgica"},"content":{"rendered":"<p><body><\/p>\n<p><img decoding=\"async\" src=\"img3\/3ac842b139bd8053295cfa151559bd38d5f60357.jpg\" \/>  <\/p>\n<\/p>\n<p>30 Jul 2016<\/p>\n<\/p>\n<p><strong>AFP\/Archivos \/ John Thys<\/strong><\/p>\n<p><strong>Un soldado belga monta guardia en la estaci\u00f3n de metro de Maelbeek, en Bruselas, el 25 de abril de 2016, d\u00eda de su reapertura tras los atentados del 22 de marzo<\/strong><\/p>\n<p>Dos personas sospechosas de planear ataques en B\u00e9lgica fueron arrestadas el viernes por la noche en el marco de una investigaci\u00f3n por terrorismo, anunci\u00f3 este s\u00e1bado la fiscal\u00eda belga.<\/p>\n<p>Los dos hombres, Nourreidine H. y su hermano Hamza H., fueron detenidos tras una serie de registros en la regi\u00f3n de Mons (oeste) y Lieja (este), indic\u00f3 la fiscal\u00eda en un comunicado.<\/p>\n<p>\u00abEn base a los resultados provisionales de la investigaci\u00f3n, parece que habr\u00eda habido proyectos de atentados en B\u00e9lgica\u00bb, se\u00f1alaba el comunicado, que a\u00f1ad\u00eda que ambos fueron trasladados para comparecer.<\/p>\n<p>Mientras que en su comunicado en franc\u00e9s la fiscal\u00eda se refer\u00eda a que los detenidos planeaban \u00abataques\u00bb en plural, la versi\u00f3n en ingl\u00e9s recog\u00eda que \u00abambos son sospechosos de planear un ataque terrorista en alg\u00fan lugar de B\u00e9lgica\u00bb, en singular.<\/p>\n<p>El juez de instrucci\u00f3n deber\u00e1 decidir durante la jornada si los mantiene detenidos o no.<\/p>\n<p>La fiscal\u00eda precis\u00f3 que no exist\u00eda ning\u00fan v\u00ednculo entre este caso y la investigaci\u00f3n de los atentados del 22 de marzo en el aeropuerto internacional de Bruselas y en la estaci\u00f3n de metro de Maelbeek (Bruselas), que causaron 32 muertos.<\/p>\n<h6> 2016-07-30 07:45:38 <\/h6>\n<p><!--\n<link rel=\"stylesheet\" href=\"css\/bootstrap.min.css\">\n\n\n<ul class=\"pagination\">\n\t    \n\t\n\n<li >\n\t<a href='?page_no=18837'>Previous<\/a>\n\t<\/li>\n\n\n       \n    \n\n<li><a href='?page_no=1'>1<\/a><\/li>\n\n\n\n<li><a href='?page_no=2'>2<\/a><\/li>\n\n\n\n<li><a>...<\/a><\/li>\n\n\n\n<li><a href='?page_no=18836'>18836<\/a><\/li>\n\n\n\n<li><a href='?page_no=18837'>18837<\/a><\/li>\n\n\n\n<li class='active'><a>18838<\/a><\/li>\n\n\n\n<li><a href='?page_no=18839'>18839<\/a><\/li>\n\n\n\n<li><a href='?page_no=18840'>18840<\/a><\/li>\n\n\n\n<li><a>...<\/a><\/li>\n\n\n\n<li><a href='?page_no=51012'>51012<\/a><\/li>\n\n\n\n<li><a href='?page_no=51013'>51013<\/a><\/li>\n\n    \n\t\n\n<li >\n\t<a href='?page_no=18839'>Next<\/a>\n\t<\/li>\n\n\n    \n\n<li><a href='?page_no=51013'>Last &rsaquo;&rsaquo;<\/a><\/li>\n\n<\/ul>\n\n\n--><br \/>\n<\/body><\/p>\n","protected":false},"excerpt":{"rendered":"<p>30 Jul 2016 AFP\/Archivos \/ John Thys Un soldado belga monta guardia en la estaci\u00f3n de metro de Maelbeek, en Bruselas, el 25 de abril de 2016, d\u00eda de su reapertura tras los atentados del 22 de marzo Dos personas sospechosas de planear ataques en B\u00e9lgica fueron arrestadas el viernes por la noche en el [&hellip;]<\/p>\n","protected":false},"author":3,"featured_media":0,"comment_status":"open","ping_status":"open","sticky":false,"template":"","format":"standard","meta":{"footnotes":""},"categories":[23],"tags":[],"class_list":["post-249193","post","type-post","status-publish","format-standard","hentry","category-internacional"],"_links":{"self":[{"href":"https:\/\/diariodominicano.com\/index.php?rest_route=\/wp\/v2\/posts\/249193","targetHints":{"allow":["GET"]}}],"collection":[{"href":"https:\/\/diariodominicano.com\/index.php?rest_route=\/wp\/v2\/posts"}],"about":[{"href":"https:\/\/diariodominicano.com\/index.php?rest_route=\/wp\/v2\/types\/post"}],"author":[{"embeddable":true,"href":"https:\/\/diariodominicano.com\/index.php?rest_route=\/wp\/v2\/users\/3"}],"replies":[{"embeddable":true,"href":"https:\/\/diariodominicano.com\/index.php?rest_route=%2Fwp%2Fv2%2Fcomments&post=249193"}],"version-history":[{"count":0,"href":"https:\/\/diariodominicano.com\/index.php?rest_route=\/wp\/v2\/posts\/249193\/revisions"}],"wp:attachment":[{"href":"https:\/\/diariodominicano.com\/index.php?rest_route=%2Fwp%2Fv2%2Fmedia&parent=249193"}],"wp:term":[{"taxonomy":"category","embeddable":true,"href":"https:\/\/diariodominicano.com\/index.php?rest_route=%2Fwp%2Fv2%2Fcategories&post=249193"},{"taxonomy":"post_tag","embeddable":true,"href":"https:\/\/diariodominicano.com\/index.php?rest_route=%2Fwp%2Fv2%2Ftags&post=249193"}],"curies":[{"name":"wp","href":"https:\/\/api.w.org\/{rel}","templated":true}]}}