{"id":249192,"date":"2016-07-30T07:51:08","date_gmt":"2016-07-30T07:51:08","guid":{"rendered":"http:\/\/diariodominicano.ddns.net\/?p=249192"},"modified":"2016-07-30T07:51:08","modified_gmt":"2016-07-30T07:51:08","slug":"seguridad-reforzada-en-el-aeropuerto-de-amsterdam-ante-amenazas-terroristas","status":"publish","type":"post","link":"https:\/\/diariodominicano.com\/?p=249192","title":{"rendered":"Seguridad reforzada en el aeropuerto de \u00c1msterdam ante amenazas terroristas"},"content":{"rendered":"<p><body><\/p>\n<p><img decoding=\"async\" src=\"img3\/32b86573da4607938e8926caf7a2acf104340709.jpg\" \/>  <\/p>\n<p><strong>30 Jul 2016<\/strong><\/p>\n<p><strong>ANP\/AFP \/ Remko de Waal<\/strong><\/p>\n<p><strong>La polic\u00eda militar holandesa patrulla en el aeropuerto de Schiphol, en \u00c1msterdam, el 30 de julio de 2016<\/strong><\/p>\n<p>Las autoridades holandesas reforzaron este s\u00e1bado las medidas de seguridad en el aeropuerto de \u00c1msterdam-Schiphol despu\u00e9s de recibir una \u00abinformaci\u00f3n en relaci\u00f3n al aeropuerto\u00bb en el contexto actual de amenaza terrorista en Europa, informaron la municipalidad de Haarlemmemeer y la polic\u00eda militar.<\/p>\n<p>\u00abEn una reuni\u00f3n con el alcalde, la oficina de la fiscal\u00eda, el jefe de la polic\u00eda militar y la polic\u00eda municipal de Haarlemmermeer, de acuerdo con el NCTV (servicio holand\u00e9s de lucha antiterrorista), se ha decidido tomar medidas de seguridad adicionales en el aeropuerto de Schiphol y sus alrededores\u00bb, inform\u00f3 en un comunicado la municipalidad.<\/p>\n<p>Los lugares siguen siendo accesibles y los vuelos contin\u00faan, a\u00f1adi\u00f3 el texto.<\/p>\n<p>\u00abSchiphol es suficientemente seguro para que los vuelos est\u00e9n garantizados\u00bb, precis\u00f3 a la AFP Marlous Deridder, portavoz de la polic\u00eda militar holandesa.<\/p>\n<p>El servicio de lucha antiterrorista se tom\u00f3 en serio la informaci\u00f3n recibida, de la que no se han dado detalles, seg\u00fan la radiotelevisi\u00f3n p\u00fablica holandesa NOS.<\/p>\n<p>Esta \u00abse\u00f1al se inscribe en la evaluaci\u00f3n de la amenaza nacional, que es sustancial desde 2013. Como en el resto de Holanda, entra en vigor una vigilancia adicional en Schiphol. Es el mismo caso que en otros aeropuertos europeos\u00bb, explicaron las autoridades municipales.<\/p>\n<p>Despu\u00e9s de los atentados en los aeropuertos de Bruselas y de Estambul, la seguridad ser\u00e1 reforzada en Schiphol de manera \u00abvisible e invisible\u00bb, agreg\u00f3 Deridder, explicando que los viajeros ver\u00e1n m\u00e1s oficiales en las terminales.<\/p>\n<p>Las medidas adicionales se mantendr\u00e1n \u00abtanto tiempo como sea necesario\u00bb, agreg\u00f3 Deridder.<\/p>\n<p>Por Schiphol, situado a 16 kil\u00f3metros de \u00c1msterdam, transitan cada a\u00f1o unos 50 millones de pasajeros.<\/p>\n<h6> 2016-07-30 07:51:08 <\/h6>\n<p><!--\n<link rel=\"stylesheet\" href=\"css\/bootstrap.min.css\">\n\n\n<ul class=\"pagination\">\n\t    \n\t\n\n<li >\n\t<a href='?page_no=18836'>Previous<\/a>\n\t<\/li>\n\n\n       \n    \n\n<li><a href='?page_no=1'>1<\/a><\/li>\n\n\n\n<li><a href='?page_no=2'>2<\/a><\/li>\n\n\n\n<li><a>...<\/a><\/li>\n\n\n\n<li><a href='?page_no=18835'>18835<\/a><\/li>\n\n\n\n<li><a href='?page_no=18836'>18836<\/a><\/li>\n\n\n\n<li class='active'><a>18837<\/a><\/li>\n\n\n\n<li><a href='?page_no=18838'>18838<\/a><\/li>\n\n\n\n<li><a href='?page_no=18839'>18839<\/a><\/li>\n\n\n\n<li><a>...<\/a><\/li>\n\n\n\n<li><a href='?page_no=51012'>51012<\/a><\/li>\n\n\n\n<li><a href='?page_no=51013'>51013<\/a><\/li>\n\n    \n\t\n\n<li >\n\t<a href='?page_no=18838'>Next<\/a>\n\t<\/li>\n\n\n    \n\n<li><a href='?page_no=51013'>Last &rsaquo;&rsaquo;<\/a><\/li>\n\n<\/ul>\n\n\n--><br \/>\n<\/body><\/p>\n","protected":false},"excerpt":{"rendered":"<p>30 Jul 2016 ANP\/AFP \/ Remko de Waal La polic\u00eda militar holandesa patrulla en el aeropuerto de Schiphol, en \u00c1msterdam, el 30 de julio de 2016 Las autoridades holandesas reforzaron este s\u00e1bado las medidas de seguridad en el aeropuerto de \u00c1msterdam-Schiphol despu\u00e9s de recibir una \u00abinformaci\u00f3n en relaci\u00f3n al aeropuerto\u00bb en el contexto actual de [&hellip;]<\/p>\n","protected":false},"author":3,"featured_media":0,"comment_status":"open","ping_status":"open","sticky":false,"template":"","format":"standard","meta":{"footnotes":""},"categories":[23],"tags":[],"class_list":["post-249192","post","type-post","status-publish","format-standard","hentry","category-internacional"],"_links":{"self":[{"href":"https:\/\/diariodominicano.com\/index.php?rest_route=\/wp\/v2\/posts\/249192","targetHints":{"allow":["GET"]}}],"collection":[{"href":"https:\/\/diariodominicano.com\/index.php?rest_route=\/wp\/v2\/posts"}],"about":[{"href":"https:\/\/diariodominicano.com\/index.php?rest_route=\/wp\/v2\/types\/post"}],"author":[{"embeddable":true,"href":"https:\/\/diariodominicano.com\/index.php?rest_route=\/wp\/v2\/users\/3"}],"replies":[{"embeddable":true,"href":"https:\/\/diariodominicano.com\/index.php?rest_route=%2Fwp%2Fv2%2Fcomments&post=249192"}],"version-history":[{"count":0,"href":"https:\/\/diariodominicano.com\/index.php?rest_route=\/wp\/v2\/posts\/249192\/revisions"}],"wp:attachment":[{"href":"https:\/\/diariodominicano.com\/index.php?rest_route=%2Fwp%2Fv2%2Fmedia&parent=249192"}],"wp:term":[{"taxonomy":"category","embeddable":true,"href":"https:\/\/diariodominicano.com\/index.php?rest_route=%2Fwp%2Fv2%2Fcategories&post=249192"},{"taxonomy":"post_tag","embeddable":true,"href":"https:\/\/diariodominicano.com\/index.php?rest_route=%2Fwp%2Fv2%2Ftags&post=249192"}],"curies":[{"name":"wp","href":"https:\/\/api.w.org\/{rel}","templated":true}]}}