{"id":249191,"date":"2016-07-30T13:44:32","date_gmt":"2016-07-30T13:44:32","guid":{"rendered":"http:\/\/diariodominicano.ddns.net\/?p=249191"},"modified":"2016-07-30T13:44:32","modified_gmt":"2016-07-30T13:44:32","slug":"detienen-a-joven-relacionado-con-autor-de-ataque-a-iglesia-francesa","status":"publish","type":"post","link":"https:\/\/diariodominicano.com\/?p=249191","title":{"rendered":"Detienen a joven relacionado con autor de ataque a iglesia francesa"},"content":{"rendered":"<p><body><\/p>\n<p><img decoding=\"async\" src=\"img3\/iglesia-francia.jpg\" \/>  <\/p>\n<\/p>\n<p><span class=\"text1noticias\">  <\/span><\/p>\n<p><span class=\"text1noticias\">Par\u00eds, 30 jul (PL) Un menor de 17 a\u00f1os al parecer cercano a uno de los autores del atentado en una iglesia de Normand\u00eda fue detenido en Ginebra y entregado a las autoridades de Francia, inform\u00f3 hoy la prensa local.<\/span><\/p>\n<\/p>\n<p><span class=\"text1noticias\">El adolescente intent\u00f3 partir hacia Siria en 2015 junto a Adel Kermiche, uno de los atacantes, y este mes trat\u00f3 nuevamente de hacer el viaje, pero fue interceptado y retenido por las autoridades suizas.<\/span><\/p>\n<\/p>\n<p><span class=\"text1noticias\">Seg\u00fan fuentes judiciales citadas por la prensa local, el joven fue entregado a Francia, donde los acusan de asociaci\u00f3n de malhechores con fines terroristas.<\/span><\/p>\n<\/p>\n<p><span class=\"text1noticias\">De todas formas, por el momento ning\u00fan indicio apunta a que est\u00e9 implicado en el ataque de esta semana contra la iglesia, cometido por Kermiche y Abdel Malik Petitjean.<\/span><\/p>\n<\/p>\n<p><span class=\"text1noticias\">Las investigaciones sobre el hecho, en que muri\u00f3 degollado un sacerdote, contin\u00faan con el interrogatorio de dos sospechosos: un primo de Malik Petitjean y un demandante de asilo sirio cuyo pasaporte fue encontrado en la residencia de Kermiche.<\/span><\/p>\n<\/p>\n<p><span class=\"text1noticias\">Por otro lado, un adolescente de 16 a\u00f1os relacionado con los autores fue liberado tras descartar implicaciones en el hecho, pero las autoridades lo contin\u00faan investigando pues en su ordenador encontraron b\u00fasquedas frecuentes en sitios relacionados con el extremismo y la actividad del Estado Isl\u00e1mico.<\/span><\/p>\n<\/p>\n<h6> 2016-07-30 13:44:32 <\/h6>\n<p><!--\n<link rel=\"stylesheet\" href=\"css\/bootstrap.min.css\">\n\n\n<ul class=\"pagination\">\n\t    \n\t\n\n<li >\n\t<a href='?page_no=18835'>Previous<\/a>\n\t<\/li>\n\n\n       \n    \n\n<li><a href='?page_no=1'>1<\/a><\/li>\n\n\n\n<li><a href='?page_no=2'>2<\/a><\/li>\n\n\n\n<li><a>...<\/a><\/li>\n\n\n\n<li><a href='?page_no=18834'>18834<\/a><\/li>\n\n\n\n<li><a href='?page_no=18835'>18835<\/a><\/li>\n\n\n\n<li class='active'><a>18836<\/a><\/li>\n\n\n\n<li><a href='?page_no=18837'>18837<\/a><\/li>\n\n\n\n<li><a href='?page_no=18838'>18838<\/a><\/li>\n\n\n\n<li><a>...<\/a><\/li>\n\n\n\n<li><a href='?page_no=51012'>51012<\/a><\/li>\n\n\n\n<li><a href='?page_no=51013'>51013<\/a><\/li>\n\n    \n\t\n\n<li >\n\t<a href='?page_no=18837'>Next<\/a>\n\t<\/li>\n\n\n    \n\n<li><a href='?page_no=51013'>Last &rsaquo;&rsaquo;<\/a><\/li>\n\n<\/ul>\n\n\n--><br \/>\n<\/body><\/p>\n","protected":false},"excerpt":{"rendered":"<p>Par\u00eds, 30 jul (PL) Un menor de 17 a\u00f1os al parecer cercano a uno de los autores del atentado en una iglesia de Normand\u00eda fue detenido en Ginebra y entregado a las autoridades de Francia, inform\u00f3 hoy la prensa local. El adolescente intent\u00f3 partir hacia Siria en 2015 junto a Adel Kermiche, uno de los [&hellip;]<\/p>\n","protected":false},"author":3,"featured_media":0,"comment_status":"open","ping_status":"open","sticky":false,"template":"","format":"standard","meta":{"footnotes":""},"categories":[23],"tags":[],"class_list":["post-249191","post","type-post","status-publish","format-standard","hentry","category-internacional"],"_links":{"self":[{"href":"https:\/\/diariodominicano.com\/index.php?rest_route=\/wp\/v2\/posts\/249191","targetHints":{"allow":["GET"]}}],"collection":[{"href":"https:\/\/diariodominicano.com\/index.php?rest_route=\/wp\/v2\/posts"}],"about":[{"href":"https:\/\/diariodominicano.com\/index.php?rest_route=\/wp\/v2\/types\/post"}],"author":[{"embeddable":true,"href":"https:\/\/diariodominicano.com\/index.php?rest_route=\/wp\/v2\/users\/3"}],"replies":[{"embeddable":true,"href":"https:\/\/diariodominicano.com\/index.php?rest_route=%2Fwp%2Fv2%2Fcomments&post=249191"}],"version-history":[{"count":0,"href":"https:\/\/diariodominicano.com\/index.php?rest_route=\/wp\/v2\/posts\/249191\/revisions"}],"wp:attachment":[{"href":"https:\/\/diariodominicano.com\/index.php?rest_route=%2Fwp%2Fv2%2Fmedia&parent=249191"}],"wp:term":[{"taxonomy":"category","embeddable":true,"href":"https:\/\/diariodominicano.com\/index.php?rest_route=%2Fwp%2Fv2%2Fcategories&post=249191"},{"taxonomy":"post_tag","embeddable":true,"href":"https:\/\/diariodominicano.com\/index.php?rest_route=%2Fwp%2Fv2%2Ftags&post=249191"}],"curies":[{"name":"wp","href":"https:\/\/api.w.org\/{rel}","templated":true}]}}