{"id":249189,"date":"2016-07-30T14:25:39","date_gmt":"2016-07-30T14:25:39","guid":{"rendered":"http:\/\/diariodominicano.ddns.net\/?p=249189"},"modified":"2016-07-30T14:25:39","modified_gmt":"2016-07-30T14:25:39","slug":"viaja-canciller-colombiana-a-ee-uu-a-dialogo-de-alto-nivel","status":"publish","type":"post","link":"https:\/\/diariodominicano.com\/?p=249189","title":{"rendered":"&#13;Viaja canciller colombiana a EE.UU. a dialogo de alto nivel\t &#13;"},"content":{"rendered":"<p><body><\/p>\n<p><img decoding=\"async\" src=\"img3\/maria-angela-holguin.jpg\" \/>  <\/p>\n<\/p>\n<p>Bogot\u00e1, 30 jul (PL) La canciller colombiana, Mar\u00eda \u00c1ngela Holgu\u00edn, viajar\u00e1 el pr\u00f3ximo lunes Washington para tratar temas prioritarios de la relaci\u00f3n estrat\u00e9gica sobre cooperaci\u00f3n con el gobierno estadounidense, como parte de la IV reuni\u00f3n anual al m\u00e1s alto nivel. <\/p>\n<\/p>\n<p>Ese mecanismo de los nexos entre ambos pa\u00edses involucra a 40 instituciones de ambos pa\u00edses, precisa un comunicado del ministerio de relaciones exteriores difundido en Bogot\u00e1.<\/p>\n<\/p>\n<p>El dialogo se realizar\u00e1 en la sede del Departamento de Estado y sesionar\u00e1 en cinco grupos de trabajo en materia de Educaci\u00f3n, Cultura y Deporte; Ambiente; Energ\u00eda; Oportunidades Econ\u00f3micas y Sociales; y Democracia, Buen Gobierno y Derechos Humanos; e incluye el Comit\u00e9 de Ciencia y Tecnolog\u00eda.<\/p>\n<\/p>\n<p>Asimismo, la IV cita analizar\u00e1 el tema de la participaci\u00f3n de Estados Unidos en la denominada etapa del postconflicto, tras la firma de los acuerdos de paz entre el Ejecutivo Nacional y las Fuerzas Armadas Revolucionarias de Colombia-Ej\u00e9rcito del Pueblo, cuyo di\u00e1logo tiene por sede a Cuba.<\/p>\n<\/p>\n<p>De la misma manera se discutir\u00e1n los programas crecientes de cooperaci\u00f3n en biling\u00fcismo y movilidad acad\u00e9mica, intercambios de diplomacia deportiva y cultural; cooperaci\u00f3n mutua en energ\u00eda limpia, cambio clim\u00e1tico y conservaci\u00f3n de marinas.<\/p>\n<\/p>\n<p>Un segmento de colaboraci\u00f3n y cooperaci\u00f3n en temas de innovaci\u00f3n, desarrollo de peque\u00f1os negocios, emprendimientos, turismo, buen gobierno, derechos humanos y ciencia y tecnolog\u00eda estar\u00e1n a su vez en la agenda del encuentro binacional.<\/p>\n<\/p>\n<p>El anterior encuentro al m\u00e1s alto nivel se realiz\u00f3 en abril de 2015 en esta capital, encabezada por Holgu\u00edn y el Secretario de Estado Adjunto de Estados Unidos, Antony Blinken.<\/p>\n<h6> 2016-07-30 14:25:39 <\/h6>\n<p><!--\n<link rel=\"stylesheet\" href=\"css\/bootstrap.min.css\">\n\n\n<ul class=\"pagination\">\n\t    \n\t\n\n<li >\n\t<a href='?page_no=18833'>Previous<\/a>\n\t<\/li>\n\n\n       \n    \n\n<li><a href='?page_no=1'>1<\/a><\/li>\n\n\n\n<li><a href='?page_no=2'>2<\/a><\/li>\n\n\n\n<li><a>...<\/a><\/li>\n\n\n\n<li><a href='?page_no=18832'>18832<\/a><\/li>\n\n\n\n<li><a href='?page_no=18833'>18833<\/a><\/li>\n\n\n\n<li class='active'><a>18834<\/a><\/li>\n\n\n\n<li><a href='?page_no=18835'>18835<\/a><\/li>\n\n\n\n<li><a href='?page_no=18836'>18836<\/a><\/li>\n\n\n\n<li><a>...<\/a><\/li>\n\n\n\n<li><a href='?page_no=51012'>51012<\/a><\/li>\n\n\n\n<li><a href='?page_no=51013'>51013<\/a><\/li>\n\n    \n\t\n\n<li >\n\t<a href='?page_no=18835'>Next<\/a>\n\t<\/li>\n\n\n    \n\n<li><a href='?page_no=51013'>Last &rsaquo;&rsaquo;<\/a><\/li>\n\n<\/ul>\n\n\n--><br \/>\n<\/body><\/p>\n","protected":false},"excerpt":{"rendered":"<p>Bogot\u00e1, 30 jul (PL) La canciller colombiana, Mar\u00eda \u00c1ngela Holgu\u00edn, viajar\u00e1 el pr\u00f3ximo lunes Washington para tratar temas prioritarios de la relaci\u00f3n estrat\u00e9gica sobre cooperaci\u00f3n con el gobierno estadounidense, como parte de la IV reuni\u00f3n anual al m\u00e1s alto nivel. Ese mecanismo de los nexos entre ambos pa\u00edses involucra a 40 instituciones de ambos pa\u00edses, [&hellip;]<\/p>\n","protected":false},"author":3,"featured_media":0,"comment_status":"open","ping_status":"open","sticky":false,"template":"","format":"standard","meta":{"footnotes":""},"categories":[23],"tags":[],"class_list":["post-249189","post","type-post","status-publish","format-standard","hentry","category-internacional"],"_links":{"self":[{"href":"https:\/\/diariodominicano.com\/index.php?rest_route=\/wp\/v2\/posts\/249189","targetHints":{"allow":["GET"]}}],"collection":[{"href":"https:\/\/diariodominicano.com\/index.php?rest_route=\/wp\/v2\/posts"}],"about":[{"href":"https:\/\/diariodominicano.com\/index.php?rest_route=\/wp\/v2\/types\/post"}],"author":[{"embeddable":true,"href":"https:\/\/diariodominicano.com\/index.php?rest_route=\/wp\/v2\/users\/3"}],"replies":[{"embeddable":true,"href":"https:\/\/diariodominicano.com\/index.php?rest_route=%2Fwp%2Fv2%2Fcomments&post=249189"}],"version-history":[{"count":0,"href":"https:\/\/diariodominicano.com\/index.php?rest_route=\/wp\/v2\/posts\/249189\/revisions"}],"wp:attachment":[{"href":"https:\/\/diariodominicano.com\/index.php?rest_route=%2Fwp%2Fv2%2Fmedia&parent=249189"}],"wp:term":[{"taxonomy":"category","embeddable":true,"href":"https:\/\/diariodominicano.com\/index.php?rest_route=%2Fwp%2Fv2%2Fcategories&post=249189"},{"taxonomy":"post_tag","embeddable":true,"href":"https:\/\/diariodominicano.com\/index.php?rest_route=%2Fwp%2Fv2%2Ftags&post=249189"}],"curies":[{"name":"wp","href":"https:\/\/api.w.org\/{rel}","templated":true}]}}